{"id":276950,"date":"2025-07-27T07:50:12","date_gmt":"2025-07-27T07:50:12","guid":{"rendered":"https:\/\/www.europesays.com\/fr\/276950\/"},"modified":"2025-07-27T07:50:12","modified_gmt":"2025-07-27T07:50:12","slug":"le-livre-mon-vrai-nom-est-elisabeth-dadele-yon-est-le-phenomene-de-lete-on-vous-raconte","status":"publish","type":"post","link":"https:\/\/www.europesays.com\/fr\/276950\/","title":{"rendered":"Le livre \u00ab\u00a0Mon vrai nom est \u00c9lisabeth\u00a0\u00bb d\u2019Ad\u00e8le Yon est le ph\u00e9nom\u00e8ne de l\u2019\u00e9t\u00e9, on vous raconte"},"content":{"rendered":"<p>        <img decoding=\"async\" loading=\"lazy\" src=\"https:\/\/www.europesays.com\/fr\/wp-content\/uploads\/2025\/07\/41440f5_upload-1-7lkvycllwfcn-000-372f9qp.jpg\"  width=\"728\" height=\"410\" alt=\"Ad\u00e8le Yon, ici au mois de mars 2025, \u00e0 Paris.\"\/>  <\/p>\n<p>JOEL SAGET \/ AFP<\/p>\n<p>Ad\u00e8le Yon, ici au mois de mars 2025, \u00e0 Paris.<\/p>\n<p class=\"asset asset-text\">LITT\u00c9RATURE &#8211; Le grand prix des lectrices de ELLE, le prix litt\u00e9raire du <a href=\"https:\/\/www.huffingtonpost.fr\/medias\/article\/l-obs-redevient-le-nouvel-obs-pour-ses-60-ans-annonce-sa-directrice-cecile-prieur_230492.html\" target=\"_blank\" rel=\"noopener\">Nouvel Obs<\/a>, celui du Barreau de <a href=\"https:\/\/www.huffingtonpost.fr\/environnement\/article\/incendie-a-marseille-cette-image-satellite-resume-l-ampleur-du-feu-qui-a-touche-la-cite-phoceenne_252384.html\" target=\"_blank\" rel=\"noopener\">Marseille<\/a>, ou encore du meilleur essai selon <a href=\"https:\/\/www.huffingtonpost.fr\/medias\/article\/prime-video-et-france-televisions-contre-attaquent-apres-le-deal-de-tf1-et-netflix_252176.html\" target=\"_blank\" rel=\"noopener\">France T\u00e9l\u00e9visions<\/a>\u2026 Depuis sa parution aux \u00e9ditions du sous-sol en f\u00e9vrier dernier, le roman d\u2019Ad\u00e8le Yon Mon vrai nom est \u00c9lisabeth remporte tout sur son chemin, au point d\u2019\u00eatre un carton cet \u00e9t\u00e9.<\/p>\n<p class=\"asset asset-text\">\u00ab\u00a0C\u2019est ph\u00e9nom\u00e9nal. Plus de 85\u00a0000 exemplaires ont \u00e9t\u00e9 vendus. Sans compter qu\u2019une douzaine de traductions ont d\u2019ores et d\u00e9j\u00e0 \u00e9t\u00e9 sign\u00e9es\u00a0\u00bb, s\u2019emballe son \u00e9diteur Adrien Bosc dans les colonnes du <a href=\"https:\/\/www.lefigaro.fr\/livres\/adele-yon-le-phenomene-litteraire-completement-fou-qui-secoue-la-librairie-20250713\" target=\"_blank\" rel=\"noopener\" title=\"Nouvelle fen\u00eatre\">Figaro<\/a>, selon qui le texte r\u00e9unit \u00e0 la fois le grand public et les grands lecteurs avec un livre \u00ab\u00a0qui n\u2019en est pas un, mais dix \u00e0 la fois\u00a0\u00bb.<\/p>\n<p class=\"asset asset-text\">\u00c0 cheval entre l\u2019autofiction, l\u2019essai et le plaidoyer f\u00e9ministe, son histoire est une enqu\u00eate, celle de son autrice elle-m\u00eame. Tout commence \u00e0 25\u00a0ans en pleine relation toxique, quand Ad\u00e8le Yon craint de devenir folle. Quelques ann\u00e9es plus tard, l\u2019affaire s\u2019emballe. Elle d\u00e9couvre une photo d\u2019identit\u00e9 dans les affaires d\u2019un grand-oncle, qui vient de se suicider.<\/p>\n<p>    L\u2019histoire de Betsy    <\/p>\n<p class=\"asset asset-text\">Dessus, une vieille dame\u00a0: elle a non seulement le visage \u00e9teint, mais aussi deux marques sur les tempes, les signes d\u2019une lobotomie. Cette femme, c\u2019est son arri\u00e8re-grand-m\u00e8re \u00c9lisabeth, une a\u00efeule dont le pr\u00e9nom s\u2019il a disparu des discussions s\u2019est toutefois transmis de g\u00e9n\u00e9ration en g\u00e9n\u00e9ration dans la famille. On la disait schizophr\u00e8ne.<\/p>\n<p class=\"asset asset-text\">Ad\u00e8le Yon s\u2019interroge. Cela pourrait-il \u00eatre h\u00e9r\u00e9ditaire, comme l\u2019ont aussi envisag\u00e9 les autres femmes de son entourage\u00a0? La jeune chercheuse en \u00e9tudes cin\u00e9matographiques creuse, d\u00e9terre et reconstitue le pass\u00e9, la v\u00e9rit\u00e9 sur \u00c9lisabeth.<\/p>\n<p class=\"asset asset-text\">Celle qu\u2019on surnommait Betsy a mis le feu \u00e0 l\u2019\u00e2ge de 23\u00a0ans au ch\u00e2teau o\u00f9 ses noces devaient avoir lieu, en 1940. Finalement, le mariage se tient comme pr\u00e9vu, et la jeune femme \u00e9pouse Andr\u00e9, un polytechnicien autoritaire avec qui elle aura six enfants. Elle, qui n\u2019en a d\u00e9sir\u00e9 aucun, vit mal, tr\u00e8s mal chaque naissance.<\/p>\n<p class=\"asset asset-text\">\u00c0 une \u00e9poque o\u00f9 le mot de d\u00e9pression post-partum \u00e9tait ignor\u00e9, la psychiatrie la consid\u00e8re comme malade. En 1950, \u00e0 l\u2019instigation de son mari, elle subit une lobotomie, une intervention chirurgicale alors en vogue qui consiste \u00e0 sectionner une portion du cerveau. Longuement intern\u00e9e, Betsy sort 17\u00a0ans plus tard. Mal re\u00e7ue dans sa famille, elle meurt en 1990, sans que son mari lui ait avou\u00e9 vivre avec une autre femme.<\/p>\n<p>                     Les critiques litt\u00e9raires unanimes    <\/p>\n<p class=\"asset asset-text\">Succ\u00e8s en librairie, o\u00f9 le livre caracole toujours parmi les meilleures ventes, tous genres confondus, pr\u00e8s de six mois apr\u00e8s sa sortie, Mon vrai nom est \u00c9lisabeth a conquis la critique. T\u00e9l\u00e9rama lui a d\u00e9cern\u00e9 quatre \u00ab\u00a0T\u00a0\u00bb, et parle d\u2019une \u00ab\u00a0enqu\u00eate minutieuse, \u00e9tay\u00e9e, obstin\u00e9e\u00a0\u00bb. Augustin Trapenard, d\u2019un \u00ab\u00a0livre prodigieux, insens\u00e9 et renversant\u00a0\u00bb.<\/p>\n<p class=\"asset asset-text\">\u00ab\u00a0Hybride et puissant\u00a0\u00bb, selon Le Mondes des livres, le premier roman de la normalienne de 31\u00a0ans est \u00ab\u00a0vraiment r\u00e9volutionnaire\u00a0\u00bb, nous dit France Inter. Si Lib\u00e9ration estime qu\u2019il va \u00ab\u00a0rester en m\u00e9moire\u00a0\u00bb, J\u00e9r\u00f4me Garcin, ex-leader du Masque et la plume, \u00e9crit dans La Provence avoir rarement v\u00e9cu \u00ab\u00a0un tel choc, un tel vertige, une telle \u00e9motion\u00a0\u00bb.<\/p>\n<p> La lecture de ce contenu est susceptible d\u2019entra\u00eener un d\u00e9p\u00f4t de cookies de la part de l\u2019op\u00e9rateur tiers qui l\u2019h\u00e9berge. Compte-tenu des choix que vous avez exprim\u00e9s en mati\u00e8re de d\u00e9p\u00f4t de cookies, nous avons bloqu\u00e9 l\u2019affichage de ce contenu. Si vous souhaitez y acc\u00e9der, vous devez accepter la cat\u00e9gorie de cookies \u201cContenus tiers\u201d en cliquant sur le bouton ci-dessous. <\/p>\n<p> Lire la Vid\u00e9o        <\/p>\n<p class=\"asset asset-text\">Au c\u0153ur des louanges\u00a0? L\u2019incroyable mat\u00e9riel fait de correspondances, mails et rapports psychiatriques qu\u2019Ad\u00e8le Yon a r\u00e9uni pour les besoins de ce qui \u00e9tait initialement une th\u00e8se lui ayant permis de valider son doctorat \u00e0 l\u2019automne dernier. Mais aussi, sa remise en question de l\u2019existence d\u2019une pseudo-h\u00e9r\u00e9dit\u00e9 de \u00ab\u00a0la folie\u00a0\u00bb chez les femmes.<\/p>\n<p class=\"asset asset-text\">\u00ab\u00a0Au d\u00e9part, raconte son autrice dans La grande librairie, il y a vraiment une urgence intime et personnelle \u00e0 comprendre le destin d\u2019\u00c9lisabeth pour comprendre la situation dans laquelle je me trouve, moi. Mais assez rapidement, je me suis rendu compte que toutes les femmes de ma famille \u00e0 un \u00e2ge qui \u00e9tait le mien au d\u00e9but de mon enqu\u00eate ont travers\u00e9 une p\u00e9riode similaire.\u00a0\u00bb<\/p>\n<p>    La \u00ab\u00a0rage folle\u00a0\u00bb d\u2019Ad\u00e8le Yon    <\/p>\n<p class=\"asset asset-text\">L\u2019\u00e9tape d\u2019apr\u00e8s, elle d\u00e9cide d\u2019aborder cette peur de la mal\u00e9diction familiale avec des femmes autour d\u2019elle, et comprend vite que son cas n\u2019est pas isol\u00e9. Le ph\u00e9nom\u00e8ne touche de nombreuses familles. Pour elle, c\u2019est une \u00e9vidence\u00a0: \u00ab\u00a0Il fallait raconter cette histoire de mani\u00e8re plus large pour que toutes ces femmes qui craignent de devenir folles puissent se confronter \u00e0 ce que ces r\u00e9cits qu\u2019on se raconte \u00e0 nous-m\u00eames cachent v\u00e9ritablement.\u00a0\u00bb<\/p>\n<p> La lecture de ce contenu est susceptible d\u2019entra\u00eener un d\u00e9p\u00f4t de cookies de la part de l\u2019op\u00e9rateur tiers qui l\u2019h\u00e9berge. Compte-tenu des choix que vous avez exprim\u00e9s en mati\u00e8re de d\u00e9p\u00f4t de cookies, nous avons bloqu\u00e9 l\u2019affichage de ce contenu. Si vous souhaitez y acc\u00e9der, vous devez accepter la cat\u00e9gorie de cookies \u201cContenus tiers\u201d en cliquant sur le bouton ci-dessous. <\/p>\n<p> Lire la Vid\u00e9o        <\/p>\n<p class=\"asset asset-text\">Les sources sur les lobotomies sont lacunaires. Si elles sont aujourd\u2019hui unanimement condamn\u00e9es par le corps m\u00e9dical, ces op\u00e9rations chirurgicales typiques des ann\u00e9es 1930\u00a0\u00e0 1950\u00a0en Europe et Am\u00e9rique du Nord ont \u00e9t\u00e9 surtout subies par des femmes pour r\u00e9duire leurs capacit\u00e9s et les isoler socialement, d\u2019apr\u00e8s les recherches d\u2019Ad\u00e8le Yon.<\/p>\n<p class=\"asset asset-text\">Son travail est n\u00e9 d\u2019une \u00ab\u00a0rage folle\u00a0\u00bb, celle dans laquelle elle s\u2019est retrouv\u00e9e en d\u00e9couvrant le destin de Betsy. \u00ab\u00a0Une rage dont elle-m\u00eame n\u2019a pas pu profiter puisque l\u2019effet de la lobotomie est d\u2019emp\u00eacher le patient de ressentir tous les sentiments n\u00e9gatifs associ\u00e9s \u00e0 la maladie mentale\u00a0\u00bb, explique l\u2019autrice, toujours au micro de La grande librairie. L\u2019arri\u00e8re-petite-fille d\u2019\u00c9lisabeth n\u2019a pas seulement h\u00e9rit\u00e9 de sa col\u00e8re, elle la lib\u00e8re.<\/p>\n","protected":false},"excerpt":{"rendered":"JOEL SAGET \/ AFP Ad\u00e8le Yon, ici au mois de mars 2025, \u00e0 Paris. LITT\u00c9RATURE &#8211; Le grand&hellip;\n","protected":false},"author":2,"featured_media":276951,"comment_status":"","ping_status":"","sticky":false,"template":"","format":"standard","meta":{"footnotes":""},"categories":[1357],"tags":[1379,251,58,59,1011,27,1351,2003,1380],"class_list":{"0":"post-276950","1":"post","2":"type-post","3":"status-publish","4":"format-standard","5":"has-post-thumbnail","7":"category-livres","8":"tag-books","9":"tag-culture","10":"tag-divertissement","11":"tag-entertainment","12":"tag-fr","13":"tag-france","14":"tag-litterature","15":"tag-livre","16":"tag-livres"},"share_on_mastodon":{"url":"https:\/\/pubeurope.com\/@fr\/114924108167206742","error":""},"_links":{"self":[{"href":"https:\/\/www.europesays.com\/fr\/wp-json\/wp\/v2\/posts\/276950","targetHints":{"allow":["GET"]}}],"collection":[{"href":"https:\/\/www.europesays.com\/fr\/wp-json\/wp\/v2\/posts"}],"about":[{"href":"https:\/\/www.europesays.com\/fr\/wp-json\/wp\/v2\/types\/post"}],"author":[{"embeddable":true,"href":"https:\/\/www.europesays.com\/fr\/wp-json\/wp\/v2\/users\/2"}],"replies":[{"embeddable":true,"href":"https:\/\/www.europesays.com\/fr\/wp-json\/wp\/v2\/comments?post=276950"}],"version-history":[{"count":0,"href":"https:\/\/www.europesays.com\/fr\/wp-json\/wp\/v2\/posts\/276950\/revisions"}],"wp:featuredmedia":[{"embeddable":true,"href":"https:\/\/www.europesays.com\/fr\/wp-json\/wp\/v2\/media\/276951"}],"wp:attachment":[{"href":"https:\/\/www.europesays.com\/fr\/wp-json\/wp\/v2\/media?parent=276950"}],"wp:term":[{"taxonomy":"category","embeddable":true,"href":"https:\/\/www.europesays.com\/fr\/wp-json\/wp\/v2\/categories?post=276950"},{"taxonomy":"post_tag","embeddable":true,"href":"https:\/\/www.europesays.com\/fr\/wp-json\/wp\/v2\/tags?post=276950"}],"curies":[{"name":"wp","href":"https:\/\/api.w.org\/{rel}","templated":true}]}}