{"id":276956,"date":"2025-07-27T07:53:21","date_gmt":"2025-07-27T07:53:21","guid":{"rendered":"https:\/\/www.europesays.com\/fr\/276956\/"},"modified":"2025-07-27T07:53:21","modified_gmt":"2025-07-27T07:53:21","slug":"date-intrigue-casting-tout-ce-que-lon-sait-sur-le-nouveau-film","status":"publish","type":"post","link":"https:\/\/www.europesays.com\/fr\/276956\/","title":{"rendered":"date, intrigue, casting&#8230; tout ce que l&rsquo;on sait sur le nouveau film"},"content":{"rendered":"<p>Apr\u00e8s le succ\u00e8s ph\u00e9nom\u00e9nal du premier Avatar, puis de sa suite <a href=\"https:\/\/www.journaldugeek.com\/critique\/critique-avatar-la-voie-de-leau-lattente-recompensee\/\" target=\"_blank\" rel=\"noopener\">La Voie de l\u2019eau en 2022<\/a> (qui engrangeait plus de <a href=\"https:\/\/www.journaldugeek.com\/2022\/12\/21\/avatar-la-voie-de-leau-fait-il-mieux-au-box-office-que-le-premier\/\" target=\"_blank\" rel=\"noopener\">2,3 milliards de dollars au box-office mondial<\/a>), les fans attendent avec impatience le troisi\u00e8me volet de la saga de James Cameron. Ce nouveau film, intitul\u00e9 Avatar\u00a0: Fire and Ash, promet d\u2019explorer des territoires in\u00e9dits de Pandora, tout en faisant la part belle aux prouesses techniques imagin\u00e9es par James Cameron. \u00c0 quelques mois de la sortie officielle, et alors qu\u2019un premier trailer du film a \u00e9t\u00e9 d\u00e9voil\u00e9 durant la diffusion au cin\u00e9ma des <a href=\"https:\/\/www.journaldugeek.com\/2025\/07\/15\/les-4-fantastiques-on-a-vu-20-minutes-du-film-qui-veut-sauver-marvel\/\" target=\"_blank\" rel=\"noopener\">4 Fantastiques\u00a0: Premiers pas<\/a>, on fait le point sur ce qu\u2019il faut retenir.<\/p>\n<p> L\u2019intrigue\u00a0: de quoi \u00e7a parle\u00a0? <\/p>\n<p>Le titre Fire and Ash (Feu et Cendres) n\u2019a pas \u00e9t\u00e9 choisi au hasard. Tandis qu\u2019Avatar 1 et 2 peignaient une soci\u00e9t\u00e9 Na\u2019vi aux airs de paradis (extra)terrestre, ce troisi\u00e8me opus adoptera une approche r\u00e9solument plus sombre. Dans une <a href=\"https:\/\/www.instagram.com\/fandango\/reel\/C-gdA8pugJG\/\" target=\"_blank\" rel=\"noopener\">interview<\/a>, James Cameron explique\u00a0: \u201cLe feu peut repr\u00e9senter la haine, la violence, le traumatisme, un \u00e9ventuel abus de pouvoir. Les cendres repr\u00e9sentent les cons\u00e9quences de toute cette \u00e9nergie, c\u2019est-\u00e0-dire la douleur et le fait de devoir vivre avec ce que l\u2019on a fait\u201c. Sortez les mouchoirs, il y a du traumatisme et des larmes en perspective.<\/p>\n<p>L\u2019intrigue reprendra directement apr\u00e8s les \u00e9v\u00e9nements d\u2019Avatar 2. Cette nouvelle aventure introduira deux nouveaux clans Na\u2019vi aux philosophies diam\u00e9tralement oppos\u00e9es. D\u2019un c\u00f4t\u00e9, les Marchands du Vent, d\u00e9crits comme un peuple nomade et pacifique qui voyage dans les cieux \u00e0 bord de sortes de montgolfi\u00e8res organiques. De l\u2019autre, le redoutable Peuple des Cendres, qui vit dans des environnements volcaniques.<\/p>\n<p>L\u2019objectif sera ici de d\u00e9passer le manich\u00e9isme des pr\u00e9c\u00e9dents films. Interrog\u00e9 par nos confr\u00e8res de <a href=\"https:\/\/www.20minutes.fr\/cinema\/4013493-20221210-avatar-voie-eau-film-rien-acteurs-estime-james-cameron\" target=\"_blank\" rel=\"noopener\">20 Minutes<\/a>, le r\u00e9alisateur indique\u00a0: \u201cJe veux r\u00e9v\u00e9ler les Na\u2019vis sous un autre angle car, pour l\u2019instant, je n\u2019ai montr\u00e9 que leurs bons c\u00f4t\u00e9s. Dans Avatar 3, nous ferons l\u2019inverse\u201c. Le Peuple des Cendres, dirig\u00e9 par la redoutable Varang, incarnera cette nouvelle complexit\u00e9 morale, faite d\u2019\u00e9preuves et de cicatrices.<\/p>\n<p> Qui sera au casting\u00a0? <\/p>\n<p>Le casting principal de la saga sera de retour pour ce troisi\u00e8me volet. Sam Worthington reprendra son r\u00f4le de Jake Sully, aux c\u00f4t\u00e9s de Zoe Salda\u00f1a dans celui de Neytiri. Sigourney Weaver reviendra dans le r\u00f4le de Kiri, l\u2019enfant adoptive de la famille Sully, tandis que Stephen Lang incarnera une nouvelle fois le Colonel Quaritch.<\/p>\n<p>Parmi les nouveaux visages, plusieurs noms prestigieux ont \u00e9t\u00e9 annonc\u00e9s. Oona Chaplin, petite-fille de Charlie Chaplin et connue pour son r\u00f4le dans Game of Thrones, incarnera Varang, la cheffe impitoyable du Peuple des Cendres. Michelle Yeoh rejoindra la distribution dans le r\u00f4le du Dr Karina Mogue, un personnage scientifique entour\u00e9 de myst\u00e8re. David Thewlis, c\u00e9l\u00e8bre pour son r\u00f4le de Remus Lupin dans Harry Potter, interpr\u00e9tera quant \u00e0 lui Peylak, le chef des Marchands du Vent.\u00a0Kate Winslet sera \u00e9galement de retour apr\u00e8s son r\u00f4le dans Avatar 2. L\u2019occasion pour l\u2019actrice de <a href=\"https:\/\/www.journaldugeek.com\/2025\/02\/09\/avatar-2-quand-kate-winslet-faisait-mieux-que-tom-cruise\/\" target=\"_blank\" rel=\"noopener\">battre un nouveau record du monde<\/a>\u00a0?<\/p>\n<p> Des innovations techniques et une dur\u00e9e record <\/p>\n<p>Fid\u00e8le \u00e0 sa r\u00e9putation, James Cameron promet qu\u2019Avatar 3 \u201cd\u00e9passera les innovations des deux premiers films\u201d. Le r\u00e9alisateur utilisera des technologies de pointe pour rendre les paysages volcaniques et les nouvelles cr\u00e9atures plus r\u00e9alistes que jamais. La saga nous a habitu\u00e9 \u00e0 faire la d\u00e9monstration de toute la ma\u00eetrise technique du r\u00e9alisateur, on lui fait confiance sur ce point.<\/p>\n<p>Concernant la dur\u00e9e, ce troisi\u00e8me volet sera un peu plus long que le second film, qui durait d\u00e9j\u00e0 3h12. Pr\u00e9parez les popcorns, et pensez \u00e0 passer aux toilettes avant.<\/p>\n<p> Quand sort Avatar 3\u00a0? <\/p>\n<p>Contrairement aux <a href=\"https:\/\/www.journaldugeek.com\/2022\/12\/29\/avatar-2-james-cameron-explique-pourquoi-il-a-fallu-attendre-13-ans\/\" target=\"_blank\" rel=\"noopener\">treize ann\u00e9es<\/a> qui s\u00e9paraient le premier Avatar de sa suite, le timing sera consid\u00e9rablement r\u00e9duit pour ce troisi\u00e8me volet. Avatar\u00a0: Fire and Ash sortira dans les salles fran\u00e7aises le 17 d\u00e9cembre 2025. Cette date, confirm\u00e9e par Disney, s\u2019inscrit dans la tradition de la franchise de proposer ses sorties durant la p\u00e9riode de No\u00ebl, p\u00e9riode propice aux blockbusters familiaux.<\/p>\n<p>Pour l\u2019instant, aucun retard n\u2019est pr\u00e9vu. Le tournage du film est pratiquement achev\u00e9 selon James Cameron, qui avait tourn\u00e9 simultan\u00e9ment Avatar 2 et Avatar 3 pour optimiser la production et r\u00e9duire les co\u00fbts. De quoi expliquer une sortie aussi rapide. Les ann\u00e9es \u00e0 venir seront l\u2019occasion de retourner plusieurs fois sur Pandora\u00a0: <a href=\"https:\/\/www.journaldugeek.com\/2024\/02\/05\/james-cameron-donne-des-nouvelles-davatar-3-et-4\/\" target=\"_blank\" rel=\"noopener\">James Cameron veut consacrer cinq films<\/a> \u00e0 son \u00e9pop\u00e9e spatiale.<\/p>\n<blockquote>\n<p class=\"text-base text-neutral-700 dark:text-neutral-300\">\ud83d\udfe3 Pour ne manquer aucune news sur le Journal du Geek, abonnez-vous sur <a href=\"https:\/\/news.google.com\/publications\/CAAqBwgKMNr_hAswwYyCAw?hl=fr&amp;gl=FR&amp;ceid=FR%3Afr\" target=\"_blank\" rel=\"noopener\">Google Actualit\u00e9s<\/a> et sur <a href=\"https:\/\/whatsapp.com\/channel\/0029VaClM5y4tRry12tb7D2h\" target=\"_blank\" rel=\"noopener\">notre WhatsApp<\/a>. Et si vous nous adorez, on a <a href=\"https:\/\/www.journaldugeek.com\/newsletter\/\" target=\"_blank\" rel=\"noopener\">une newsletter tous les matins<\/a>.<\/p>\n<\/blockquote>\n<p>        <script async src=\"\/\/www.instagram.com\/embed.js\"><\/script><\/p>\n","protected":false},"excerpt":{"rendered":"Apr\u00e8s le succ\u00e8s ph\u00e9nom\u00e9nal du premier Avatar, puis de sa suite La Voie de l\u2019eau en 2022 (qui&hellip;\n","protected":false},"author":2,"featured_media":276957,"comment_status":"","ping_status":"","sticky":false,"template":"","format":"standard","meta":{"footnotes":""},"categories":[1354],"tags":[13618,40939,650,58,59,1346,1011,27,1360,18478],"class_list":{"0":"post-276956","1":"post","2":"type-post","3":"status-publish","4":"format-standard","5":"has-post-thumbnail","7":"category-films","8":"tag-avatar","9":"tag-avatar-3","10":"tag-cinema","11":"tag-divertissement","12":"tag-entertainment","13":"tag-films","14":"tag-fr","15":"tag-france","16":"tag-movies","17":"tag-trailer"},"share_on_mastodon":{"url":"https:\/\/pubeurope.com\/@fr\/114924120062602064","error":""},"_links":{"self":[{"href":"https:\/\/www.europesays.com\/fr\/wp-json\/wp\/v2\/posts\/276956","targetHints":{"allow":["GET"]}}],"collection":[{"href":"https:\/\/www.europesays.com\/fr\/wp-json\/wp\/v2\/posts"}],"about":[{"href":"https:\/\/www.europesays.com\/fr\/wp-json\/wp\/v2\/types\/post"}],"author":[{"embeddable":true,"href":"https:\/\/www.europesays.com\/fr\/wp-json\/wp\/v2\/users\/2"}],"replies":[{"embeddable":true,"href":"https:\/\/www.europesays.com\/fr\/wp-json\/wp\/v2\/comments?post=276956"}],"version-history":[{"count":0,"href":"https:\/\/www.europesays.com\/fr\/wp-json\/wp\/v2\/posts\/276956\/revisions"}],"wp:featuredmedia":[{"embeddable":true,"href":"https:\/\/www.europesays.com\/fr\/wp-json\/wp\/v2\/media\/276957"}],"wp:attachment":[{"href":"https:\/\/www.europesays.com\/fr\/wp-json\/wp\/v2\/media?parent=276956"}],"wp:term":[{"taxonomy":"category","embeddable":true,"href":"https:\/\/www.europesays.com\/fr\/wp-json\/wp\/v2\/categories?post=276956"},{"taxonomy":"post_tag","embeddable":true,"href":"https:\/\/www.europesays.com\/fr\/wp-json\/wp\/v2\/tags?post=276956"}],"curies":[{"name":"wp","href":"https:\/\/api.w.org\/{rel}","templated":true}]}}