{"id":276966,"date":"2025-07-27T07:58:10","date_gmt":"2025-07-27T07:58:10","guid":{"rendered":"https:\/\/www.europesays.com\/fr\/276966\/"},"modified":"2025-07-27T07:58:10","modified_gmt":"2025-07-27T07:58:10","slug":"trump-et-von-der-leyen-cherchent-laccord-douanier-de-la-derniere-heure","status":"publish","type":"post","link":"https:\/\/www.europesays.com\/fr\/276966\/","title":{"rendered":"Trump et von der Leyen cherchent l&rsquo;accord douanier de la derni\u00e8re heure"},"content":{"rendered":"<p>Toute entente entre les deux dirigeants devra \u00eatre valid\u00e9e par les \u00c9tats membres de l\u2019UE. Les diplomates europ\u00e9ens ont pr\u00e9vu de se concerter d\u00e8s dimanche soir ou lundi, en cas de fum\u00e9e blanche \u00e0 Turnberry.<\/p>\n<p class=\"fig-paragraph\">Pour le pr\u00e9sident am\u00e9ricain, il y a \u00abune chance sur deux\u00bb d&rsquo;y arriver:<a href=\"http:\/\/www.lefigaro.fr\/conjoncture\/droits-de-douane-rencontre-decisive-entre-ursula-von-der-leyen-et-donald-trump-dimanche-20250725\" data-fig-type=\"NewsFlash\" data-gtm-custom-categorie=\"navigation\" data-gtm-custom-action=\"crossclick\" data-gtm-custom-label=\"Contextuel\" data-gtm-event=\"customEventSPE\" data-fig-domain=\"LEFIGARO\" target=\"_blank\" rel=\"noopener\">\u00a0Donald Trump<\/a>\u00a0n\u00e9gocie dimanche en \u00c9cosse avec la pr\u00e9sidente de la Commission europ\u00e9enne Ursula von der Leyen pour arracher un accord douanier.<\/p>\n<p class=\"fig-paragraph\">L&rsquo;heure tourne: le r\u00e9publicain de 79 ans, lanc\u00e9 dans une vaste offensive protectionniste, se donne jusqu&rsquo;au 1er ao\u00fbt avant d&rsquo;assommer les produits europ\u00e9ens entrant aux \u00c9tats-Unis de\u00a0<a href=\"http:\/\/www.lefigaro.fr\/conjoncture\/dossier\/droits-de-douane-americains-notre-dossier-pour-tout-comprendre\" data-fig-type=\"Topic\" data-gtm-custom-categorie=\"navigation\" data-gtm-custom-action=\"crossclick\" data-gtm-custom-label=\"Contextuel\" data-gtm-event=\"customEventSPE\" data-fig-domain=\"LEFIGARO\" target=\"_blank\" rel=\"noopener\">taxes douani\u00e8res de 30%<\/a>.<\/p>\n<p>                                    <a class=\"fig-a11y-skip a11y-hidden\" href=\"#fig-a11y-skip-main-inarticle\"><br \/>\n        Passer la publicit\u00e9<br \/>\n    <\/a><\/p>\n<p class=\"fig-paragraph\">Toute entente entre les deux dirigeants devra \u00eatre valid\u00e9e par les \u00c9tats membres de l&rsquo;UE. Les diplomates europ\u00e9ens ont pr\u00e9vu de se concerter d\u00e8s dimanche soir ou lundi, en cas de fum\u00e9e blanche \u00e0 Turnberry.<\/p>\n<p class=\"fig-paragraph\">C&rsquo;est dans cette tranquille localit\u00e9 de la c\u00f4te ouest de l&rsquo;\u00c9cosse, o\u00f9 la famille Trump poss\u00e8de un\u00a0<a href=\"http:\/\/www.lefigaro.fr\/flash-actu\/donald-trump-en-ecosse-les-images-de-sa-partie-de-golf-en-famille-dans-l-un-de-ses-luxueux-complexes-20250726\" data-fig-type=\"NewsFlash\" data-gtm-custom-categorie=\"navigation\" data-gtm-custom-action=\"crossclick\" data-gtm-custom-label=\"Contextuel\" data-gtm-event=\"customEventSPE\" data-fig-domain=\"LEFIGARO\" target=\"_blank\" rel=\"noopener\">luxueux complexe de golf<\/a>, que la rencontre aura lieu &#8211; \u00e0 16H30 (15 h 30 GMT), selon la Maison-Blanche. \u00abNous avons une chance sur deux\u00bb de trouver un accord, avait lanc\u00e9 Donald Trump vendredi \u00e0 son arriv\u00e9e en \u00c9cosse, d&rsquo;o\u00f9 il repartira mardi apr\u00e8s un s\u00e9jour mi-priv\u00e9 mi-diplomatique, en estimant qu&rsquo;il restait \u00abenviron 20 sujets\u00bb contentieux \u00e0 r\u00e9gler.<\/p>\n<p>\u00abTr\u00e8s respect\u00e9e\u00bb<\/p>\n<p class=\"fig-paragraph\">Il a assur\u00e9 \u00eatre \u00abimpatient\u00bb de s&rsquo;entretenir avec Ursula von der Leyen, une \u00abfemme tr\u00e8s respect\u00e9e\u00bb. Ce ton aimable tranche avec les invectives dont le dirigeant r\u00e9publicain accable l&rsquo;Union europ\u00e9enne, selon lui cr\u00e9\u00e9e dans le but d&rsquo;\u00abarnaquer\u00bb les \u00c9tats-Unis. Jeudi, un porte-parole de la Commission europ\u00e9enne avait affirm\u00e9 qu&rsquo;un accord \u00e9tait \u00e0 \u00abport\u00e9e de main\u00bb.<\/p>\n<p class=\"fig-paragraph\">Selon plusieurs sources europ\u00e9ennes, le texte en discussion pr\u00e9voit des surtaxes douani\u00e8res de 15%, un montant cons\u00e9quent, sur les exportations europ\u00e9ennes \u00e0 destination des \u00c9tats-Unis, avec des exemptions sur l&rsquo;a\u00e9ronautique ou les spiritueux &#8211; mais pas le vin.<\/p>\n<p class=\"fig-paragraph\">L&rsquo;acier serait soumis \u00e0 des r\u00e8gles sp\u00e9cifiques, avec des quotas pour les importations en provenance d&rsquo;Europe. Les Europ\u00e9ens s&rsquo;engageraient aussi \u00e0 acheter du gaz naturel liqu\u00e9fi\u00e9 et \u00e0 investir aux \u00c9tats-Unis.<\/p>\n<p>                                    <a class=\"fig-a11y-skip a11y-hidden\" href=\"#fig-a11y-skip-main-inarticle_mtf\"><br \/>\n        Passer la publicit\u00e9<br \/>\n    <\/a><\/p>\n<p>\u00abBazooka\u00bb<\/p>\n<p class=\"fig-paragraph\">L&rsquo;ensemble \u00e9voque un accord annonc\u00e9 il y a quelques jours entre les\u00a0<a href=\"http:\/\/www.lefigaro.fr\/conjoncture\/le-plus-grand-accord-jamais-realise-donald-trump-et-le-japon-s-entendent-sur-un-nouveau-taux-de-15-de-droits-de-douane-20250723\" data-fig-type=\"Article\" data-gtm-custom-categorie=\"navigation\" data-gtm-custom-action=\"crossclick\" data-gtm-custom-label=\"Contextuel\" data-gtm-event=\"customEventSPE\" data-fig-domain=\"LEFIGARO\" target=\"_blank\" rel=\"noopener\">\u00c9tats-Unis et le Japon.\u00a0<\/a>L&rsquo;Union europ\u00e9enne est actuellement soumise \u00e0 une taxe de 25% sur les voitures, de 50% sur l&rsquo;acier et l&rsquo;aluminium, ainsi qu&rsquo;\u00e0 des droits de douane g\u00e9n\u00e9raux de 10%.<\/p>\n<p class=\"fig-paragraph\">Si Ursula von der Leyen et Donald Trump ne parvenaient pas \u00e0 s&rsquo;entendre, Bruxelles assure \u00eatre pr\u00eat \u00e0 riposter en taxant des produits et services am\u00e9ricains. L&rsquo;ex\u00e9cutif europ\u00e9en, sous l&rsquo;impulsion de certains pays comme la France, pourrait aussi geler l&rsquo;acc\u00e8s aux march\u00e9s publics europ\u00e9ens ou bloquer certains investissements.<\/p>\n<p class=\"fig-paragraph\">D\u00e9gainer ce \u00abbazooka\u00bb &#8211; appel\u00e9 instrument \u00abanti-coercition\u00bb dans le jargon bruxellois &#8211; entra\u00eenerait l&rsquo;Europe et l&rsquo;Am\u00e9rique dans une escalade commerciale inou\u00efe, dont l&rsquo;effet se ferait sentir des deux c\u00f4t\u00e9s de l&rsquo;Atlantique.<\/p>\n<p>Epstein<\/p>\n<p class=\"fig-paragraph\">Donald Trump, ancien promoteur immobilier qui a \u00e9crit un livre \u00e0 succ\u00e8s sur \u00abl&rsquo;art du deal\u00bb, assure \u00eatre en position de force sur le plan commercial. Mais certains sondages montrent que les Am\u00e9ricains doutent de sa strat\u00e9gie douani\u00e8re et de sa conduite des affaires en g\u00e9n\u00e9ral. Dans un r\u00e9cent sondage Gallup, sa cote de confiance est tomb\u00e9e \u00e0 37%, 10 points de moins qu&rsquo;en janvier.<\/p>\n<p class=\"fig-paragraph\">Le milliardaire new-yorkais, qui s&rsquo;est toujours jou\u00e9 des scandales et des poursuites p\u00e9nales, peine \u00e0 se d\u00e9p\u00eatrer de l&rsquo;affaire\u00a0<a href=\"http:\/\/www.lefigaro.fr\/international\/dossier\/affaire-jeffrey-epstein-millionnaire\" data-fig-type=\"Topic\" data-gtm-custom-categorie=\"navigation\" data-gtm-custom-action=\"crossclick\" data-gtm-custom-label=\"Contextuel\" data-gtm-event=\"customEventSPE\" data-fig-domain=\"LEFIGARO\" target=\"_blank\" rel=\"noopener\">Jeffrey Epstein<\/a>. Il est accus\u00e9 par une partie de sa base de manquer de transparence sur les relations qu&rsquo;il entretenait avec ce riche financier, mort en prison avant un proc\u00e8s pour crimes sexuels qui s&rsquo;annon\u00e7ait retentissant, et dont il \u00e9tait un ami.<\/p>\n<p>                                    <a class=\"fig-a11y-skip a11y-hidden\" href=\"#fig-a11y-skip-main-inarticle_btf\"><br \/>\n        Passer la publicit\u00e9<br \/>\n    <\/a><\/p>\n<p class=\"fig-paragraph\">Annoncer un accord avec l&rsquo;UE, en promettant des retomb\u00e9es pharaoniques pour l&rsquo;\u00e9conomie am\u00e9ricaine, et dans la foul\u00e9e de ceux conclus ces derniers jours avec le Japon, le Vietnam et les Philippines, pourrait \u00eatre une diversion bienvenue.<\/p>\n<p class=\"fig-paragraph\">Lundi, c&rsquo;est avec la Chine que des n\u00e9gociateurs am\u00e9ricains s&rsquo;efforceront, lors d&rsquo;une rencontre \u00e0 Stockholm, d&rsquo;\u00e9viter une reprise de l&rsquo;escalade commerciale entre les deux premi\u00e8res \u00e9conomies mondiales, susceptible d&rsquo;\u00e9branler l&rsquo;\u00e9conomie de la plan\u00e8te enti\u00e8re.<\/p>\n<p class=\"fig-paragraph\">Avant la rencontre de dimanche, le dirigeant r\u00e9publicain, f\u00e9ru de golf, a profit\u00e9 samedi du green surplombant la mer \u00e0 Turnberry en compagnie de son fils Eric, l&rsquo;un des dirigeants de la Trump Organization. Cette holding familiale d\u00e9tient le golf de Turnberry ainsi que celui d&rsquo;Aberdeen, sur la c\u00f4te est de l&rsquo;\u00c9cosse, o\u00f9 le pr\u00e9sident am\u00e9ricain ira inaugurer un nouveau parcours avant de regagner Washington.<\/p>\n","protected":false},"excerpt":{"rendered":"Toute entente entre les deux dirigeants devra \u00eatre valid\u00e9e par les \u00c9tats membres de l\u2019UE. Les diplomates europ\u00e9ens&hellip;\n","protected":false},"author":2,"featured_media":276967,"comment_status":"","ping_status":"","sticky":false,"template":"","format":"standard","meta":{"footnotes":""},"categories":[6],"tags":[339,340,35,343,345,350,130,344,352,349,33,34,341,313,1011,27,346,342,353,351,347,348,354],"class_list":{"0":"post-276966","1":"post","2":"type-post","3":"status-publish","4":"format-standard","5":"has-post-thumbnail","7":"category-economie","8":"tag-actualite-economique","9":"tag-bourse","10":"tag-business","11":"tag-cac-40","12":"tag-chef-dentreprise","13":"tag-concurrence","14":"tag-consommation","15":"tag-creation-dentreprise","16":"tag-crise","17":"tag-delocalisations","18":"tag-economie","19":"tag-economy","20":"tag-emploi","21":"tag-entreprises","22":"tag-fr","23":"tag-france","24":"tag-grands-patrons","25":"tag-impots","26":"tag-licenciements","27":"tag-monopole","28":"tag-multinationales","29":"tag-privatisation","30":"tag-unio"},"share_on_mastodon":{"url":"https:\/\/pubeurope.com\/@fr\/114924139572217575","error":""},"_links":{"self":[{"href":"https:\/\/www.europesays.com\/fr\/wp-json\/wp\/v2\/posts\/276966","targetHints":{"allow":["GET"]}}],"collection":[{"href":"https:\/\/www.europesays.com\/fr\/wp-json\/wp\/v2\/posts"}],"about":[{"href":"https:\/\/www.europesays.com\/fr\/wp-json\/wp\/v2\/types\/post"}],"author":[{"embeddable":true,"href":"https:\/\/www.europesays.com\/fr\/wp-json\/wp\/v2\/users\/2"}],"replies":[{"embeddable":true,"href":"https:\/\/www.europesays.com\/fr\/wp-json\/wp\/v2\/comments?post=276966"}],"version-history":[{"count":0,"href":"https:\/\/www.europesays.com\/fr\/wp-json\/wp\/v2\/posts\/276966\/revisions"}],"wp:featuredmedia":[{"embeddable":true,"href":"https:\/\/www.europesays.com\/fr\/wp-json\/wp\/v2\/media\/276967"}],"wp:attachment":[{"href":"https:\/\/www.europesays.com\/fr\/wp-json\/wp\/v2\/media?parent=276966"}],"wp:term":[{"taxonomy":"category","embeddable":true,"href":"https:\/\/www.europesays.com\/fr\/wp-json\/wp\/v2\/categories?post=276966"},{"taxonomy":"post_tag","embeddable":true,"href":"https:\/\/www.europesays.com\/fr\/wp-json\/wp\/v2\/tags?post=276966"}],"curies":[{"name":"wp","href":"https:\/\/api.w.org\/{rel}","templated":true}]}}