{"id":276977,"date":"2025-07-27T08:05:15","date_gmt":"2025-07-27T08:05:15","guid":{"rendered":"https:\/\/www.europesays.com\/fr\/276977\/"},"modified":"2025-07-27T08:05:15","modified_gmt":"2025-07-27T08:05:15","slug":"amicaux-ligue-2-succes-pour-le-red-star-le-mans-nancy-montpellier-laval-et-boulogne-tous-les-resultats-du-samedi-26-07","status":"publish","type":"post","link":"https:\/\/www.europesays.com\/fr\/276977\/","title":{"rendered":"Amicaux Ligue 2 &#8211; Succ\u00e8s pour le Red Star, Le Mans, Nancy, Montpellier, Laval et Boulogne : tous les r\u00e9sultats du samedi 26\/07"},"content":{"rendered":"<p style=\"text-align: justify;\">Les clubs de <strong>Ligue 2<\/strong> entrent dans la derni\u00e8re ligne droite de leur pr\u00e9paration estivale, \u00e0 deux semaines du d\u00e9but du championnat, \u00e9dition 2025-2026 ! Dans cette optique, les diff\u00e9rentes \u00e9quipes jouaient des matchs amicaux ce samedi 26 juillet, dont voici les r\u00e9sultats et les \u00e9quipes titulaires, avec des XI types qui commencent \u00e0 se dessiner \u00e7a et l\u00e0.<\/p>\n<p style=\"text-align: justify;\">\u00c0 lire aussi &gt;&gt;\u00a0<a href=\"https:\/\/maligue2.fr\/2025\/07\/26\/ligue-2-un-actionnaire-bresilien-pressenti-au-mans\/\" target=\"_blank\" rel=\"noopener\">Ligue 2 \u2013 Un actionnaire br\u00e9silien pressenti au Mans<\/a><\/p>\n<p style=\"text-align: justify;\">Une \u00e9quipe tr\u00e8s rajeunie de l\u2019Amiens SC n\u2019a tout simplement pas fait le poids ce samedi face aux visiteurs du Red Star, dont les automatismes sont de mieux en mieux huil\u00e9s. Bien lanc\u00e9s dans cette partie sans enjeu par un Damien Durand remuant, sur penalty, le club audonien a conserv\u00e9 son avantage toute la partie et a m\u00eame accentu\u00e9 son avance avec Renel, suite \u00e0 un bon travai d\u2019Hachem, au d\u00e9but des arr\u00eats de jeu. Les deux \u00e9quipes attendent encore des renforts avant le d\u00e9but du championnat et\/ou la fin du mercato, en septembre.<\/p>\n<p><strong>Amiens SC \u2013 Red Star FC : 0-2 (0-1)<\/strong><\/p>\n<p style=\"text-align: justify;\"><strong>Buts :<\/strong> Durand (20e), Renel (90e) pour le RSFC.<\/p>\n<p style=\"text-align: justify;\"><strong>ASC (coup d\u2019envoi) : <\/strong>Sauvage \u2013 Averlant, Bakayoko, Monconduit, Chabane \u2013 Lobry, Fofana Jr \u2013 Leautey, Lutin, Ikia Dimi \u2013 Rafii.<\/p>\n<p style=\"text-align: justify;\"><strong>RSFC (coup d\u2019envoi) :<\/strong> Beunardeau \u2013 Durivaux, Lemonnier, Kany \u2013 Sylla, Eickmayer, Hachem, Ciss\u00e9 \u2013 Trani \u2013 Ikanga, Durand.<\/p>\n<p style=\"text-align: justify;\">Engag\u00e9 contre une \u00e9quipe elle aussi promue, mais en National 1, Le Mans FC a mis 120 minutes pour se d\u00e9faire du FC Fleury au terme d\u2019un match pour lequel il \u00e9tait pr\u00e9vu de jouer deux heures compl\u00e8tes. Avec une recrue (Jean Vercruysse) et un ancien (Antoine Rabillard) inscrivant leur nom au tableau d\u2019affichage successivement, les hommes de Patrick Videira ont pu engranger du temps de jeu et du rythme alors que Fleury avait \u00e9galis\u00e9 en 2e p\u00e9riode via<\/p>\n<p><strong>Le Mans FC \u2013 FC Fleury 91 : 2-1 (1-0, 1-1)<\/strong><\/p>\n<p style=\"text-align: justify;\"><strong>Buts :\u00a0<\/strong>Vercruysse (13e), Rabillard (100e) pour LMFC \/ Farade (75e) pour le FCF91<\/p>\n<p style=\"text-align: justify;\"><strong>LMFC (coup d\u2019envoi) :\u00a0<\/strong>Kocik \u2013 Eyoum, Yohou (c.), Voyer \u2013\u00a0 Oggad, Rossignol, Gomes, Vercruysse, Calodat \u2013 Gueye, Luvambo.<\/p>\n<p style=\"text-align: justify;\">\u00c0 Vittel, deux \u00e9quipes proches g\u00e9ographiquement se sont livr\u00e9 un match intense et presque rendu coup pour coup : \u00c9pinal (N2) et l\u2019AS Nancy Lorraine. Sans surprise, les professionnels prennent les choses en main en premi\u00e8re p\u00e9riode avec des r\u00e9alisations de Camara (sur un corner de Bouriaud) et de Fdaouch. Les promus au chardon verront \u00c9pinal revenir au score par deux fois apr\u00e8s l\u2019heure de jeu, mais avaient repris un matelas d\u2019avance gr\u00e2ce \u00e0 un joli but de Sidib\u00e9 entre temps, afin de continuer une pr\u00e9paration prometteuse en termes de r\u00e9sultats et d\u2019attitude.<\/p>\n<p><strong>SA Spinalien \u2013 <\/strong><strong>AS Nancy Lorraine<\/strong><strong>: 2-3 (0-2)<\/strong><\/p>\n<p style=\"text-align: justify;\"><strong>Buts :<\/strong> Bouriaud (16e), Fdaouch (26e) et Sidib\u00e9 (82e) pour l\u2019ASNL \/ Toraman (70e), Tokpa (89e) pour le SAS.<\/p>\n<p style=\"text-align: justify;\"><strong>ASNL (coup d\u2019envoi) :<\/strong> Basilio \u2013 Fernandez, Saint-Ruf, Camara \u2013 Maouassa, Suljic, Bouriaud, Julloux \u2013 Fdaouch, Bokangu, Bouabdeli.<\/p>\n<p style=\"text-align: justify;\">Face \u00e0 une formation sup\u00e9rieure de Ligue 1, l\u2019AJ Auxerre, le Clermont Foot a fait mieux que r\u00e9sister et propos\u00e9 de belles choses \u00e0 deux semaines du retour \u00e0 la comp\u00e9tition. Malgr\u00e9 la d\u00e9faite, le staff auvergnat tire des points positifs du revers (2-3) inflig\u00e9 par les Icaunais, qui ont marqu\u00e9 les premiers sur penalty (Sinayoko). Un coup de billard apr\u00e8s un joli mouvement de Bamba sur corner permet au club de Ligue 2 d\u2019\u00e9galiser, puis une t\u00eate d\u2019Osman trompera le gardien clermontois avant la pause siffl\u00e9e au bout d\u2019une heure de jeu (120 minutes au total). C\u2019est ensuite un bon pressing du CF63 qui offrira une nouvelle \u00e9galisation avant qu\u2019Onaiwu ne d\u00e9cide du sort de la rencontre \u00e0 l\u2019approche du coup de sifflet final.<\/p>\n<p><strong>Clermont Foot 63 \u2013 AJ Auxerre : 2-3 (1-2)<\/strong><\/p>\n<p style=\"text-align: justify;\"><strong>Buts :<\/strong> Diomand\u00e9 CSC (44e) et Socka Bongu\u00e9 (87e) pour le CF63 \/ Sinayoko (17e), Osman (60e), Onaiwu (107e) pour l\u2019AJA.<\/p>\n<p style=\"text-align: justify;\"><strong>CF63 (coup d\u2019envoi) :<\/strong> Guivarch \u2013 Coulibaly, Salmier, Caufriez, Pelmard \u2013 Saivet, Baallal, Bamba \u2013 Hunou, Diedhiou, Diop.<\/p>\n<blockquote class=\"twitter-tweet\">\n<p dir=\"ltr\" lang=\"fr\">\u231a\ufe0f44\u2019 \u2013 \u26bd\ufe0f \u00c9galisation du Clermont Foot !<\/p>\n<p>Le match en live \u27a1\ufe0f <a href=\"https:\/\/t.co\/vd8rqtcyMX\">https:\/\/t.co\/vd8rqtcyMX<\/a><\/p>\n<p>1\ufe0f\u20e3-1\ufe0f\u20e3\u26aa\ufe0f <a href=\"https:\/\/twitter.com\/hashtag\/CF63AJA?src=hash&amp;ref_src=twsrc%5Etfw\" target=\"_blank\" rel=\"noopener\">#CF63AJA<\/a> <a href=\"https:\/\/t.co\/NliMQmMni4\">pic.twitter.com\/NliMQmMni4<\/a><\/p>\n<p>\u2014 Clermont Foot 63 (@ClermontFoot) <a href=\"https:\/\/twitter.com\/ClermontFoot\/status\/1949136852214075568?ref_src=twsrc%5Etfw\" target=\"_blank\" rel=\"noopener\">July 26, 2025<\/a><\/p>\n<\/blockquote>\n<p style=\"text-align: justify;\">Contre une opposition bastiaise solide mais trop peu dangereuse, il a suffi d\u2019un penalty au Montpellier HSC pour s\u2019imposer contre l\u2019un de ses futurs adversaires de Ligue 2. Recrut\u00e9 de Caen, Alexandre Mendy a converti son occasion \u00e0 l\u2019heure de jeu pour donner un avantage qui s\u2019av\u00e8rera d\u00e9finitif au club pailladin. Une courte mais importante victoire pour les hommes de Zoumana Camara qui se rassurent et engrangentt de la confiance, tandis que ceux de Beno\u00eet Tavenot peuvent mesurer ce qui les s\u00e9parent d\u2019un tel adversaire.<\/p>\n<p><strong>Montpellier HSC \u2013 SC Bastia : 1-0 (0-0)<\/strong><\/p>\n<p style=\"text-align: justify;\"><strong>But :<\/strong> Mendy (61e) pour le MHSC.<\/p>\n<p style=\"text-align: justify;\"><strong>MHSC (coup d\u2019envoi) :\u00a0<\/strong>Michel \u2013 Jullien, Laporte, Mouanga \u2013 Sainte-Luce, Tour\u00e9, Fayad, Tchato \u2013 Coulibaly, Mendy, Mbuku.<\/p>\n<p style=\"text-align: justify;\"><strong>SCB (coup d\u2019envoi) :<\/strong> Olmeta \u2013 Meynadier \u2013 Bohnert \u2013 Guidi \u2013 Roncaglia \u2013 Janneh \u2013 Ducrocq \u2013 Vincent \u2013 Tomi \u2013 Sebas \u2013 Bl\u00e9<\/p>\n<p style=\"text-align: justify;\">En trois tiers de 45 minutes, le Stade Lavallois a pu r\u00e9p\u00e9ter ses gammes contre une \u00e9quipe int\u00e9ressante de l\u2019UNFP FC, constitu\u00e9e de joueurs professionnels \u00e0 la relance, sans club \u00e0 l\u2019instant T. M\u00eame s\u2019il a fallu attendre longtemps pour voir les buts s\u2019empiler, les Mayennais ont fait le travail et battu les gardiens adverses \u00e0 cinq reprises, faisant preuve de caract\u00e8re dans les derniers instants quand Goelzer et Quarshie ont \u00e9galis\u00e9 en marquant coup sur coup. Quatre buteurs diff\u00e9rents ont pu se mettre dans de bonnes conditions et en confiance, dont Malik Tchokount\u00e9 et le revenant Julien Maggiotti.<\/p>\n<p><strong>Stade Lavallois Mayenne FC \u2013 UNFP FC : 5-3 (1-0).<\/strong><\/p>\n<p style=\"text-align: justify;\"><strong>Buts :\u00a0<\/strong>Tchokount\u00e9 (25e), Zohi (99e, 120e), Maggiotti (115e), Faurand-Tournaire (135e) \/ Goelzer (108e), Quarshie (111e).<\/p>\n<p style=\"text-align: justify;\"><strong>SLMFC (coup d\u2019envoi) :\u00a0<\/strong>Samassa \u2013 Bianda, Pellenard, Adilehou \u2013 Vargas, Sanna, Thomas, Kokolo \u2013 Sellouki, Tchokount\u00e9, Mupemba.<\/p>\n<p style=\"text-align: justify;\">Contre une formation de D2 suisse, l\u2019USL Dunkerque pensait se rassurer mais a encore rat\u00e9 une bonne occasion d\u2019engranger de la confiance. Sans entra\u00eeneur, le club nordiste n\u2019a pu faire mieux qu\u2019un match nul face au Vevey-Sports, qui a su \u00e9galiser rapidement apr\u00e8s l\u2019ouverture du score magistrale de Vincent Sasso, qui a bien repris un corner frapp\u00e9 par Skytt\u00e4. Avec un effectif affaibli et un chantier \u00e9norme, l\u2019\u00e9quipe dunkerquoise va devoir cravacher pour ne pas prendre trop de retard sur le d\u00e9but de la saison officielle\u2026<\/p>\n<p><strong>USL Dunkerque \u2013 Vevey-Sports : 1-1 (1-1)<\/strong><\/p>\n<p style=\"text-align: justify;\"><strong>Buts :<\/strong> Sasso (11e) pour l\u2019USLD \/ N\/A (22e) pour le VS.<\/p>\n<p style=\"text-align: justify;\"><strong>USL (coup d\u2019envoi) :\u00a0<\/strong><\/p>\n<p style=\"text-align: justify;\">Pourtant compliqu\u00e9 sur le papier, le match disput\u00e9 par Guingamp contre le FC Lorient, champion en titre de Ligue 2, s\u2019est plut\u00f4t bien d\u00e9roul\u00e9 quelques jours seulement apr\u00e8s celui contre Concarneau. 120 minutes ont \u00e9t\u00e9 jou\u00e9es par les deux clubs bretons, et alors que les Costarmoricains avaient pris l\u2019avantage et l\u2019avaient conserv\u00e9 jusqu\u2019\u00e0 la fin du troisi\u00e8me tiers via Ghrieb, Sambou Soumano \u00e9galisera de la t\u00eate pour remettre les pendules \u00e0 l\u2019heure en fin de partie. Malgr\u00e9 tout, Ripoll et les siens peuvent \u00eatre satisfaits d\u2019avoir jou\u00e9 une rencontre coh\u00e9rente et aboutie contre l\u2019une de ses b\u00eates noires de l\u2019an dernier.<\/p>\n<p><strong>EA Guingamp \u2013 FC Lorient : 1-1 (1-0)<\/strong><\/p>\n<p style=\"text-align: justify;\"><strong>Buts : <\/strong>Ghrieb (33e) pour l\u2019EAG \/ Soumano (101e) pour le FCL.<\/p>\n<p style=\"text-align: justify;\"><strong>EAG (coup d\u2019envoi) :<\/strong> Ortola \u2013 Koffi, Gomis, Demouchy, Ourega \u2013 Ghrieb, Louiserre, Sidib\u00e9, Sagna \u2013 H\u00e9mia \u2013 Labeau.<\/p>\n<p style=\"text-align: justify;\"><strong>FCL (coup d\u2019envoi) :<\/strong> Leroy \u2013 Yongwa, Leaudais, Talbi, Silva, Le Bris \u2013 Abergel (c), Avom Ebong \u2013 Tosin, Bamba, Fadiga.<\/p>\n<blockquote class=\"twitter-tweet\">\n<p dir=\"ltr\" lang=\"fr\">\u26bd La r\u00e9alisation de lors du 2e quart-temps<\/p>\n<p>[1-1] <a href=\"https:\/\/twitter.com\/hashtag\/EAGFCL?src=hash&amp;ref_src=twsrc%5Etfw\" target=\"_blank\" rel=\"noopener\">#EAGFCL<\/a> <a href=\"https:\/\/t.co\/gCqWR20pJg\">pic.twitter.com\/gCqWR20pJg<\/a><\/p>\n<p>\u2014 En Avant Guingamp (@EAGuingamp) <a href=\"https:\/\/twitter.com\/EAGuingamp\/status\/1949181959948697688?ref_src=twsrc%5Etfw\" target=\"_blank\" rel=\"noopener\">July 26, 2025<\/a><\/p>\n<\/blockquote>\n<p style=\"text-align: justify;\">Cela s\u2019est mal pass\u00e9 pour le FC Annecy ce samedi, alors que les Reds affrontaient Villefranche en amical. Un tr\u00e8s beau mouvement faisant suite \u00e0 une r\u00e9cup\u00e9ration haute a permis aux Caladois d\u2019ouvrir le score apr\u00e8s la demi-heure de jeu via Mixtur avant que Quentin Paris n\u2019y aille de son but pour remettre les siens \u00e0 hauteur des pensionnaires de National. Ce \u00e0 quoi les Tigres ont r\u00e9pondu brillamment en toute fin de la rencontre, scellant une courte mais prestigieuse victoire contre l\u2019une des meilleures formations de L2 en 2024-2025.<\/p>\n<p><strong>FC Annecy \u2013 FC Villefranche-Beaujolais : 1-2 (0-1)<\/strong><\/p>\n<p style=\"text-align: justify;\">Buts : Paris (63e) pour le FCA \/ Mixtur (33e) et Boudache (90e) pour le FCVB<\/p>\n<p style=\"text-align: justify;\">FCA (coup d\u2019envoi) : Escales, Kouadio, Lajugie, Veillon, Makutungu, Pajot, Hbouch, Josu\u00e9. T, Billemaz, Paris et Rambaud<\/p>\n<p style=\"text-align: justify;\">Un format sp\u00e9cial de quatre fois trente minutes a \u00e9t\u00e9 d\u00e9cid\u00e9 pour cet amical entre le Pau FC et Eibar, pensionnaire de Liga 2. Basques espagnols et B\u00e9arnais se sont quitt\u00e9s bons amis, sans avoir marqu\u00e9 le moindre but en 120 minutes. De quoi rassurer sur le niveau des d\u00e9fenses et des deux nouveaux gardiens palois, qui sont arriv\u00e9s en m\u00eame temps cet \u00e9t\u00e9, mais pas sur les forces offensives\u2026<\/p>\n<p><strong>SD Eibar \u2013 Pau FC : 0-0 (0-0)<\/strong><\/p>\n<p style=\"text-align: justify;\"><strong>PFC (coup d\u2019envoi) :\u00a0<\/strong>Raveyre \u2013 Ruiz, Brian\u00e7on, Glossoa \u2013 Kalulu, Ngom, Bobichon, Meddah \u2013 Versini, Sadik, Zuliani.<\/p>\n<p style=\"text-align: justify;\">S\u2019appuyant exclusivement sur des joueurs du centre de formation et des professionnels d\u00e9j\u00e0 pr\u00e9sents la saison derni\u00e8re, l\u2019AC Ajaccio a continu\u00e9 sa pr\u00e9paration tant bien que mal, ne sachant toujours pas dans quel division il va \u00e9voluer en 2025-2026. Ligue 2, N1 ou N3, peu importe, rien n\u2019est encore d\u00e9finitivement tranch\u00e9 et les Corses ont vu leur adversaire du jour, les voisins de l\u2019ASFA, les tenir en \u00e9chec. Un score d\u2019un but partout, avec Abou Kant\u00e9 qui \u00e9galise en seconde p\u00e9riode dans un match plut\u00f4t st\u00e9rile.<\/p>\n<p><strong>AC Ajaccio \u2013 AS Furiani-Agliani : 1-1 (0-0)<\/strong><\/p>\n<p style=\"text-align: justify;\"><strong>Buts :<\/strong> Kant\u00e9 (75e) pour l\u2019ACA \/ Laurens (48e) pour l\u2019ASFA.<\/p>\n<p style=\"text-align: justify;\"><strong>ACA (coup d\u2019envoi) :<\/strong> Quilichini \u2013 Vidal, Campanini, Ayessa, Prenant-Caporossi \u2013 Strata, Graziani, Puch, Chegra \u2013\u00a0 B. Tour\u00e9, Santelli.<\/p>\n<p style=\"text-align: justify;\">L\u2019autre formation concern\u00e9e en premier lieu par cette r\u00e9trogradation administrative prononc\u00e9e par la DNCG, l\u2019US Boulogne, est donc aussi en attente de conna\u00eetre son sort, elle qui esp\u00e8re \u00eatre rep\u00each\u00e9e en L2 apr\u00e8s les barrages perdus contre Clermont. En amical contre les belges (D2) de Francs-Borains, le seul penalty de Corentin Fatou a d\u00e9cid\u00e9 du sort de la rencontre, remport\u00e9e 1-0 par le club de la C\u00f4te d\u2019Opale.<\/p>\n<p><strong>Francs-Borains \u2013 US Boulogne CO : 0-1 (0-1)<\/strong><\/p>\n<p style=\"text-align: justify;\"><strong>But :<\/strong> Fatou (10e).<\/p>\n<p style=\"text-align: justify;\"><strong>USBCO (coup d\u2019envoi) : <\/strong>Uriev \u2013 Zohor\u00e9, Gourville, Paillard, Kitenge \u2013 Binet, Tour\u00e9, Duflos, Boiteau \u2013 Fatou, Keita.<\/p>\n<p style=\"text-align: justify;\">Photo MHSC.<\/p>\n<p>\t\t<script async src=\"https:\/\/platform.twitter.com\/widgets.js\" charset=\"utf-8\"><\/script><\/p>\n","protected":false},"excerpt":{"rendered":"Les clubs de Ligue 2 entrent dans la derni\u00e8re ligne droite de leur pr\u00e9paration estivale, \u00e0 deux semaines&hellip;\n","protected":false},"author":2,"featured_media":276978,"comment_status":"","ping_status":"","sticky":false,"template":"","format":"standard","meta":{"footnotes":""},"categories":[9635],"tags":[7561,7562,1111,11,5622,24738,3853,5621,23611,2313,1777,674,1011,27,775,4044,2693,2191,2208,1702,12,6374,5416,25],"class_list":{"0":"post-276977","1":"post","2":"type-post","3":"status-publish","4":"format-standard","5":"has-post-thumbnail","7":"category-nancy","8":"tag-alaune1","9":"tag-mettreenavant","10":"tag-actu","11":"tag-actualites","12":"tag-ajaccio","13":"tag-amiens","14":"tag-annecy","15":"tag-bastia","16":"tag-boulogne","17":"tag-clermont","18":"tag-eu","19":"tag-europe","20":"tag-fr","21":"tag-france","22":"tag-grand-est","23":"tag-guingamp","24":"tag-laval","25":"tag-le-mans","26":"tag-montpellier","27":"tag-nancy","28":"tag-news","29":"tag-pau","30":"tag-red-star","31":"tag-republique-francaise"},"share_on_mastodon":{"url":"https:\/\/pubeurope.com\/@fr\/114924167138542445","error":""},"_links":{"self":[{"href":"https:\/\/www.europesays.com\/fr\/wp-json\/wp\/v2\/posts\/276977","targetHints":{"allow":["GET"]}}],"collection":[{"href":"https:\/\/www.europesays.com\/fr\/wp-json\/wp\/v2\/posts"}],"about":[{"href":"https:\/\/www.europesays.com\/fr\/wp-json\/wp\/v2\/types\/post"}],"author":[{"embeddable":true,"href":"https:\/\/www.europesays.com\/fr\/wp-json\/wp\/v2\/users\/2"}],"replies":[{"embeddable":true,"href":"https:\/\/www.europesays.com\/fr\/wp-json\/wp\/v2\/comments?post=276977"}],"version-history":[{"count":0,"href":"https:\/\/www.europesays.com\/fr\/wp-json\/wp\/v2\/posts\/276977\/revisions"}],"wp:featuredmedia":[{"embeddable":true,"href":"https:\/\/www.europesays.com\/fr\/wp-json\/wp\/v2\/media\/276978"}],"wp:attachment":[{"href":"https:\/\/www.europesays.com\/fr\/wp-json\/wp\/v2\/media?parent=276977"}],"wp:term":[{"taxonomy":"category","embeddable":true,"href":"https:\/\/www.europesays.com\/fr\/wp-json\/wp\/v2\/categories?post=276977"},{"taxonomy":"post_tag","embeddable":true,"href":"https:\/\/www.europesays.com\/fr\/wp-json\/wp\/v2\/tags?post=276977"}],"curies":[{"name":"wp","href":"https:\/\/api.w.org\/{rel}","templated":true}]}}