{"id":276979,"date":"2025-07-27T08:06:12","date_gmt":"2025-07-27T08:06:12","guid":{"rendered":"https:\/\/www.europesays.com\/fr\/276979\/"},"modified":"2025-07-27T08:06:12","modified_gmt":"2025-07-27T08:06:12","slug":"un-surprenant-musee-va-ouvrir-ses-portes-a-ollioules","status":"publish","type":"post","link":"https:\/\/www.europesays.com\/fr\/276979\/","title":{"rendered":"Un surprenant mus\u00e9e va ouvrir ses portes \u00e0 Ollioules"},"content":{"rendered":"<p>Dans la s\u00e9rie des mus\u00e9es insolites et originaux, un petit nouveau vient s\u2019ajouter \u00e0 la liste dans la cit\u00e9 des oliviers: le mus\u00e9e de la clef et de la serrure. Inaugur\u00e9 hier (1), il rejoint la riche collection de mus\u00e9es d\u00e9j\u00e0 pr\u00e9sents dans la commune (2).<\/p>\n<p>\u00c0 l\u2019origine de ce projet: Marc Herv\u00e9, passionn\u00e9 reconnu, \u00e0 la fois cl\u00e9idophile et serrurophile. Ce Sanaryen s\u2019est pris de passion pour les clefs et les serrures dans les ann\u00e9es 1960. Directeur de quincailleries, il acquiert sa premi\u00e8re pi\u00e8ce en 1962: \u00ab\u00a0Elle datait de l\u2019Antiquit\u00e9 romaine. Avec le temps, j\u2019ai commenc\u00e9 \u00e0 en d\u00e9nicher de rares en brocantes, aupr\u00e8s de ferrailleurs, puis aux ench\u00e8res en ligne avec l\u2019arriv\u00e9e d\u2019Internet.\u00a0\u00bb<\/p>\n<p>Du Ier si\u00e8cle \u00e0 nos jours<\/p>\n<p>Sa passion l\u2019a conduit \u00e0 rassembler plusieurs centaines de cl\u00e9s datant du Ier si\u00e8cle \u00e0 nos jours, ainsi que des serrures remontant au XVe si\u00e8cle.<\/p>\n<p>\u00ab\u00a0Aujourd\u2019hui, mes 1.000 pi\u00e8ces sont mises \u00e0 disposition de la ville dans le cadre du mus\u00e9e. J\u2019en reste le propri\u00e9taire, mais elles sont d\u00e9sormais accessibles au public.\u00a0\u00bb<\/p>\n<p>\u00c0 ses c\u00f4t\u00e9s, son \u00e9pouse Huguette a jou\u00e9 un r\u00f4le cl\u00e9 dans cette aventure. \u00ab\u00a0Cette passion a peu \u00e0 peu pris sa place dans notre quotidien, et j\u2019ai fini par me prendre au jeu, raconte-t-elle en souriant. Marc s\u2019occupait de trouver les pi\u00e8ces, et moi, de d\u00e9couvrir leur histoire. J\u2019ai fini par cataloguer chaque cl\u00e9 et chaque serrure, et \u00e0 les replacer dans leur contexte historique. \u00ab\u00a0<\/p>\n<p>La collection finit par remplir deux garages dans leur propri\u00e9t\u00e9. Durant plusieurs ann\u00e9es, seul 5% de la collection, \u00e9tait \u00e0 d\u00e9couvrir dans un local dans le centre d\u2019Ollioules. \u00ab\u00a0Il \u00e9tait grand temps de leur trouver une place dans un espace adapt\u00e9 \u00ab\u00a0, sourient-ils.<\/p>\n<p>Dix ans de travail pour un mus\u00e9e unique<\/p>\n<p>Et bien, apr\u00e8s presque dix ann\u00e9es de travail minutieux et de collaboration pour trouver ce fameux local, la cons\u00e9cration est enfin l\u00e0: toutes ces pi\u00e8ces rares sont d\u00e9sormais expos\u00e9es dans un mus\u00e9e sp\u00e9cialement am\u00e9nag\u00e9 pour l\u2019occasion.<\/p>\n<p>\u00ab\u00a0Install\u00e9 dans une maison de caract\u00e8re du XVII si\u00e8cle, anciennement connue comme la boutique du bouquiniste, ce nouveau lieu culturel vient enrichir notre patrimoine local, et s\u2019inscrit pleinement dans l\u2019\u00e2me m\u00e9di\u00e9vale et artisanale de notre ville \u00ab\u00a0, se r\u00e9jouit le maire d\u2019Ollioules, Robert Beneventi.<\/p>\n<p>              <img ci-src=\"https:\/\/www.varmatin.com\/vie-locale\/protec\/DATA_ART_15975358-AeQnbdC6.jpg?vh=284493&amp;ci_seal=1c65ecb0d1\" alt=\"\"\/><br \/>\n        L\u00e9gende.  <strong>Photo Frank Muller.<\/strong> <\/p>\n<p>Sur pr\u00e8s de 200m\u00b2, le visiteur est invit\u00e9 \u00e0 un voyage \u00e0 travers le temps: cl\u00e9s gallo-romaines en bronze, serrures gothiques aux d\u00e9cors architecturaux, chefs-d\u2019\u0153uvre de la Renaissance, jusqu\u2019aux raffinements des p\u00e9riodes Louis XIV et Louis XVI.<\/p>\n<p>\u00ab\u00a0Chaque pi\u00e8ce raconte une \u00e9poque, une technique, un geste, une vision du monde, souligne le premier magistrat. C\u2019 est bien plus qu\u2019une exposition: c\u2019est un hommage \u00e0 un m\u00e9tier noble, \u00e0 des g\u00e9n\u00e9rations d\u2019artisans, \u00e0 leur inventivit\u00e9, leur patience et leur g\u00e9nie. \u00ab\u00a0<\/p>\n<p>Le mus\u00e9e ouvrira officiellement ses portes au public le 3 septembre prochain.<\/p>\n<p>1. 112 avenue Dagnan. Gratuit.<\/p>\n<p>2. Le mus\u00e9e de la clef et de la serrure est le sixi\u00e8me de la commune, apr\u00e8s le mus\u00e9e de la fleur d\u2019Ollioules et de l\u2019olivier, le mus\u00e9e de l\u2019\u00e9cole publique, le mus\u00e9e du moulin de Palisson, le mus\u00e9e arch\u00e9ologique Bottin-Layet et bien s\u00fbr la maison du Patrimoine d\u2019Ollioules,<\/p>\n<p>              <img ci-src=\"https:\/\/www.varmatin.com\/vie-locale\/protec\/DATA_ART_15975357-s9z4edbg.jpg?vh=faa739&amp;ci_seal=c60a07ec48\" alt=\"\"\/><br \/>\n         <strong>Photo Frank Muller.<\/strong> <\/p>\n<p>              <img ci-src=\"https:\/\/www.varmatin.com\/vie-locale\/protec\/DATA_ART_15975356-HSkjMH0t.jpg?vh=6235ee&amp;ci_seal=0c7c8ff1c7\" alt=\"\"\/><br \/>\n         <strong>Photo Frank Muller.<\/strong> <\/p>\n","protected":false},"excerpt":{"rendered":"Dans la s\u00e9rie des mus\u00e9es insolites et originaux, un petit nouveau vient s\u2019ajouter \u00e0 la liste dans la&hellip;\n","protected":false},"author":2,"featured_media":276980,"comment_status":"","ping_status":"","sticky":false,"template":"","format":"standard","meta":{"footnotes":""},"categories":[9619],"tags":[1111,11,1777,674,1011,27,12,882,25,2310,3366],"class_list":{"0":"post-276979","1":"post","2":"type-post","3":"status-publish","4":"format-standard","5":"has-post-thumbnail","7":"category-toulon","8":"tag-actu","9":"tag-actualites","10":"tag-eu","11":"tag-europe","12":"tag-fr","13":"tag-france","14":"tag-news","15":"tag-provence-alpes-cote-dazur","16":"tag-republique-francaise","17":"tag-toulon","18":"tag-vie-locale"},"share_on_mastodon":{"url":"https:\/\/pubeurope.com\/@fr\/114924170967793515","error":""},"_links":{"self":[{"href":"https:\/\/www.europesays.com\/fr\/wp-json\/wp\/v2\/posts\/276979","targetHints":{"allow":["GET"]}}],"collection":[{"href":"https:\/\/www.europesays.com\/fr\/wp-json\/wp\/v2\/posts"}],"about":[{"href":"https:\/\/www.europesays.com\/fr\/wp-json\/wp\/v2\/types\/post"}],"author":[{"embeddable":true,"href":"https:\/\/www.europesays.com\/fr\/wp-json\/wp\/v2\/users\/2"}],"replies":[{"embeddable":true,"href":"https:\/\/www.europesays.com\/fr\/wp-json\/wp\/v2\/comments?post=276979"}],"version-history":[{"count":0,"href":"https:\/\/www.europesays.com\/fr\/wp-json\/wp\/v2\/posts\/276979\/revisions"}],"wp:featuredmedia":[{"embeddable":true,"href":"https:\/\/www.europesays.com\/fr\/wp-json\/wp\/v2\/media\/276980"}],"wp:attachment":[{"href":"https:\/\/www.europesays.com\/fr\/wp-json\/wp\/v2\/media?parent=276979"}],"wp:term":[{"taxonomy":"category","embeddable":true,"href":"https:\/\/www.europesays.com\/fr\/wp-json\/wp\/v2\/categories?post=276979"},{"taxonomy":"post_tag","embeddable":true,"href":"https:\/\/www.europesays.com\/fr\/wp-json\/wp\/v2\/tags?post=276979"}],"curies":[{"name":"wp","href":"https:\/\/api.w.org\/{rel}","templated":true}]}}