{"id":276987,"date":"2025-07-27T08:10:10","date_gmt":"2025-07-27T08:10:10","guid":{"rendered":"https:\/\/www.europesays.com\/fr\/276987\/"},"modified":"2025-07-27T08:10:10","modified_gmt":"2025-07-27T08:10:10","slug":"le-jeune-homme-porte-disparu-depuis-une-semaine-a-ete-retrouve","status":"publish","type":"post","link":"https:\/\/www.europesays.com\/fr\/276987\/","title":{"rendered":"le jeune homme port\u00e9 disparu depuis une semaine a \u00e9t\u00e9 retrouv\u00e9"},"content":{"rendered":"<p>            Par<br \/>\n        <strong><br \/>\n            <a href=\"https:\/\/actu.fr\/auteur\/aurelien-delavaud\" title=\"Consulter tous les articles de Aur\u00e9lien Delavaud\" target=\"_blank\" rel=\"noopener\">Aur\u00e9lien Delavaud<\/a><br \/>\n        <\/strong><\/p>\n<p>        Publi\u00e9 le<\/p>\n<p>            27 juil. 2025 \u00e0 9h17        <\/p>\n<p>C\u2019est un grand soulagement, pour Sonia Haillet. Tout juste <a href=\"https:\/\/actu.fr\/normandie\/elbeuf_76231\/seine-maritime-un-jeune-homme-autiste-et-schizophrene-a-disparu-depuis-une-semaine_62961418.html\" target=\"_blank\" rel=\"noopener\">une semaine apr\u00e8s sa disparition, \u00e0 Elbeuf (Seine-Maritime)<\/a>, son fils Killian, jeune adulte diagnostiqu\u00e9 autiste et schizophr\u00e8ne, a \u00e9t\u00e9 <b>retrouv\u00e9 sain et sauf<\/b>.<\/p>\n<p>Une fuite jusqu\u2019\u00e0 Paris<\/p>\n<p class=\" wall-content\">C\u2019est dans la nuit du samedi\u00a026 au dimanche 27\u00a0juillet 2025 que la m\u00e8re a re\u00e7u l\u2019appel qu\u2019elle attendait. Son fils s\u2019\u00e9tait rendu par lui-m\u00eame, la veille, au <b>Centre hospitalier du Rouvray<\/b>, un \u00e9tablissement sp\u00e9cialis\u00e9 dans les soins psychiatriques, pr\u00e8s de Rouen.<\/p>\n<p class=\" wall-content\">Mais o\u00f9 Killian \u00e9tait-il pass\u00e9 pendant pr\u00e8s d\u2019une semaine\u2009? Selon Sonia Haillet, son fils qui sait se d\u00e9placer par lui-m\u00eame dit s\u2019\u00eatre<b> rendu jusqu\u2019\u00e0 Paris<\/b>. Sans savoir pour autant ce qu\u2019il y aurait fait.<\/p>\n<p>    <a href=\"https:\/\/www.facebook.com\/plugins\/post.php?href=https%3A%2F%2Fwww.facebook.com%2Falain.s.haillet%2Fposts%2Fpfbid02tusRXDmUUHjLkGuDfU96yizrzEZpt6gVMw5umWGBLd5LnPJYmBB7LkeZhdLwsoWKl&amp;show_text=true&amp;width=350\" title=\"Ouvrie le lien\" target=\"_blank\" rel=\"noopener\">Cliquez ici pour visualiser le contenu<\/a><\/p>\n<p class=\" wall-content\">Le principal reste que le jeune homme de 21\u00a0ans a \u00e9t\u00e9 retrouv\u00e9 et que, selon sa m\u00e8re, il se porte bien.<\/p>\n<p class=\" wall-content\">Maintenant, elle esp\u00e8re comprendre les raisons de cette escapade prolong\u00e9e et trouver de l\u2019aide pour placer Killian dans un \u00e9tablissement adapt\u00e9 \u00e0 son <b>handicap<\/b>.<\/p>\n<p>Vid\u00e9os : en ce moment sur Actu<\/p>\n<p class=\" wall-content\">Suivez toute l\u2019actualit\u00e9 de vos villes et m\u00e9dias favoris en vous inscrivant \u00e0 <a href=\"https:\/\/moncompte.actu.fr\" title=\"D\u00e9couvez Mon Actu\" rel=\"nofollow noopener\" data-trk=\"{&quot;cta&quot;:{&quot;action&quot;:&quot;https:\\\/\\\/moncompte.actu.fr&quot;,&quot;category&quot;:&quot;mon compte&quot;,&quot;from&quot;:&quot;article footer&quot;,&quot;name&quot;:&quot;Mon actu&quot;,&quot;type&quot;:&quot;cta&quot;}}\" target=\"_blank\">Mon Actu<\/a>.<\/p>\n<ul class=\"ac-article-tag wall-content\">\n<li><a href=\"https:\/\/actu.fr\/tag\/disparition\" data-trk=\"{&quot;cta&quot;:{&quot;action&quot;:&quot;Disparition inqui\\u00e9tante&quot;,&quot;category&quot;:&quot;tag&quot;,&quot;from&quot;:&quot;article footer&quot;,&quot;name&quot;:&quot;Disparition inqui\\u00e9tante&quot;,&quot;type&quot;:&quot;cta&quot;}}\" target=\"_blank\" rel=\"noopener\">#Disparition inqui\u00e9tante<\/a><\/li>\n<\/ul>\n","protected":false},"excerpt":{"rendered":"Par Aur\u00e9lien Delavaud Publi\u00e9 le 27 juil. 2025 \u00e0 9h17 C\u2019est un grand soulagement, pour Sonia Haillet. Tout&hellip;\n","protected":false},"author":2,"featured_media":276988,"comment_status":"","ping_status":"","sticky":false,"template":"","format":"standard","meta":{"footnotes":""},"categories":[9587],"tags":[1111,11,3676,1777,674,118,1011,27,12,5161,25,9590],"class_list":{"0":"post-276987","1":"post","2":"type-post","3":"status-publish","4":"format-standard","5":"has-post-thumbnail","7":"category-rouen","8":"tag-actu","9":"tag-actualites","10":"tag-disparition-inquietante","11":"tag-eu","12":"tag-europe","13":"tag-faits-divers","14":"tag-fr","15":"tag-france","16":"tag-news","17":"tag-normandie","18":"tag-republique-francaise","19":"tag-rouen"},"share_on_mastodon":{"url":"https:\/\/pubeurope.com\/@fr\/114924186687911057","error":""},"_links":{"self":[{"href":"https:\/\/www.europesays.com\/fr\/wp-json\/wp\/v2\/posts\/276987","targetHints":{"allow":["GET"]}}],"collection":[{"href":"https:\/\/www.europesays.com\/fr\/wp-json\/wp\/v2\/posts"}],"about":[{"href":"https:\/\/www.europesays.com\/fr\/wp-json\/wp\/v2\/types\/post"}],"author":[{"embeddable":true,"href":"https:\/\/www.europesays.com\/fr\/wp-json\/wp\/v2\/users\/2"}],"replies":[{"embeddable":true,"href":"https:\/\/www.europesays.com\/fr\/wp-json\/wp\/v2\/comments?post=276987"}],"version-history":[{"count":0,"href":"https:\/\/www.europesays.com\/fr\/wp-json\/wp\/v2\/posts\/276987\/revisions"}],"wp:featuredmedia":[{"embeddable":true,"href":"https:\/\/www.europesays.com\/fr\/wp-json\/wp\/v2\/media\/276988"}],"wp:attachment":[{"href":"https:\/\/www.europesays.com\/fr\/wp-json\/wp\/v2\/media?parent=276987"}],"wp:term":[{"taxonomy":"category","embeddable":true,"href":"https:\/\/www.europesays.com\/fr\/wp-json\/wp\/v2\/categories?post=276987"},{"taxonomy":"post_tag","embeddable":true,"href":"https:\/\/www.europesays.com\/fr\/wp-json\/wp\/v2\/tags?post=276987"}],"curies":[{"name":"wp","href":"https:\/\/api.w.org\/{rel}","templated":true}]}}