{"id":276991,"date":"2025-07-27T08:17:17","date_gmt":"2025-07-27T08:17:17","guid":{"rendered":"https:\/\/www.europesays.com\/fr\/276991\/"},"modified":"2025-07-27T08:17:17","modified_gmt":"2025-07-27T08:17:17","slug":"30e-festival-le-grand-soufflet-en-octobre-en-ille-et-vilaine-la-billetterie-est-ouverte-3","status":"publish","type":"post","link":"https:\/\/www.europesays.com\/fr\/276991\/","title":{"rendered":"30e festival Le Grand soufflet en octobre en Ille-et-Vilaine\u00a0: la billetterie est ouverte"},"content":{"rendered":"<p>Musiques urbaines, musiques trad, \u00e0 \u00e9couter ou \u00e0 danser, venues d\u2019ici ou d\u2019ailleurs, la programmation de la prochaine \u00e9dition du Grand Soufflet est d\u00e9sormais achev\u00e9e.<\/p>\n<p>Plus de 130\u00a0rendez-vous, dont 77\u00a0concerts sur quarante-quatre communes en Ille-et-Vilaine, sont au programme de <a href=\"https:\/\/www.legrandsoufflet.fr\/\" target=\"_blank\" rel=\"noopener\">la 30e \u00e9dition du festival Le Grand Soufflet, qui se d\u00e9roulera du 1er\u00a0au 12\u00a0octobre 2025<\/a> avec un c\u0153ur battant \u00e0 Rennes, du 1er\u00a0au 5\u00a0octobre 2025, dans le parc du Thabor. Stages, conf\u00e9rences, projections, rencontres ou jeux sont \u00e9galement au rendez-vous.<\/p>\n<p>La billetterie est d\u2019ores et d\u00e9j\u00e0 ouverte. Parmi les groupes et artistes invit\u00e9s\u00a0: Brazakuja (musique du Br\u00e9sil aux balkans, le 12\u00a0octobre, \u00e0 Rennes)\u00a0; Djazia Satour (chanson franco-alg\u00e9rienne, le 5\u00a0ocotbre, \u00e0 Montours, les Portes du Coglais)\u00a0; Eliasse, le son des comores (le 4\u00a0octobre \u00e0 Servon-sur-VIlaine, le 5 \u00e0 Chantepie)\u00a0; le g\u00e9ant du bayou Robert Finley (le 8 \u00e0 Betton)\u00a0; Piers Faccini et Ballak\u00e9 Sissoko, \u00e0 la crois\u00e9e de l\u2019Afrique et de l\u2019Europe (le 1er\u00a0octobre \u00e0 Foug\u00e8res),\u00a0etc&#8230; <a href=\"https:\/\/www.legrandsoufflet.fr\/billetterie\/\" target=\"_blank\" rel=\"noopener\">La billetterie est ouverte.<\/a><\/p>\n<p>\u00a0<\/p>\n","protected":false},"excerpt":{"rendered":"Musiques urbaines, musiques trad, \u00e0 \u00e9couter ou \u00e0 danser, venues d\u2019ici ou d\u2019ailleurs, la programmation de la prochaine&hellip;\n","protected":false},"author":2,"featured_media":275481,"comment_status":"","ping_status":"","sticky":false,"template":"","format":"standard","meta":{"footnotes":""},"categories":[2821],"tags":[41484,1111,11,13940,829,1777,674,849,1011,27,2515,848,12,7518,12884,584,25,41485],"class_list":{"0":"post-276991","1":"post","2":"type-post","3":"status-publish","4":"format-standard","5":"has-post-thumbnail","7":"category-rennes","8":"tag-30e","9":"tag-actu","10":"tag-actualites","11":"tag-billetterie","12":"tag-bretagne","13":"tag-eu","14":"tag-europe","15":"tag-festival","16":"tag-fr","17":"tag-france","18":"tag-grand","19":"tag-ille-et-vilaine","20":"tag-news","21":"tag-octobre","22":"tag-ouverte","23":"tag-rennes","24":"tag-republique-francaise","25":"tag-soufflet"},"share_on_mastodon":{"url":"https:\/\/pubeurope.com\/@fr\/114924214431741853","error":""},"_links":{"self":[{"href":"https:\/\/www.europesays.com\/fr\/wp-json\/wp\/v2\/posts\/276991","targetHints":{"allow":["GET"]}}],"collection":[{"href":"https:\/\/www.europesays.com\/fr\/wp-json\/wp\/v2\/posts"}],"about":[{"href":"https:\/\/www.europesays.com\/fr\/wp-json\/wp\/v2\/types\/post"}],"author":[{"embeddable":true,"href":"https:\/\/www.europesays.com\/fr\/wp-json\/wp\/v2\/users\/2"}],"replies":[{"embeddable":true,"href":"https:\/\/www.europesays.com\/fr\/wp-json\/wp\/v2\/comments?post=276991"}],"version-history":[{"count":0,"href":"https:\/\/www.europesays.com\/fr\/wp-json\/wp\/v2\/posts\/276991\/revisions"}],"wp:featuredmedia":[{"embeddable":true,"href":"https:\/\/www.europesays.com\/fr\/wp-json\/wp\/v2\/media\/275481"}],"wp:attachment":[{"href":"https:\/\/www.europesays.com\/fr\/wp-json\/wp\/v2\/media?parent=276991"}],"wp:term":[{"taxonomy":"category","embeddable":true,"href":"https:\/\/www.europesays.com\/fr\/wp-json\/wp\/v2\/categories?post=276991"},{"taxonomy":"post_tag","embeddable":true,"href":"https:\/\/www.europesays.com\/fr\/wp-json\/wp\/v2\/tags?post=276991"}],"curies":[{"name":"wp","href":"https:\/\/api.w.org\/{rel}","templated":true}]}}