{"id":276999,"date":"2025-07-27T08:22:11","date_gmt":"2025-07-27T08:22:11","guid":{"rendered":"https:\/\/www.europesays.com\/fr\/276999\/"},"modified":"2025-07-27T08:22:11","modified_gmt":"2025-07-27T08:22:11","slug":"centre-commercial-iconic-de-nice-des-millions-de-clients-de-nouveaux-magasins-en-2026-le-bilan","status":"publish","type":"post","link":"https:\/\/www.europesays.com\/fr\/276999\/","title":{"rendered":"Centre commercial Iconic de Nice. Des millions de clients, de nouveaux magasins en 2026 : le bilan"},"content":{"rendered":"<p>            Par<br \/>\n        <strong><br \/>\n            <a href=\"https:\/\/actu.fr\/auteur\/ugo-maillard\" title=\"Consulter tous les articles de Ugo Maillard\" rel=\"nofollow noopener\" target=\"_blank\">Ugo Maillard<\/a><br \/>\n        <\/strong><\/p>\n<p>        Publi\u00e9 le<\/p>\n<p>            27 juil. 2025 \u00e0 8h12        <\/p>\n<p>Apr\u00e8s cinq ann\u00e9es de retard, le centre commercial <strong>Iconic<\/strong> de <a href=\"https:\/\/actu.fr\/nice\/\" rel=\"nofollow noopener\" target=\"_blank\">Nice<\/a> ouvrait enfin ses portes le 15\u00a0juillet 2024. Le b\u00e2timent vitr\u00e9 qu\u2019il est difficile de rater se trouve entre la gare <a href=\"https:\/\/actu.fr\/tag\/sncf\" rel=\"nofollow noopener\" target=\"_blank\">SNCF<\/a> et l\u2019avenue Jean-M\u00e9d\u00e9cin, en plein c\u0153ur de la cit\u00e9 ni\u00e7oise. Le centre qui souhaitait proposer un lieu de vie \u00ab\u2009multidisciplinaire\u2009\u00bb, comprenez avec des <a href=\"https:\/\/actu.fr\/tag\/restaurant\" rel=\"nofollow noopener\" target=\"_blank\">restaurants<\/a>, des salles de sport, des magasins, un h\u00f4tel quatre \u00e9toiles ou encore des locaux d\u2019\u00e9coles priv\u00e9es, f\u00eate sa premi\u00e8re ann\u00e9e en ce mois de juillet 2025.<\/p>\n<p class=\" wall-content\">La direction du groupe \u00e0 la gestion d\u2019Iconic, Compagnie de Phalsbourg, a souhait\u00e9 revenir sur cette premi\u00e8re ann\u00e9e d\u2019exercice.<\/p>\n<p>Des millions de visiteurs<\/p>\n<p class=\" wall-content\">Le dernier centre <a href=\"https:\/\/actu.fr\/tag\/commerce\" rel=\"nofollow noopener\" target=\"_blank\">commercial<\/a> \u00e0 avoir ouvert dans les<a href=\"https:\/\/actu.fr\/provence-alpes-cote-d-azur\/alpes-maritimes_06\" rel=\"nofollow noopener\" target=\"_blank\"> Alpes-Maritimes<\/a> annonce un chiffre de <strong>quatre millions de visiteurs<\/strong> lors de la premi\u00e8re ann\u00e9e d\u2019exploitation, ce qui en fait \u00ab\u2009un nouveau p\u00f4le d\u2019attractivit\u00e9 majeur de la ville\u2009\u00bb, commentent les \u00e9quipes d\u2019Iconic.<\/p>\n<p class=\" wall-content\">Pr\u00e9sent au sein du centre commercial, l\u2019h\u00f4tel Hilton affiche \u00e9galement de bons r\u00e9sultats avec plusieurs jours de remplissage \u00e0 100%, notamment gr\u00e2ce \u00e0 une client\u00e8le m\u00ealant affaires, tourisme et s\u00e9jours \u00e9v\u00e9nementiels.<\/p>\n<p class=\" wall-content\">Point crucial pour juger le succ\u00e8s d\u2019un tel espace, le centre Iconic affiche<strong> un taux de commercialisation de 100\u2009%<\/strong>. Concr\u00e8tement, toutes les cellules pouvant accueillir des enseignes ont \u00e9t\u00e9 lou\u00e9es.<\/p>\n<blockquote class=\"ac-article-quote wall-content\">\n<p>100% de commercialisation des enseignes de premier plan, incluant notamment Uniqlo, Monoprix, Starbucks, Five Guys, Eric Kayser, Jojo\u2019s Dough, Pesca, Bagelstein, Monsieur Albert ou Foca.<\/p>\n<p>    <strong>Direction du centre Iconic<\/strong>\n            <\/p><\/blockquote>\n<p>Une \u00ab\u2009mont\u00e9e en puissance en 2026\u2009\u00bb<\/p>\n<p class=\" wall-content\">\u00ab\u2009Fort de cette premi\u00e8re ann\u00e9e, Iconic poursuivra son d\u00e9veloppement au cours des prochains mois\u2009\u00bb, assure la direction du centre commercial.<\/p>\n<p class=\" wall-content\">D\u00e8s le deuxi\u00e8me trimestre 2026, <strong>une salle de spectacle accueillant jusqu\u2019\u00e0 1000 personnes<\/strong> doit voir le jour. La Compagnie de Phalsbourg promet \u00ab\u2009une programmation ambitieuse et vari\u00e9e avec des concerts, spectacles ou encore des formats immersifs au croisement du divertissement, de la culture et de l\u2019innovation technologique\u2009\u00bb.<\/p>\n<blockquote class=\"ac-article-quote wall-content\">\n<p>C\u2019est pour nous une grande satisfaction de constater qu\u2019en seulement un an, Iconic a r\u00e9ussi \u00e0 changer la physionomie du quartier de la Gare de Thiers, qu\u2019il a \u00e9t\u00e9 adopt\u00e9 par les Ni\u00e7ois et participe \u00e0 la modernit\u00e9 de la Ville de Nice.<\/p>\n<p>    <strong>Philippe Journo<\/strong><br \/>\n         Pr\u00e9sident-fondateur de Compagnie de Phalsbourg    <\/p><\/blockquote>\n<p class=\" wall-content\">L\u2019\u00e9tablissement 4 \u00e9toiles, Hilton, devrait lancer un projet d\u2019agrandissement avec<strong> 17 chambres suppl\u00e9mentaires<\/strong>, portant sa capacit\u00e9 totale \u00e0 122 chambres.<\/p>\n<p class=\" wall-content\">Suivez toute l\u2019actualit\u00e9 de vos villes et m\u00e9dias favoris en vous inscrivant \u00e0 <a href=\"https:\/\/moncompte.actu.fr\" title=\"D\u00e9couvez Mon Actu\" rel=\"nofollow noopener\" data-trk=\"{&quot;cta&quot;:{&quot;action&quot;:&quot;https:\\\/\\\/moncompte.actu.fr&quot;,&quot;category&quot;:&quot;mon compte&quot;,&quot;from&quot;:&quot;article footer&quot;,&quot;name&quot;:&quot;Mon actu&quot;,&quot;type&quot;:&quot;cta&quot;}}\" target=\"_blank\">Mon Actu<\/a>.<\/p>\n","protected":false},"excerpt":{"rendered":"Par Ugo Maillard Publi\u00e9 le 27 juil. 2025 \u00e0 8h12 Apr\u00e8s cinq ann\u00e9es de retard, le centre commercial&hellip;\n","protected":false},"author":2,"featured_media":277000,"comment_status":"","ping_status":"","sticky":false,"template":"","format":"standard","meta":{"footnotes":""},"categories":[2819],"tags":[1111,11,215,33,1777,674,1011,27,12,2401,882,25],"class_list":{"0":"post-276999","1":"post","2":"type-post","3":"status-publish","4":"format-standard","5":"has-post-thumbnail","7":"category-nice","8":"tag-actu","9":"tag-actualites","10":"tag-commerce","11":"tag-economie","12":"tag-eu","13":"tag-europe","14":"tag-fr","15":"tag-france","16":"tag-news","17":"tag-nice","18":"tag-provence-alpes-cote-dazur","19":"tag-republique-francaise"},"share_on_mastodon":{"url":"https:\/\/pubeurope.com\/@fr\/114924233994363141","error":""},"_links":{"self":[{"href":"https:\/\/www.europesays.com\/fr\/wp-json\/wp\/v2\/posts\/276999","targetHints":{"allow":["GET"]}}],"collection":[{"href":"https:\/\/www.europesays.com\/fr\/wp-json\/wp\/v2\/posts"}],"about":[{"href":"https:\/\/www.europesays.com\/fr\/wp-json\/wp\/v2\/types\/post"}],"author":[{"embeddable":true,"href":"https:\/\/www.europesays.com\/fr\/wp-json\/wp\/v2\/users\/2"}],"replies":[{"embeddable":true,"href":"https:\/\/www.europesays.com\/fr\/wp-json\/wp\/v2\/comments?post=276999"}],"version-history":[{"count":0,"href":"https:\/\/www.europesays.com\/fr\/wp-json\/wp\/v2\/posts\/276999\/revisions"}],"wp:featuredmedia":[{"embeddable":true,"href":"https:\/\/www.europesays.com\/fr\/wp-json\/wp\/v2\/media\/277000"}],"wp:attachment":[{"href":"https:\/\/www.europesays.com\/fr\/wp-json\/wp\/v2\/media?parent=276999"}],"wp:term":[{"taxonomy":"category","embeddable":true,"href":"https:\/\/www.europesays.com\/fr\/wp-json\/wp\/v2\/categories?post=276999"},{"taxonomy":"post_tag","embeddable":true,"href":"https:\/\/www.europesays.com\/fr\/wp-json\/wp\/v2\/tags?post=276999"}],"curies":[{"name":"wp","href":"https:\/\/api.w.org\/{rel}","templated":true}]}}