{"id":277003,"date":"2025-07-27T08:24:15","date_gmt":"2025-07-27T08:24:15","guid":{"rendered":"https:\/\/www.europesays.com\/fr\/277003\/"},"modified":"2025-07-27T08:24:15","modified_gmt":"2025-07-27T08:24:15","slug":"pour-un-anniversaire-quatre-autorails-depoque-circuleront-en-septembre-entre-nantes-et-pornic","status":"publish","type":"post","link":"https:\/\/www.europesays.com\/fr\/277003\/","title":{"rendered":"Pour un anniversaire, quatre autorails d\u2019\u00e9poque circuleront en septembre entre Nantes et Pornic"},"content":{"rendered":"<p>Pour ce week-end qui s\u2019annonce festif, la Ville de Pornic, avec le soutien de la SNCF, de la R\u00e9gion et d\u2019associations passionn\u00e9es, veut marquer l\u2019\u00e9v\u00e9nement en m\u00ealant patrimoine, festivit\u00e9s et projets d\u2019avenir.<\/p>\n<p>\u00a0Cette ligne est intimement li\u00e9e \u00e0 l\u2019histoire de Pornic. Sans elle, le tourisme local ne serait pas ce qu\u2019il est aujourd\u2019hui\u00a0, &#8230;<\/p>\n<p>\u00a0<\/p>\n","protected":false},"excerpt":{"rendered":"Pour ce week-end qui s\u2019annonce festif, la Ville de Pornic, avec le soutien de la SNCF, de la&hellip;\n","protected":false},"author":2,"featured_media":277004,"comment_status":"","ping_status":"","sticky":false,"template":"","format":"standard","meta":{"footnotes":""},"categories":[2818],"tags":[1111,11,3581,41627,41628,16368,1777,674,1011,27,766,12,2636,5376,25,6689,395,9693],"class_list":{"0":"post-277003","1":"post","2":"type-post","3":"status-publish","4":"format-standard","5":"has-post-thumbnail","7":"category-nantes","8":"tag-actu","9":"tag-actualites","10":"tag-anniversaire","11":"tag-autorails","12":"tag-circuleront","13":"tag-epoque","14":"tag-eu","15":"tag-europe","16":"tag-fr","17":"tag-france","18":"tag-nantes","19":"tag-news","20":"tag-pays-de-la-loire","21":"tag-pornic","22":"tag-republique-francaise","23":"tag-roche","24":"tag-septembre","25":"tag-yon"},"share_on_mastodon":{"url":"https:\/\/pubeurope.com\/@fr\/114924241803310590","error":""},"_links":{"self":[{"href":"https:\/\/www.europesays.com\/fr\/wp-json\/wp\/v2\/posts\/277003","targetHints":{"allow":["GET"]}}],"collection":[{"href":"https:\/\/www.europesays.com\/fr\/wp-json\/wp\/v2\/posts"}],"about":[{"href":"https:\/\/www.europesays.com\/fr\/wp-json\/wp\/v2\/types\/post"}],"author":[{"embeddable":true,"href":"https:\/\/www.europesays.com\/fr\/wp-json\/wp\/v2\/users\/2"}],"replies":[{"embeddable":true,"href":"https:\/\/www.europesays.com\/fr\/wp-json\/wp\/v2\/comments?post=277003"}],"version-history":[{"count":0,"href":"https:\/\/www.europesays.com\/fr\/wp-json\/wp\/v2\/posts\/277003\/revisions"}],"wp:featuredmedia":[{"embeddable":true,"href":"https:\/\/www.europesays.com\/fr\/wp-json\/wp\/v2\/media\/277004"}],"wp:attachment":[{"href":"https:\/\/www.europesays.com\/fr\/wp-json\/wp\/v2\/media?parent=277003"}],"wp:term":[{"taxonomy":"category","embeddable":true,"href":"https:\/\/www.europesays.com\/fr\/wp-json\/wp\/v2\/categories?post=277003"},{"taxonomy":"post_tag","embeddable":true,"href":"https:\/\/www.europesays.com\/fr\/wp-json\/wp\/v2\/tags?post=277003"}],"curies":[{"name":"wp","href":"https:\/\/api.w.org\/{rel}","templated":true}]}}