{"id":277009,"date":"2025-07-27T08:27:13","date_gmt":"2025-07-27T08:27:13","guid":{"rendered":"https:\/\/www.europesays.com\/fr\/277009\/"},"modified":"2025-07-27T08:27:13","modified_gmt":"2025-07-27T08:27:13","slug":"pres-de-toulouse-dans-un-esprit-champetre-et-famille-ce-nouveau-resto-ephemere-va-seduire-les-viandards","status":"publish","type":"post","link":"https:\/\/www.europesays.com\/fr\/277009\/","title":{"rendered":"Pr\u00e8s de Toulouse, dans un esprit champ\u00eatre et famille, ce nouveau resto \u00e9ph\u00e9m\u00e8re va s\u00e9duire les viandards"},"content":{"rendered":"<p>            Par<br \/>\n        <strong><br \/>\n            <a href=\"https:\/\/actu.fr\/auteur\/lucie-2\" title=\"Consulter tous les articles de Lucie Fraisse\" target=\"_blank\" rel=\"noopener\">Lucie Fraisse<\/a><br \/>\n        <\/strong><\/p>\n<p>        Publi\u00e9 le<\/p>\n<p>            27 juil. 2025 \u00e0 6h08        <\/p>\n<p>Un nouveau restaurant \u00e9ph\u00e9m\u00e8re a vu le jour pr\u00e8s de <a href=\"https:\/\/actu.fr\/toulouse\/\" target=\"_blank\" rel=\"noopener\">Toulouse<\/a>, en cet \u00e9t\u00e9 2025. O\u2019Boisero est une nouvelle adresse \u00e0 l\u2019esprit famille, en pleine nature, situ\u00e9e<a href=\"https:\/\/www.domainedut.fr\/\" target=\"_blank\" rel=\"noopener\"> au Domaine du T<\/a>, une salle de r\u00e9ception et d\u2019\u00e9v\u00e9nementiel haut de gamme sise \u00e0 <strong>Balma<\/strong>.<\/p>\n<p>Dans le parc du domaine\u00a0<\/p>\n<p class=\" wall-content\">Aux origines de ce nouvel \u00e9tablissement gourmand, la rencontre entre les propri\u00e9taires du Domaine du T et O Barbeuq\u2019 Events, un traiteur bas\u00e9 \u00e0<strong> Castelnau-d\u2019Estr\u00e9tefonds<\/strong>. Apr\u00e8s de nombreuses collaborations \u00e9v\u00e9nementielles au domaine, ils ont choisi de travailler ensemble sur cette nouvelle proposition.<\/p>\n<p class=\" wall-content\">\u00ab\u00a0On a install\u00e9 deux containers dans le parc, explique Carlotta Bourdonnais, charg\u00e9e de communication et g\u00e9rante de cet \u00e9tablissement \u00e9ph\u00e9m\u00e8re. L\u2019un sert de bar, l\u2019autre de cuisine.\u00a0\u00bb<\/p>\n<p>Cuisson au brasero\u00a0<br \/>\n    <img   decoding=\"async\" loading=\"lazy\" src=\"https:\/\/www.europesays.com\/fr\/wp-content\/uploads\/2025\/07\/4-960x640.png\" alt=\"Cuisine au bras\u00e9ro.\" width=\"960\" height=\"640\"\/><br \/>\n    Cuisine au bras\u00e9ro. (\u00a9O \u2018Boisero)<\/p>\n<p class=\" wall-content\">Avec ses <strong>cuissons au bras\u00e9ro<\/strong>, O\u2019Boisero propose une offre culinaire qui devrait ravir tous les viandards. Planches d\u2019effiloch\u00e9 de pulled pork ou de <strong>confit de canard<\/strong>, aiguillettes de poulet en mode tapas, mais aussi c\u00f4te de b\u0153uf (matur\u00e9e ou non), magret de canard, saucisse au m\u00e8tre\u2026<\/p>\n<p>Vid\u00e9os : en ce moment sur Actu<\/p>\n<p class=\" wall-content\">Une belle offre de charcuterie, des croque-monsieurs et quelques plats de poissons ou crustac\u00e9s compl\u00e8tent la carte. Et les v\u00e9g\u00e9tariens trouveront aussi leur bonheur, avec, par exemple, une planche de croquettes de pois chiche ou des piments grill\u00e9s.<\/p>\n<p>Le menu des copains\u00a0<\/p>\n<p class=\" wall-content\">Pour les grands app\u00e9tits qui viennent nombreux, O\u2019Boisero propose le Menu des copains. Soit <strong>une offre pour 35 euros par personne<\/strong> (servie pour minimum 20 convives sur r\u00e9servations) avec bol de rillettes maison ; assortiment de pi\u00e8ce de b\u0153uf, magret, saucisse avec frites maison cuites \u00e0 la graisse de canard ; saint nectaire brais\u00e9 et baba au rhum \u00e0 partager. Plus une bouteille de vin \u00e0 partager pour quatre.<\/p>\n<p>S\u00e9lection haut de gamme\u00a0<\/p>\n<p class=\" wall-content\">Un soin particulier est apport\u00e9 \u00e0 la s\u00e9lection des produits : les viandes viennent de la maison Lascours, les charcuteries <a href=\"https:\/\/actu.fr\/occitanie\/toulouse_31555\/toulouse-affaire-familiale-depuis-trois-generations-la-belle-histoire-de-la-maison-garcia_49654034.html\" target=\"_blank\" rel=\"noopener\">de la Maison Garcia<\/a>, les l\u00e9gumes frais de chez Garonne fruits\u2026<\/p>\n<p class=\" wall-content\">C\u00f4t\u00e9 boissons, un mixologue propose plusieurs cocktails dont des recettes signatures et des offres sans alcool. La carte compte aussi des vins, bi\u00e8res, digestifs ou softs.<\/p>\n<p>Ambiance familiale<\/p>\n<p class=\" wall-content\">Les lieux peuvent accueillir jusqu\u2019\u00e0 130 personnes.\u00a0<\/p>\n<p class=\" wall-content\">\u00ab\u00a0L\u2019ambiance est tr\u00e8s familiale, on a d\u2019ailleurs un coin jeux pour les enfants, souligne la g\u00e9rante. Et le cadre est tr\u00e8s beau : on a une vue d\u00e9gag\u00e9e <strong>sur le soleil qui se couche sur la vall\u00e9e de la Garonne<\/strong>.\u00a0\u00bb<\/p>\n<p>    <a href=\"https:\/\/www.google.com\/maps\/embed?pb=!1m18!1m12!1m3!1d9558.724605726158!2d1.5090281773046836!3d43.62895965399671!2m3!1f0!2f0!3f0!3m2!1i1024!2i768!4f13.1!3m3!1m2!1s0x12aea2ad6878481f%3A0x17ea8ec3b6d9beb9!2sDomaine%20du%20T!5e1!3m2!1sfr!2sfr!4v1753436998836!5m2!1sfr!2sfr\" title=\"Ouvrie le lien\" target=\"_blank\" rel=\"noopener\">Cliquez ici pour visualiser le contenu<\/a><\/p>\n<p>Infos pratiques :<br \/>Du mardi au vendredi de 18 heures \u00e0 minuit, le samedi de 19 heures \u00e0 1 heures, au domaine du T, 86 route du Chapitre \u00e0 Balma. Renseignements et r\u00e9servations au 07 67 40 63 26 .\u00a0<\/p>\n<p class=\" wall-content\">Suivez toute l\u2019actualit\u00e9 de vos villes et m\u00e9dias favoris en vous inscrivant \u00e0 <a href=\"https:\/\/moncompte.actu.fr\" title=\"D\u00e9couvez Mon Actu\" rel=\"nofollow noopener\" data-trk=\"{&quot;cta&quot;:{&quot;action&quot;:&quot;https:\\\/\\\/moncompte.actu.fr&quot;,&quot;category&quot;:&quot;mon compte&quot;,&quot;from&quot;:&quot;article footer&quot;,&quot;name&quot;:&quot;Mon actu&quot;,&quot;type&quot;:&quot;cta&quot;}}\" target=\"_blank\">Mon Actu<\/a>.<\/p>\n<ul class=\"ac-article-tag wall-content\">\n<li><a href=\"https:\/\/actu.fr\/tag\/guinguettes-a-toulouse\" data-trk=\"{&quot;cta&quot;:{&quot;action&quot;:&quot;Guinguettes \\u00e0 Toulouse&quot;,&quot;category&quot;:&quot;tag&quot;,&quot;from&quot;:&quot;article footer&quot;,&quot;name&quot;:&quot;Guinguettes \\u00e0 Toulouse&quot;,&quot;type&quot;:&quot;cta&quot;}}\" target=\"_blank\" rel=\"noopener\">#Guinguettes \u00e0 Toulouse<\/a><\/li>\n<li><a href=\"https:\/\/actu.fr\/tag\/sortir-a-toulouse\" data-trk=\"{&quot;cta&quot;:{&quot;action&quot;:&quot;Sortir \\u00e0 Toulouse&quot;,&quot;category&quot;:&quot;tag&quot;,&quot;from&quot;:&quot;article footer&quot;,&quot;name&quot;:&quot;Sortir \\u00e0 Toulouse&quot;,&quot;type&quot;:&quot;cta&quot;}}\" target=\"_blank\" rel=\"noopener\">#Sortir \u00e0 Toulouse<\/a><\/li>\n<\/ul>\n","protected":false},"excerpt":{"rendered":"Par Lucie Fraisse Publi\u00e9 le 27 juil. 2025 \u00e0 6h08 Un nouveau restaurant \u00e9ph\u00e9m\u00e8re a vu le jour&hellip;\n","protected":false},"author":2,"featured_media":277010,"comment_status":"","ping_status":"","sticky":false,"template":"","format":"standard","meta":{"footnotes":""},"categories":[2816],"tags":[1111,11,1777,674,1011,27,14574,1652,12,2680,25,1341,2312],"class_list":{"0":"post-277009","1":"post","2":"type-post","3":"status-publish","4":"format-standard","5":"has-post-thumbnail","7":"category-toulouse","8":"tag-actu","9":"tag-actualites","10":"tag-eu","11":"tag-europe","12":"tag-fr","13":"tag-france","14":"tag-guinguettes-a-toulouse","15":"tag-loisirs-culture","16":"tag-news","17":"tag-occitanie","18":"tag-republique-francaise","19":"tag-sortir-a-toulouse","20":"tag-toulouse"},"share_on_mastodon":{"url":"https:\/\/pubeurope.com\/@fr\/114924253729671717","error":""},"_links":{"self":[{"href":"https:\/\/www.europesays.com\/fr\/wp-json\/wp\/v2\/posts\/277009","targetHints":{"allow":["GET"]}}],"collection":[{"href":"https:\/\/www.europesays.com\/fr\/wp-json\/wp\/v2\/posts"}],"about":[{"href":"https:\/\/www.europesays.com\/fr\/wp-json\/wp\/v2\/types\/post"}],"author":[{"embeddable":true,"href":"https:\/\/www.europesays.com\/fr\/wp-json\/wp\/v2\/users\/2"}],"replies":[{"embeddable":true,"href":"https:\/\/www.europesays.com\/fr\/wp-json\/wp\/v2\/comments?post=277009"}],"version-history":[{"count":0,"href":"https:\/\/www.europesays.com\/fr\/wp-json\/wp\/v2\/posts\/277009\/revisions"}],"wp:featuredmedia":[{"embeddable":true,"href":"https:\/\/www.europesays.com\/fr\/wp-json\/wp\/v2\/media\/277010"}],"wp:attachment":[{"href":"https:\/\/www.europesays.com\/fr\/wp-json\/wp\/v2\/media?parent=277009"}],"wp:term":[{"taxonomy":"category","embeddable":true,"href":"https:\/\/www.europesays.com\/fr\/wp-json\/wp\/v2\/categories?post=277009"},{"taxonomy":"post_tag","embeddable":true,"href":"https:\/\/www.europesays.com\/fr\/wp-json\/wp\/v2\/tags?post=277009"}],"curies":[{"name":"wp","href":"https:\/\/api.w.org\/{rel}","templated":true}]}}