{"id":277011,"date":"2025-07-27T08:28:10","date_gmt":"2025-07-27T08:28:10","guid":{"rendered":"https:\/\/www.europesays.com\/fr\/277011\/"},"modified":"2025-07-27T08:28:10","modified_gmt":"2025-07-27T08:28:10","slug":"toulouse-leon-marchand-et-trois-autres-pepites-des-dauphins-du-toec-en-lice-aux-mondiaux-de-natation","status":"publish","type":"post","link":"https:\/\/www.europesays.com\/fr\/277011\/","title":{"rendered":"Toulouse. L\u00e9on Marchand et trois autres p\u00e9pites des Dauphins du TOEC en lice aux Mondiaux de natation"},"content":{"rendered":"<p>            Par<br \/>\n        <strong><br \/>\n            <a href=\"https:\/\/actu.fr\/auteur\/guillaume-laurens\" title=\"Consulter tous les articles de Guillaume Laurens\" rel=\"nofollow noopener\" target=\"_blank\">Guillaume Laurens<\/a><br \/>\n        <\/strong><\/p>\n<p>        Publi\u00e9 le<\/p>\n<p>            27 juil. 2025 \u00e0 9h15<br \/>\n        ; mis \u00e0 jour le 27 juil. 2025 \u00e0 9h57    <\/p>\n<p>Dans l\u2019ombre du <a href=\"https:\/\/actu.fr\/occitanie\/toulouse_31555\/toulouse-le-roi-leon-marchand-classe-parmi-les-100-personnalites-les-plus-influentes-du-monde_62524938.html\" rel=\"nofollow noopener\" target=\"_blank\">roi <strong>L\u00e9on Marchand<\/strong><\/a>, c\u2019est une v\u00e9ritable usine \u00e0 champions, qui prouve encore cet \u00e9t\u00e9 son vivier de talents\u2009: les <a href=\"https:\/\/actu.fr\/occitanie\/toulouse_31555\/leonmania-a-toulouse-grosse-vague-d-inscriptions-aux-dauphins-du-toec_61448438.html\" rel=\"nofollow noopener\" target=\"_blank\"><strong>Dauphins du TOEC,<\/strong><\/a> club de toujours du quadruple champion olympique, sont parvenus \u00e0 qualifier pas moins de <strong>quatre nageurs<\/strong> pour les <strong>championnats du monde<\/strong> de natation, qui se tiennent \u00e0 Singapour, du dimanche 27\u00a0juillet au 3\u00a0ao\u00fbt 2025. Une \u00ab\u2009grande fiert\u00e9\u2009\u00bb pour <strong>Vincent Gardeau<\/strong>, son pr\u00e9sident, qui fournit encore cet \u00e9t\u00e9 trois des 27 nageurs de la d\u00e9l\u00e9gation fran\u00e7aise, et un autre \u00e0 l\u2019Alg\u00e9rie.<\/p>\n<p>Albane Cachot, une grande premi\u00e8re<\/p>\n<p class=\" wall-content\">C\u2019est la petite nouvelle du quatuor\u2009: <strong>Albane Cachot<\/strong> est \u00e2g\u00e9e de 18\u00a0ans seulement, et d\u00e9j\u00e0 membre du groupe \u00c9lite des Dauphins du TOEC. Cette jeune Toulousaine est <strong>championne d\u2019Europe junior<\/strong> en titre, et incarne la <strong>derni\u00e8re g\u00e9n\u00e9ration<\/strong> de nageurs issus de la Ville rose. Elle dispute <strong>le relais<\/strong> au sein d\u2019une \u00ab\u2009\u00e9quipe de France qui peut se hisser en finale\u2009\u00bb, pronostiquait Vincent Gardeau samedi soir, quelques heures avant\u2026 la qualification du quatuor ce dimanche au petit matin\u2009! Albane Cachot est \u00e0 suivre dans deux disciplines\u2009:<\/p>\n<ul class=\" wall-content\">\n<li>Relais 4 \u00d7 100\u00a0m\u00e8tres nage libre mixte<\/li>\n<li>Relais 4 \u00d7 100\u00a0m\u00e8tres nage libre<\/li>\n<\/ul>\n<p>    <a href=\"https:\/\/www.facebook.com\/plugins\/post.php?href=https%3A%2F%2Fwww.facebook.com%2FFederationFrancaiseNatation%2Fposts%2Fpfbid024bkr5w8zXYwyGszVDnNd4snHAJvc41oPYDfsGcFrAsrQ6pq1XLhMXkicnNVJ72iXl&amp;show_text=true&amp;width=350\" title=\"Ouvrie le lien\" rel=\"nofollow noopener\" target=\"_blank\">Cliquez ici pour visualiser le contenu<\/a><\/p>\n<p>Antoine Herlem, le grand retour<\/p>\n<p class=\" wall-content\">Autre champion des Dauphins du TOEC, le \u00ab\u2009dossiste\u2009\u00bb <strong>Antoine Herlem,<\/strong> 26\u00a0ans, avait \u00e9t\u00e9 sacr\u00e9 champion de France du 200\u00a0m\u00e8tres dos il y a quatre ans. C\u2019est un retour sous les feux des projecteurs pour ce nageur exp\u00e9riment\u00e9, qui a d\u00e9j\u00e0 disput\u00e9 les championnats d\u2019Europe et du monde, mais qui avait rat\u00e9 (de peu) la qualification pour les J.O\u2026 \u00ab\u2009J\u2019esp\u00e8re qu\u2019il sera <strong>au moins en demi-finale\u2009\u00bb<\/strong>, sourit Vincent Gardeau. \u00ab\u2009Il le m\u00e9rite, car c\u2019est un gar\u00e7on sympa et brillant, avec une t\u00eate bien faite\u2009\u00bb. En dehors des bassins, Antoine Herlem est en effet <strong>\u00e9tudiant \u00e0 l\u2019INSA<\/strong>, et d\u00e9crochera bient\u00f4t son dipl\u00f4me d\u2019ing\u00e9nieur. Il est qualifi\u00e9 dans une discipline\u2009:<\/p>\n<p>Vid\u00e9os : en ce moment sur ActuL\u00e9on Marchand, le roi des bassins<\/p>\n<p class=\" wall-content\"><a href=\"https:\/\/actu.fr\/jeux-olympiques\/jo-2024-incroyable-quadruple-pour-leon-marchand-qui-decroche-la-medaille-d-or-au-200m-4-nages_61440020.html\" rel=\"nofollow noopener\" target=\"_blank\">Quadruple champion olympique<\/a> et r\u00e9v\u00e9lation mondiale des J.O. de Paris 2024, <strong>L\u00e9on Marchand<\/strong>, n\u00e9 \u00e0 Toulouse, est rest\u00e9 fid\u00e8le \u00e0 son club de toujours. S\u2019il a \u00ab\u2009volontairement r\u00e9duit son programme par rapport aux Jeux olympiques\u2009\u00bb, il n\u2019en reste pas moins \u00ab\u2009ambitieux sur ses performances, notamment sur le 200\u00a0m\u00e8tres 4 nages\u2009\u00bb, observe son pr\u00e9sident et ami. L\u00e9on Marchand a lui-m\u00eame annonc\u00e9 qu\u2019il r\u00eavait de battre le <strong>record du monde<\/strong> en la mati\u00e8re et Vincent Gardeau y croit\u2009: \u00ab\u2009Il est tout proche, \u00e0 six centi\u00e8mes seulement\u2009\u00bb. Son pr\u00e9sident lui pronostique <strong>\u00ab\u2009un tr\u00e8s bon chrono\u2009\u00bb.<\/strong> Le roi L\u00e9on aura encore la lourde t\u00e2che d\u2019endosser le statut d\u2019archi-favori et de sentir le poids des cam\u00e9ras sur ses \u00e9paules. S\u2019il a fait part de son envie de participer \u00e0 <strong>deux relais<\/strong> (4 x 200 m\u00e8tres et 4 x 100 m\u00e8tres 4 nages), le nageur star se concentre surtout cette ann\u00e9e sur <strong>deux disciplines<\/strong>\u2009:<\/p>\n<ul class=\" wall-content\">\n<li>400\u00a0m\u00e8tres 4 nages<\/li>\n<li>200\u00a0m\u00e8tres 4 nages<\/li>\n<\/ul>\n<p>Jaouad Syoud, le champion alg\u00e9rien<\/p>\n<p class=\" wall-content\">Enfin, <strong>Jadouad Syoud<\/strong>, lui aussi membre du groupe \u00e9lite des Dauphins du TOEC, d\u00e9fendra les couleurs non pas de la France, mais de <strong>l\u2019Alg\u00e9rie<\/strong>, son pays natal. Ce nageur de haut niveau, qui s\u2019entra\u00eene donc \u00e0 Toulouse, a d\u00e9j\u00e0 disput\u00e9 les championnats d\u2019Europe et du monde, et s\u2019\u00e9tait m\u00eame qualifi\u00e9 pour les Jeux olympiques de Paris l\u2019\u00e9t\u00e9 dernier. \u00c0 Singapour, il sera align\u00e9 sur trois disciplines, dont deux face \u00e0 un certain L\u00e9on Marchand\u2009:<\/p>\n<ul class=\" wall-content\">\n<li>400\u00a0m\u00e8tres 4 nages<\/li>\n<li>200\u00a0m\u00e8tres 4 nages<\/li>\n<li>200\u00a0m\u00e8tres brasse<\/li>\n<\/ul>\n<p>\u00ab\u2009Dans la lign\u00e9e de l\u2019histoire du club\u2009\u00bb, dit le pr\u00e9sident<\/p>\n<p class=\" wall-content\">Quatre nageurs en lice pour ces mondiaux, \u00ab\u2009c\u2019est <strong>une grande fiert\u00e9\u2009\u00bb<\/strong> pour Vincent Gardeau. \u00ab\u2009Cela s\u2019inscrit dans <strong>la lign\u00e9e de l\u2019histoire du club\u2009\u00bb<\/strong>, qui, outre L\u00e9on Marchand, a form\u00e9 quelques-uns des plus grands champions fran\u00e7ais, de <strong>Jean Boiteux, Alex Jany<\/strong> ou <a href=\"https:\/\/actu.fr\/occitanie\/toulouse_31555\/toulouse-alfred-nakache-entre-pantheon-natation-ce-quil-faut-savoir-sur-ce-champion_23669817.html\" rel=\"nofollow noopener\" target=\"_blank\"><strong>Alfred Nakache<\/strong><\/a> \u00e0 <strong>Mehdy Metella<\/strong> plus r\u00e9cemment.<\/p>\n<p class=\" wall-content\">L\u2019an dernier, les Dauphins du TOEC avaient d\u00e9j\u00e0 envoy\u00e9 quatre nageurs \u00e0 la d\u00e9l\u00e9gation fran\u00e7aise des Jeux olympiques de Paris 2024, et six aux championnats du monde quelques mois plus t\u00f4t\u2009: \u00ab\u2009\u00c0 chaque fois qu\u2019il y a une comp\u00e9tition internationale, le club ambitionne d\u2019y participer au mieux\u2009\u00bb.<\/p>\n<blockquote class=\"ac-article-quote wall-content\">\n<p>Et quand on regarde comment il repr\u00e9sente la d\u00e9l\u00e9gation nationale, cela confirme qu&rsquo;il est l&rsquo;un des plus grands clubs, sinon le plus grand de l&rsquo;histoire de la natation fran\u00e7aise&#8230; Mais au-del\u00e0 de la section \u00e9lite, le club compte 2 000 adh\u00e9rents et s&rsquo;illustre aussi dans le loisir et le sport-sant\u00e9.\n<\/p>\n<p>    <strong>Vincent Gardeau<\/strong><br \/>\n        Pr\u00e9sident des Dauphins du TOEC    <\/p><\/blockquote>\n<p class=\" wall-content\">Le pr\u00e9sident pointe aussi la <strong>long\u00e9vit\u00e9 de l\u2019engagement<\/strong> de ces athl\u00e8tes avec le club de la Ville rose\u2009: \u00ab\u2009Albane Cachot et L\u00e9on Marchand ont fait toute leur histoire aux Dauphins du TOEC, o\u00f9 ils ont appris \u00e0 nager d\u00e8s 4 ou 5 ans\u2009\u00bb.<\/p>\n<p><strong>Quand suivre les performances des nageurs de Toulouse ?<\/strong><br \/>\u2013 <strong>Dimanche 27 juillet,<\/strong> \u00e0 partir de <strong>13 h<\/strong> : finale relais 4\u00d7100 m nage libre F (Albane Cachot).<br \/>\u2013 <strong>Mercredi 30 juillet<\/strong>, \u00e0 partir de <strong>4 h<\/strong> : s\u00e9ries 200 m 4 nages H (L\u00e9on Marchand, Jaouad Syoud), s\u00e9ries relais mixte 4\u00d7100 m nage libre (Albane Cachot). \u00c0 partir de <strong>13 h<\/strong> :\u00a0 demi-finales 200 m nage 4 nages H (L\u00e9on Marchand, Jaouad Syoud), finale relais mixte 4\u00d7100 m 4 nages (Albane Cachot).<br \/><strong>\u2013 Jeudi 31 juillet<\/strong>, \u00e0 partir de <strong>4 h<\/strong> : s\u00e9ries 200 m dos H (Antoine Herlem), s\u00e9ries 200 m brasse H (Jaouad Syoud). \u00c0 partir de <strong>13 h<\/strong> : demi-finales 200 m dos H (Antoine Herlem), demi-finales 200 m brasse H (Jaouad Syoud), finale 200 m 4 nages H (L\u00e9on Marchand, Jaouad Syoud).<br \/>\u2013 <strong>Vendredi 1\u1d49\u02b3 ao\u00fbt,<\/strong> \u00e0 partir de <strong>4 h<\/strong> : s\u00e9ries relais 4\u00d7200 m nage libre H (L\u00e9on Marchand). \u00c0 partir de <strong>13 h<\/strong> : finale 200 m dos H (Antoine Herlem), finale 200 m brasse H (Jaouad Syoud), finale relais 4\u00d7200 m nage libre H (L\u00e9on Marchand).<br \/>\u2013 <strong>Dimanche 3 ao\u00fbt<\/strong>, \u00e0 partir de <strong>4 h<\/strong> : s\u00e9ries 400 m 4 nages H (L\u00e9on Marchand, Jaouad Syoud), s\u00e9ries relais 4\u00d7100 m 4 nages H (L\u00e9on Marchand). \u00c0 partir de <strong>13 h<\/strong> : finale 400 m 4 nages H (L\u00e9on Marchand, Jaouad Syoud), finale relais 4\u00d7100 m 4 nages H (L\u00e9on Marchand).<\/p>\n<p class=\" wall-content\">Suivez toute l\u2019actualit\u00e9 de vos villes et m\u00e9dias favoris en vous inscrivant \u00e0 <a href=\"https:\/\/moncompte.actu.fr\" title=\"D\u00e9couvez Mon Actu\" rel=\"nofollow noopener\" data-trk=\"{&quot;cta&quot;:{&quot;action&quot;:&quot;https:\\\/\\\/moncompte.actu.fr&quot;,&quot;category&quot;:&quot;mon compte&quot;,&quot;from&quot;:&quot;article footer&quot;,&quot;name&quot;:&quot;Mon actu&quot;,&quot;type&quot;:&quot;cta&quot;}}\" target=\"_blank\">Mon Actu<\/a>.<\/p>\n","protected":false},"excerpt":{"rendered":"Par Guillaume Laurens Publi\u00e9 le 27 juil. 2025 \u00e0 9h15 ; mis \u00e0 jour le 27 juil. 2025&hellip;\n","protected":false},"author":2,"featured_media":277012,"comment_status":"","ping_status":"","sticky":false,"template":"","format":"standard","meta":{"footnotes":""},"categories":[2816],"tags":[1111,11,1777,674,1011,27,12,2680,25,60,15103,2312],"class_list":{"0":"post-277011","1":"post","2":"type-post","3":"status-publish","4":"format-standard","5":"has-post-thumbnail","7":"category-toulouse","8":"tag-actu","9":"tag-actualites","10":"tag-eu","11":"tag-europe","12":"tag-fr","13":"tag-france","14":"tag-news","15":"tag-occitanie","16":"tag-republique-francaise","17":"tag-sports","18":"tag-sports-nautiques","19":"tag-toulouse"},"share_on_mastodon":{"url":"https:\/\/pubeurope.com\/@fr\/114924257452158993","error":""},"_links":{"self":[{"href":"https:\/\/www.europesays.com\/fr\/wp-json\/wp\/v2\/posts\/277011","targetHints":{"allow":["GET"]}}],"collection":[{"href":"https:\/\/www.europesays.com\/fr\/wp-json\/wp\/v2\/posts"}],"about":[{"href":"https:\/\/www.europesays.com\/fr\/wp-json\/wp\/v2\/types\/post"}],"author":[{"embeddable":true,"href":"https:\/\/www.europesays.com\/fr\/wp-json\/wp\/v2\/users\/2"}],"replies":[{"embeddable":true,"href":"https:\/\/www.europesays.com\/fr\/wp-json\/wp\/v2\/comments?post=277011"}],"version-history":[{"count":0,"href":"https:\/\/www.europesays.com\/fr\/wp-json\/wp\/v2\/posts\/277011\/revisions"}],"wp:featuredmedia":[{"embeddable":true,"href":"https:\/\/www.europesays.com\/fr\/wp-json\/wp\/v2\/media\/277012"}],"wp:attachment":[{"href":"https:\/\/www.europesays.com\/fr\/wp-json\/wp\/v2\/media?parent=277011"}],"wp:term":[{"taxonomy":"category","embeddable":true,"href":"https:\/\/www.europesays.com\/fr\/wp-json\/wp\/v2\/categories?post=277011"},{"taxonomy":"post_tag","embeddable":true,"href":"https:\/\/www.europesays.com\/fr\/wp-json\/wp\/v2\/tags?post=277011"}],"curies":[{"name":"wp","href":"https:\/\/api.w.org\/{rel}","templated":true}]}}