{"id":277015,"date":"2025-07-27T08:31:15","date_gmt":"2025-07-27T08:31:15","guid":{"rendered":"https:\/\/www.europesays.com\/fr\/277015\/"},"modified":"2025-07-27T08:31:15","modified_gmt":"2025-07-27T08:31:15","slug":"portrait-photographe-marathonien-theo-giacometti","status":"publish","type":"post","link":"https:\/\/www.europesays.com\/fr\/277015\/","title":{"rendered":"[Portrait] Photographe-marathonien, Th\u00e9o Giacometti"},"content":{"rendered":"\n<p>Il est n\u00e9 \u00e0 Barcelonnette en 1989, il a particip\u00e9 \u00e0 des championnats de France de ski de fond. Les touristes comme ils sont maintenant l\u2019ont emp\u00each\u00e9 d\u2019adopter la profession de son p\u00e8re, accompagnateur en haute montagne. Sa passion pour la guitare ne lui a pas permis de devenir rock star. Avec des soir\u00e9es de musique ici et l\u00e0, il finan\u00e7ait ses \u00e9tudes \u00e0 Aix-en-Provence. Il ne suivait pas les cours, il lisait \u00e9norm\u00e9ment. Cendrars, Brauquier, Izzo, Bourdieu et Piketty continuent d\u2019\u00eatre importants pour sa mani\u00e8re d\u2019envisager le monde. Il entreprit d\u2019\u00e9crire un polar. Puisque chante la nuit, la chute sans fin d\u2019un village de 400 \u00e2mes dans le Nebraska, 180 pages cr\u00e9pusculaires furent \u00e9dit\u00e9es par Andr\u00e9 Odemard\u00a0; Th\u00e9o Giacometti avait 23 ans.<\/p>\n<p><b>Ligne de conduite : sauver l\u2019intime et les contre-pieds<\/b><\/p>\n<p>Journaliste dans sa ville natale pour le Dauphin\u00e9 Lib\u00e9r\u00e9, il s\u2019est form\u00e9 sur le terrain. Il aime questionner, trouver des renseignements in\u00e9dits, obtient l\u2019estime et la confiance de ses interlocuteurs. Son journal exige qu\u2019il soit photographe. Gr\u00e2ce au regard d\u2019un marcheur d\u2019Ubaye, Claude Gouron, il prospecte dans les Alpes et en Slov\u00e9nie, d\u00e9busque des ours et des loups. Son Leica a remplac\u00e9 son stylo-bille. Il effectue des pas de c\u00f4t\u00e9, veut \u00ab\u00a0montrer ce qu\u2019on n\u2019a pas encore vu\u00a0\u00bb. En 2018, quand il d\u00e9cide de s\u2019\u00e9tablir \u00e0 Marseille, il joue sa vie et ses engagements en tant que photographe de presse. Entre autres raisons, parce qu\u2019il aime comprendre intuitivement et \u00ab\u00a0ne pas en dire trop\u00a0\u00bb.<\/p>\n<p>Il cherche des supports et des marges de man\u0153uvre, envoie partout ses images, travaille sur tous les sujets d\u2019actualit\u00e9 qui se pr\u00e9sentent, trouve progressivement le ton qui lui appartient. Depuis Lib\u00e9ration-Marseille, Patrick Gerdhoussi lui confie des adresses, explique comment s\u2019orienter. Th\u00e9o Giacometti est un sensible qui investigue \u00e9norm\u00e9ment, \u00e0 partir de ses curiosit\u00e9s et de ses fragilit\u00e9s. Appr\u00e9ci\u00e9 par les magazines internationaux, un reportage au long cours qu\u2019il effectue aupr\u00e8s de la jeunesse d\u2019un village Inuit du Groenland, joue son r\u00f4le. L\u2019agence Hans Lucas l\u2019aide pour sa diffusion.<\/p>\n<p>On apprend en faisant. Son vocabulaire et ses outils se pr\u00e9cisent. Des Prix et des bourses de cr\u00e9ation lui ont \u00e9t\u00e9 accord\u00e9s. Son statut reste celui d\u2019un narrateur d\u00e9sireux d\u2019\u00e9laborer des s\u00e9ries, une trame avec des incipit, des leitmotivs et des coda. Avec l\u2019aide du Cnap, il r\u00e9alise actuellement \u00ab\u00a0La Hogra\u00a0\u00bb, \u00e0 propos de l\u2019injustice dans le 13e arrondissement de Marseille. La galerie Triangle de Nad\u00e8ge Texier l\u2019a sollicit\u00e9 et expos\u00e9, projette un \u00e9v\u00e9nement pour les RIP d\u2019Arles de 2026.<\/p>\n<p>Ses revenus proviennent principalement de la presse\u00a0; Le Monde et Lib\u00e9 sont ses employeurs, Gilles Rof aime partager et chercher en sa compagnie. Th\u00e9o Giacometti a compos\u00e9 pour Le Monde un portrait de Rodolphe Saad\u00e9 qui ferme les yeux et ne sourit pas. Il a rencontr\u00e9 un Beno\u00eet Payan hors-norme qui entama pour lui une lecture \u00e0 haute voix de P\u00e2ques \u00e0 New York. Il a contribu\u00e9 \u00e0 des enqu\u00eates \u00e0 propos du RN \u00e0 Port Saint-Louis-du-Rh\u00f4ne, \u00e0 Perpignan et dans le Var. Le Guardian et les journaux allemands, pour la rue d\u2019Aubagne et les d\u00e9log\u00e9s, lui ont demand\u00e9 d\u2019\u00eatre \u00e0 la fois fixeur et photographe. Puisqu\u2019il habite pr\u00e8s des Riaux, il \u00e9tait sur la br\u00e8che pendant les incendies de l\u2019Estaque.<\/p>\n<p>Ses plus profonds espoirs viennent d\u2019ailleurs. Deux de ses plus vives joies proc\u00e8dent de rencontres inattendues avec deux femmes : R\u00e9becca, 96\u00a0ans, une personne douce et vigilante apr\u00e8s \u00eatre pass\u00e9e par Drancy et les Camps et Marguerite, une m\u00e8re courage moins \u00e2g\u00e9e, aper\u00e7ue \u00e0 la faveur d\u2019un travail du c\u00f4t\u00e9 d\u2019Aigues-Mortes et de la Camargue. On \u00e9voquera aussi la lutte discr\u00e8te qu\u2019il livre contre la douleur. Une maladie h\u00e9r\u00e9ditaire, la spondylarthrite ankylosante d\u00e9t\u00e9riore ses articulations. Pour arr\u00eater la croissance du mal, il refuse de s\u2019immobiliser : t\u00f4t le matin, la course \u00e0 pied est l\u2019une de ses activit\u00e9s d\u2019\u00e9lection. Le challenge fut rude, il a couru en pr\u00e9sence de son \u00e9pouse et de sa fille a\u00een\u00e9e, en trois heures et cinq minutes, le Marathon de Paris : occasion pour r\u00e9colter 1\u00a0500\u00a0euros de fonds en faveur de SOS M\u00e9diterran\u00e9e.<\/p>\n","protected":false},"excerpt":{"rendered":"Il est n\u00e9 \u00e0 Barcelonnette en 1989, il a particip\u00e9 \u00e0 des championnats de France de ski de&hellip;\n","protected":false},"author":2,"featured_media":277016,"comment_status":"","ping_status":"","sticky":false,"template":"","format":"standard","meta":{"footnotes":""},"categories":[2814],"tags":[4405,1111,11,1777,674,1011,27,884,12,882,25],"class_list":{"0":"post-277015","1":"post","2":"type-post","3":"status-publish","4":"format-standard","5":"has-post-thumbnail","7":"category-marseille","8":"tag-weekend","9":"tag-actu","10":"tag-actualites","11":"tag-eu","12":"tag-europe","13":"tag-fr","14":"tag-france","15":"tag-marseille","16":"tag-news","17":"tag-provence-alpes-cote-dazur","18":"tag-republique-francaise"},"share_on_mastodon":{"url":"https:\/\/pubeurope.com\/@fr\/114924269284336637","error":""},"_links":{"self":[{"href":"https:\/\/www.europesays.com\/fr\/wp-json\/wp\/v2\/posts\/277015","targetHints":{"allow":["GET"]}}],"collection":[{"href":"https:\/\/www.europesays.com\/fr\/wp-json\/wp\/v2\/posts"}],"about":[{"href":"https:\/\/www.europesays.com\/fr\/wp-json\/wp\/v2\/types\/post"}],"author":[{"embeddable":true,"href":"https:\/\/www.europesays.com\/fr\/wp-json\/wp\/v2\/users\/2"}],"replies":[{"embeddable":true,"href":"https:\/\/www.europesays.com\/fr\/wp-json\/wp\/v2\/comments?post=277015"}],"version-history":[{"count":0,"href":"https:\/\/www.europesays.com\/fr\/wp-json\/wp\/v2\/posts\/277015\/revisions"}],"wp:featuredmedia":[{"embeddable":true,"href":"https:\/\/www.europesays.com\/fr\/wp-json\/wp\/v2\/media\/277016"}],"wp:attachment":[{"href":"https:\/\/www.europesays.com\/fr\/wp-json\/wp\/v2\/media?parent=277015"}],"wp:term":[{"taxonomy":"category","embeddable":true,"href":"https:\/\/www.europesays.com\/fr\/wp-json\/wp\/v2\/categories?post=277015"},{"taxonomy":"post_tag","embeddable":true,"href":"https:\/\/www.europesays.com\/fr\/wp-json\/wp\/v2\/tags?post=277015"}],"curies":[{"name":"wp","href":"https:\/\/api.w.org\/{rel}","templated":true}]}}