{"id":277024,"date":"2025-07-27T08:37:10","date_gmt":"2025-07-27T08:37:10","guid":{"rendered":"https:\/\/www.europesays.com\/fr\/277024\/"},"modified":"2025-07-27T08:37:10","modified_gmt":"2025-07-27T08:37:10","slug":"video-le-message-stop-genocide-a-gaza-projete-sur-la-vasque-olympique-a-paris","status":"publish","type":"post","link":"https:\/\/www.europesays.com\/fr\/277024\/","title":{"rendered":"VID\u00c9O. Le message \u00ab\u00a0Stop g\u00e9nocide \u00e0 Gaza\u00a0\u00bb projet\u00e9 sur la vasque olympique \u00e0 Paris"},"content":{"rendered":"<p>            Par<br \/>\n        <strong><br \/>\n            <a href=\"https:\/\/actu.fr\/auteur\/redaction-paris\" title=\"Consulter tous les articles de R\u00e9daction Paris\" target=\"_blank\" rel=\"noopener\">R\u00e9daction Paris<\/a><br \/>\n        <\/strong><\/p>\n<p>        Publi\u00e9 le<\/p>\n<p>            27 juil. 2025 \u00e0 9h41        <\/p>\n<p>Au soir du <a href=\"https:\/\/actu.fr\/ile-de-france\/paris_75056\/retour-de-la-vasque-ouverture-de-sites-au-public-des-festivites-prevues-tout-l-ete-pour-les-un-an-des-jo-d_62634766.html\" target=\"_blank\" rel=\"noopener\">premier anniversaire des JO de Paris<\/a>, samedi 26\u00a0juillet 2025, la <a href=\"https:\/\/actu.fr\/ile-de-france\/paris_75056\/la-vasque-olympique-va-faire-son-retour-a-paris-ou-et-quand-l-admirer-a-nouveau-dans-la-capitale_62650072.html\" target=\"_blank\" rel=\"noopener\">vasque olympique<\/a> s\u2019est \u00e9lev\u00e9e dans le ciel de \u00ab\u2009fa\u00e7on tr\u00e8s sp\u00e9ciale\u2009\u00bb. L\u2019ONG Amnesty International y a en effet projet\u00e9 un message lumineux \u00ab\u2009Stop g\u00e9nocide \u00e0 Gaza\u2009\u00bb, afin de \u00ab\u2009rappeler le sort tragique des populations civiles\u2009\u00bb dans le territoire palestinien.<\/p>\n<p>\u00ab\u00a0Le monde ne peut plus se contenter d\u2019observer\u00a0\u00bb<\/p>\n<p class=\" wall-content\">Projet\u00e9 au laser depuis un immeuble de la <a href=\"https:\/\/actu.fr\/tag\/rue-de-rivoli\" target=\"_blank\" rel=\"noopener\">rue de Rivoli<\/a>, le slogan \u2013 d\u2019une trentaine de m\u00e8tres de haut, selon l\u2019ONG \u2013 s\u2019est affich\u00e9 peu apr\u00e8s 22h30 sur le ballon de la c\u00e9l\u00e8bre vasque, sous le regard interloqu\u00e9 des spectateurs et officiels pr\u00e9sents, a constat\u00e9 un journaliste de l\u2019AFP.<\/p>\n<p class=\" wall-content\">\n<p class=\" wall-content\">\u00ab\u2009Il y a un an, le monde c\u00e9l\u00e9brait \u00e0 <a href=\"https:\/\/actu.fr\/paris\/dernieres-actus\" target=\"_blank\" rel=\"noopener\">Paris<\/a> la f\u00eate olympique et paralympique mondiale, qui r\u00e9unissait dans un m\u00eame \u00e9lan tous les athl\u00e8tes de toutes les nations, au nom du m\u00eame id\u00e9al affich\u00e9 par la Charte Olympique dans son tout premier article, \u00e0 savoir construire \u2018un monde pacifique et meilleur\u2019\u00bb, affirme Anne Savinel-Barras, pr\u00e9sidente d\u2019Amnesty International France, dans un communiqu\u00e9.<\/p>\n<p class=\" wall-content\">\u00ab\u2009Le monde ne peut plus se contenter d\u2019observer, impassible \u00e0 cette n\u00e9gation du principe m\u00eame d\u2019humanit\u00e9. Nous sommes l\u00e0 pour dire toujours, le plus haut et le plus fort possible, que le droit international est notre seule boussole, et que le g\u00e9nocide en cours \u00e0 Gaza doit cesser imm\u00e9diatement\u2009\u00bb, a-t-elle ajout\u00e9.<\/p>\n<p class=\" wall-content\">\u00ab\u2009Isra\u00ebl utilise de fa\u00e7on continue la famine comme m\u00e9thode de guerre, ce qui constitue un crime de guerre\u2009\u00bb, r\u00e9affirme l\u2019ONG, demandant \u00e0 la France de \u00ab\u2009passer des mots \u00e0 l\u2019action\u2009\u00bb.<br \/>Paris, qui a annonc\u00e9 jeudi sa d\u00e9cision de <a href=\"https:\/\/actu.fr\/monde\/un-decalage-avec-la-realite-pourquoi-emmanuel-macron-veut-il-reconnaitre-un-etat-de-palestine_62959413.html\" target=\"_blank\" rel=\"noopener\">reconna\u00eetre l\u2019\u00c9tat de Palestine<\/a> peu avant une conf\u00e9rence \u00e0 l\u2019ONU la semaine prochaine, \u00ab\u2009doit agir [\u2026] pour que les \u00c9tats r\u00e9unis prennent en urgence des mesures concr\u00e8tes pour mettre fin au g\u00e9nocide\u2009\u00bb, ajoute Amnesty.<\/p>\n<p class=\" wall-content\">Ce dimanche, l\u2019arm\u00e9e isra\u00e9lienne a annonc\u00e9 qu\u2019elle observerait \u00e0 partir d\u00e8s aujourd\u2019hui \u00ab\u00a0une pause tactique\u00a0\u00bb quotidienne dans des zones de Gaza et la mise en place de couloirs humanitaires s\u00e9curis\u00e9s pour les convois de l\u2019ONU et des ONG.<\/p>\n<p class=\" wall-content\">avec AFP<\/p>\n<p class=\" wall-content\">Suivez toute l\u2019actualit\u00e9 de vos villes et m\u00e9dias favoris en vous inscrivant \u00e0 <a href=\"https:\/\/moncompte.actu.fr\" title=\"D\u00e9couvez Mon Actu\" rel=\"nofollow noopener\" data-trk=\"{&quot;cta&quot;:{&quot;action&quot;:&quot;https:\\\/\\\/moncompte.actu.fr&quot;,&quot;category&quot;:&quot;mon compte&quot;,&quot;from&quot;:&quot;article footer&quot;,&quot;name&quot;:&quot;Mon actu&quot;,&quot;type&quot;:&quot;cta&quot;}}\" target=\"_blank\">Mon Actu<\/a>.<\/p>\n<ul class=\"ac-article-tag wall-content\">\n<li><a href=\"https:\/\/actu.fr\/tag\/emmanuel-macron\" data-trk=\"{&quot;cta&quot;:{&quot;action&quot;:&quot;Emmanuel Macron&quot;,&quot;category&quot;:&quot;tag&quot;,&quot;from&quot;:&quot;article footer&quot;,&quot;name&quot;:&quot;Emmanuel Macron&quot;,&quot;type&quot;:&quot;cta&quot;}}\" target=\"_blank\" rel=\"noopener\">#Emmanuel Macron<\/a><\/li>\n<li><a href=\"https:\/\/actu.fr\/tag\/guerre-israel-hamas\" data-trk=\"{&quot;cta&quot;:{&quot;action&quot;:&quot;Guerre Isra\\u00ebl-Hamas&quot;,&quot;category&quot;:&quot;tag&quot;,&quot;from&quot;:&quot;article footer&quot;,&quot;name&quot;:&quot;Guerre Isra\\u00ebl-Hamas&quot;,&quot;type&quot;:&quot;cta&quot;}}\" target=\"_blank\" rel=\"noopener\">#Guerre Isra\u00ebl-Hamas<\/a><\/li>\n<\/ul>\n","protected":false},"excerpt":{"rendered":"Par R\u00e9daction Paris Publi\u00e9 le 27 juil. 2025 \u00e0 9h41 Au soir du premier anniversaire des JO de&hellip;\n","protected":false},"author":2,"featured_media":277025,"comment_status":"","ping_status":"","sticky":false,"template":"","format":"standard","meta":{"footnotes":""},"categories":[1888],"tags":[1111,1928,11,1927,1073,1777,674,1011,27,5643,12,1926,626,1925,316,25],"class_list":{"0":"post-277024","1":"post","2":"type-post","3":"status-publish","4":"format-standard","5":"has-post-thumbnail","7":"category-paris","8":"tag-actu","9":"tag-actu-paris","10":"tag-actualites","11":"tag-actualites-paris","12":"tag-emmanuel-macron","13":"tag-eu","14":"tag-europe","15":"tag-fr","16":"tag-france","17":"tag-guerre-israel-hamas","18":"tag-news","19":"tag-news-paris","20":"tag-paris","21":"tag-paris-news","22":"tag-politique","23":"tag-republique-francaise"},"share_on_mastodon":{"url":"https:\/\/pubeurope.com\/@fr\/114924292886049457","error":""},"_links":{"self":[{"href":"https:\/\/www.europesays.com\/fr\/wp-json\/wp\/v2\/posts\/277024","targetHints":{"allow":["GET"]}}],"collection":[{"href":"https:\/\/www.europesays.com\/fr\/wp-json\/wp\/v2\/posts"}],"about":[{"href":"https:\/\/www.europesays.com\/fr\/wp-json\/wp\/v2\/types\/post"}],"author":[{"embeddable":true,"href":"https:\/\/www.europesays.com\/fr\/wp-json\/wp\/v2\/users\/2"}],"replies":[{"embeddable":true,"href":"https:\/\/www.europesays.com\/fr\/wp-json\/wp\/v2\/comments?post=277024"}],"version-history":[{"count":0,"href":"https:\/\/www.europesays.com\/fr\/wp-json\/wp\/v2\/posts\/277024\/revisions"}],"wp:featuredmedia":[{"embeddable":true,"href":"https:\/\/www.europesays.com\/fr\/wp-json\/wp\/v2\/media\/277025"}],"wp:attachment":[{"href":"https:\/\/www.europesays.com\/fr\/wp-json\/wp\/v2\/media?parent=277024"}],"wp:term":[{"taxonomy":"category","embeddable":true,"href":"https:\/\/www.europesays.com\/fr\/wp-json\/wp\/v2\/categories?post=277024"},{"taxonomy":"post_tag","embeddable":true,"href":"https:\/\/www.europesays.com\/fr\/wp-json\/wp\/v2\/tags?post=277024"}],"curies":[{"name":"wp","href":"https:\/\/api.w.org\/{rel}","templated":true}]}}