{"id":277030,"date":"2025-07-27T08:40:14","date_gmt":"2025-07-27T08:40:14","guid":{"rendered":"https:\/\/www.europesays.com\/fr\/277030\/"},"modified":"2025-07-27T08:40:14","modified_gmt":"2025-07-27T08:40:14","slug":"sur-le-rer-c-a-paris-les-challenges-sans-fin-des-travaux-castor-de-la-sncf","status":"publish","type":"post","link":"https:\/\/www.europesays.com\/fr\/277030\/","title":{"rendered":"sur le RER C \u00e0 Paris, les challenges sans fin des travaux Castor de la SNCF"},"content":{"rendered":"<p>            Par<br \/>\n        <strong><br \/>\n            <a href=\"https:\/\/actu.fr\/auteur\/dorinegoth\" title=\"Consulter tous les articles de Dorine Goth\" target=\"_blank\" rel=\"noopener\">Dorine Goth<\/a><br \/>\n        <\/strong><\/p>\n<p>        Publi\u00e9 le<\/p>\n<p>            27 juil. 2025 \u00e0 10h12        <\/p>\n<p>Un coup de klaxon et la pelle train-roue se met en branle. Dans sa m\u00e2choire d\u2019acier, elle attrape une flop\u00e9e de traverses, qu\u2019elle d\u00e9pose quelques m\u00e8tres plus loin avant de r\u00e9p\u00e9ter l\u2019op\u00e9ration. Bienvenue sur l\u2019un des chantiers du <strong><a href=\"https:\/\/actu.fr\/tag\/rer-c\" target=\"_blank\" rel=\"noopener\">RER C<\/a><\/strong>, entre le tunnel d\u2019Austerlitz et Invalides. La 28\u00e8me \u00e9dition des <strong>travaux estivaux dits <a href=\"https:\/\/actu.fr\/auvergne-rhone-alpes\/eurre_26125\/insolite-un-barrage-de-castors-provoque-des-soucis-sur-une-route-de-la-drome_62331824.html\" target=\"_blank\" rel=\"noopener\">Castor<\/a><\/strong> qui sont devenus aussi incontournables en \u00e9t\u00e9 que la cr\u00e8me solaire et le soleil. Et pour cause\u2009: construit en 1840, le RER C est la<strong> plus ancienne ligne de transport d\u2019\u00cele-de-France<\/strong>. Sur la portion qui occupe cet \u00e9t\u00e9 les agents SNCF, certains appareils de voie remontent \u00e0 1960. \u00ab\u2009La maintenance \u00e9tait devenue quasi impossible, il fallait intervenir en permanence\u2009\u00bb, expose Nicolas Dardoise, responsable des travaux Castor \u00e0 la <a href=\"https:\/\/actu.fr\/tag\/sncf\" target=\"_blank\" rel=\"noopener\">SNCF<\/a>.<\/p>\n<p>Un chantier \u00ab\u2009haute couture\u2009\u00bb<\/p>\n<p class=\" wall-content\">Sauf que comme chaque ann\u00e9e, le tunnel du RER pr\u00e9sente son lot de difficult\u00e9s. \u00ab\u2009On fait de la haute couture\u2009\u00bb, illustre Gilles Gautrin, directeur modernisation et d\u00e9veloppement SNCF R\u00e9seau \u00cele-de-France. <a href=\"https:\/\/actu.fr\/ile-de-france\/paris_75056\/metro-rer-train-tramway-ligne-par-ligne-les-interruptions-prevues-a-la-ratp-et-la-sncf-cet-ete_62585820.html\" target=\"_blank\" rel=\"noopener\">Six semaines d\u2019interruption<\/a> dans Paris intra-muros entre le 15\u00a0juillet et le 23\u00a0ao\u00fbt sont n\u00e9cessaires pour le remplacement de <strong>5\u00a0km de voies<\/strong>, <strong>quatre aiguillages<\/strong> et<strong> 3\u2009000\u00a0tonnes de ballast<\/strong>. \u00ab\u2009On avance au rythme de 500 m de lin\u00e9aire par semaine alors que sur un chantier\u2009classique, on a plut\u00f4t ce rythme en 24 heures\u2009\u00bb, pr\u00e9sente Nicolas Dardoise.<\/p>\n<p class=\" wall-content\">Sur le terrain, les op\u00e9rateurs doivent faire face \u00e0 plusieurs contraintes notamment dues \u00e0 l\u2019\u00e9troitesse du tunnel. \u00ab\u2009Ce matin encore, on s\u2019est rendu compte que le wagon pupitre [outil innovant pour convoyer des <a href=\"https:\/\/actu.fr\/ile-de-france\/etampes_91223\/sncf-un-nouveau-poste-d-aiguillage-en-construction-dans-cette-ville-de-l-essonne_60811808.html\" target=\"_blank\" rel=\"noopener\">aiguillages<\/a> enti\u00e8rement fabriqu\u00e9s] ne passait pas dans la largeur \u00e0 quelques centim\u00e8tres pr\u00e8s. On a d\u00fb trouver une solution\u2009\u00bb, rapporte le chef de chantier. Quant aux trains de travaux, ils n\u2019ont que deux fen\u00eatres de tir par jour pour s\u2019ins\u00e9rer sur le chantier, sans perturber la circulation ferroviaire.<\/p>\n<p class=\" wall-content\">Le trac\u00e9, avec des courbes plus prononc\u00e9es, n\u00e9cessite aussi l\u2019installation de traverses suppl\u00e9mentaires. Environ<strong> 2\u2009000\/km contre 1\u2009666<\/strong> en temps normal. Les attaches du rail sont doubl\u00e9es et la soudure est faite avec un alliage m\u00e9tallique de r\u00e9sistance sup\u00e9rieure. Autant d\u2019\u00e9l\u00e9ments qui n\u00e9cessitent davantage de man\u0153uvres.<\/p>\n<p>    <img   decoding=\"async\" loading=\"lazy\" src=\"https:\/\/www.europesays.com\/fr\/wp-content\/uploads\/2025\/07\/chantier-rer-c-sncf-960x640.jpg\" alt=\"Le chantier du RER C s'\u00e9tend sur 5 km dans Paris intra-muros. \" width=\"960\" height=\"640\"\/><br \/>\n    Le chantier du RER C s\u2019\u00e9tend sur 5 km dans Paris intra-muros. (\u00a9DG \/ actu Paris)Des travaux infinis<\/p>\n<p class=\" wall-content\">Mais pas question de perdre la cadence et prendre du retard. \u00ab\u2009Quoi qu\u2019\u2019il arrive, le chantier sera rendu le 23\u00a0ao\u00fbt\u2009\u00bb, promet Nicolas Dardoise. Pour \u00e7a, une cinquantaine d\u2019agents se relaient 24h\/24, cinq jours sur sept. \u00ab\u2009Certaines ann\u00e9es, on monte \u00e0 7j\/7\u2009\u00bb, poursuit-il. La promesse ensuite\u2009: plus de fiabilit\u00e9 des trains et donc moins d\u2019interruptions pour les usagers. Les travaux d\u2019aiguillage doivent aussi offrir plus de r\u00e9gularit\u00e9 sur la ligne.<\/p>\n<p class=\" wall-content\">De l\u00e0 \u00e0 voir bient\u00f4t le bout des travaux\u2009? \u00ab\u2009Peut-\u00eatre un jour. Mais la ligne n\u00e9cessitera toujours des travaux de maintenance. Il ne faut pas croire qu\u2019on fait ces interruptions pour le plaisir\u2009\u00bb, r\u00e9pond Nicolas Dardoise, pas certain de voir cette \u00e9ch\u00e9ance se concr\u00e9tiser. En parall\u00e8le, les m\u00eames types de travaux sont r\u00e9alis\u00e9s sur la branche ouest entre Paris et Versailles Ch\u00e2teau.<\/p>\n<p class=\" wall-content\">Suivez toute l\u2019actualit\u00e9 de vos villes et m\u00e9dias favoris en vous inscrivant \u00e0 <a href=\"https:\/\/moncompte.actu.fr\" title=\"D\u00e9couvez Mon Actu\" rel=\"nofollow noopener\" data-trk=\"{&quot;cta&quot;:{&quot;action&quot;:&quot;https:\\\/\\\/moncompte.actu.fr&quot;,&quot;category&quot;:&quot;mon compte&quot;,&quot;from&quot;:&quot;article footer&quot;,&quot;name&quot;:&quot;Mon actu&quot;,&quot;type&quot;:&quot;cta&quot;}}\" target=\"_blank\">Mon Actu<\/a>.<\/p>\n","protected":false},"excerpt":{"rendered":"Par Dorine Goth Publi\u00e9 le 27 juil. 2025 \u00e0 10h12 Un coup de klaxon et la pelle train-roue&hellip;\n","protected":false},"author":2,"featured_media":277031,"comment_status":"","ping_status":"","sticky":false,"template":"","format":"standard","meta":{"footnotes":""},"categories":[1888],"tags":[11,1777,674,1011,27,12,626,25,6561,2215,104],"class_list":{"0":"post-277030","1":"post","2":"type-post","3":"status-publish","4":"format-standard","5":"has-post-thumbnail","7":"category-paris","8":"tag-actualites","9":"tag-eu","10":"tag-europe","11":"tag-fr","12":"tag-france","13":"tag-news","14":"tag-paris","15":"tag-republique-francaise","16":"tag-rer-c","17":"tag-sncf","18":"tag-societe"},"share_on_mastodon":{"url":"https:\/\/pubeurope.com\/@fr\/114924304735739726","error":""},"_links":{"self":[{"href":"https:\/\/www.europesays.com\/fr\/wp-json\/wp\/v2\/posts\/277030","targetHints":{"allow":["GET"]}}],"collection":[{"href":"https:\/\/www.europesays.com\/fr\/wp-json\/wp\/v2\/posts"}],"about":[{"href":"https:\/\/www.europesays.com\/fr\/wp-json\/wp\/v2\/types\/post"}],"author":[{"embeddable":true,"href":"https:\/\/www.europesays.com\/fr\/wp-json\/wp\/v2\/users\/2"}],"replies":[{"embeddable":true,"href":"https:\/\/www.europesays.com\/fr\/wp-json\/wp\/v2\/comments?post=277030"}],"version-history":[{"count":0,"href":"https:\/\/www.europesays.com\/fr\/wp-json\/wp\/v2\/posts\/277030\/revisions"}],"wp:featuredmedia":[{"embeddable":true,"href":"https:\/\/www.europesays.com\/fr\/wp-json\/wp\/v2\/media\/277031"}],"wp:attachment":[{"href":"https:\/\/www.europesays.com\/fr\/wp-json\/wp\/v2\/media?parent=277030"}],"wp:term":[{"taxonomy":"category","embeddable":true,"href":"https:\/\/www.europesays.com\/fr\/wp-json\/wp\/v2\/categories?post=277030"},{"taxonomy":"post_tag","embeddable":true,"href":"https:\/\/www.europesays.com\/fr\/wp-json\/wp\/v2\/tags?post=277030"}],"curies":[{"name":"wp","href":"https:\/\/api.w.org\/{rel}","templated":true}]}}