{"id":277034,"date":"2025-07-27T08:42:16","date_gmt":"2025-07-27T08:42:16","guid":{"rendered":"https:\/\/www.europesays.com\/fr\/277034\/"},"modified":"2025-07-27T08:42:16","modified_gmt":"2025-07-27T08:42:16","slug":"en-ukraine-une-panne-mondiale-des-satellites-starlink-perturbe-les-communications-militaires","status":"publish","type":"post","link":"https:\/\/www.europesays.com\/fr\/277034\/","title":{"rendered":"En Ukraine, une panne mondiale des satellites Starlink perturbe les communications militaires"},"content":{"rendered":"<p>Les services de t\u00e9l\u00e9communications par satellites de Starlink, la filiale de l&rsquo;entreprise SpaceX d&rsquo;Elon Musk, ont \u00e9t\u00e9 interrompus jeudi 24 juillet pendant plusieurs heures \u00e0 la suite d&rsquo;une panne, a indiqu\u00e9 l&rsquo;entreprise. \u00c0 l&rsquo;\u00e9chelle internationale, elle a aussi affect\u00e9 la ligne de front en Ukraine \u2013 o\u00f9 les soldats utilisent des terminaux pour leur communication. Un incident qui met en lumi\u00e8re la n\u00e9cessit\u00e9 pour l&rsquo;arm\u00e9e ukrainienne de diversifier les syst\u00e8mes satellitaires dont elle se sert.<\/p>\n<p>Avec notre correspondante \u00e0 Kiev, <strong>Emmanuelle Chaze<\/strong><\/p>\n<p>\u00ab Starlink est en panne sur toute la ligne de front \u00bb, ces quelques mots, partag\u00e9s par Robert Brovdi, le commandant des forces de drones en <strong><a href=\"https:\/\/www.rfi.fr\/fr\/tag\/ukraine\/\" rel=\"nofollow noopener\" target=\"_blank\" data-ylk=\"slk:Ukraine;elm:context_link;itc:0;sec:content-canvas\" class=\"link \">Ukraine<\/a><\/strong>, jeudi 24 juillet au soir, ont suscit\u00e9 l&rsquo;inqui\u00e9tude \u00e0 travers le pays, qui compte plus de 50 000 terminaux, principalement utilis\u00e9s par l&rsquo;arm\u00e9e.<\/p>\n<p>L&rsquo;entreprise, premier op\u00e9rateur mondial de t\u00e9l\u00e9communications par satellites, avait indiqu\u00e9 quelques heures plus t\u00f4t sur X subir une panne affectant les communications de ses clients. Selon le site Downdetector, qui r\u00e9pertorie les pannes de communications de nombreux op\u00e9rateurs et de plateformes en ligne, jusqu&rsquo;\u00e0 60 000 signalements ont \u00e9t\u00e9 effectu\u00e9s jeudi au sujet du r\u00e9seau Starlink.<\/p>\n<p>Eutelsat concurrent des satellites Starlink<\/p>\n<p>M\u00eame si cette panne n&rsquo;a dur\u00e9 que quelques heures, elle a suffi \u00e0 retarder certaines op\u00e9rations de combats \u2013 et rappelle \u00e0 Kiev la n\u00e9cessit\u00e9 de ne pas d\u00e9pendre des syst\u00e8mes satellitaires commercialis\u00e9s par Elon Musk.<\/p>\n<p>Cette panne globale intervient alors que <strong><a href=\"https:\/\/www.reuters.com\/investigations\/musk-ordered-shutdown-starlink-satellite-service-ukraine-retook-territory-russia-2025-07-25\/\" rel=\"nofollow noopener\" target=\"_blank\" data-ylk=\"slk:Reuters;elm:context_link;itc:0;sec:content-canvas\" class=\"link \">Reuters<\/a><\/strong> a publi\u00e9 une enqu\u00eate, vendredi 25 juillet, qui r\u00e9v\u00e8le qu&rsquo;\u00e0 l&rsquo;automne 2022, Elon Musk avait ordonn\u00e9 la d\u00e9sactivation d&rsquo;une centaine de Starlinks sur certaines zones de la ligne de front alors que les forces ukrainiennes \u00e9taient en pleine contre-offensive dans la r\u00e9gion de Kherson.<\/p>\n<p>Les cons\u00e9quences ont \u00e9t\u00e9 lourdes pour l&rsquo;arm\u00e9e ukrainienne : outre la panique des soldats en plein black-out, les drones de reconnaissance n&rsquo;ont pas pu envoyer leurs informations, ni les artilleurs orienter leurs tirs. Depuis, Kiev tente d&rsquo;investir dans des solutions alternatives, comme l&rsquo;utilisation de terminaux europ\u00e9ens Eutelsat.<\/p>\n<p>\u00c0 lire aussi<a href=\"https:\/\/www.rfi.fr\/fr\/podcasts\/un-monde-de-tech\/20250306-eutelsat-pr\u00eat-\u00e0-prendre-le-relais-de-starlink-en-ukraine\" class=\"link \" rel=\"nofollow noopener\" target=\"_blank\" data-ylk=\"slk:Eutelsat pr\u00eat \u00e0 prendre le relais de Starlink en Ukraine;elm:context_link;itc:0;sec:content-canvas\">Eutelsat pr\u00eat \u00e0 prendre le relais de Starlink en Ukraine<\/a><\/p>\n","protected":false},"excerpt":{"rendered":"Les services de t\u00e9l\u00e9communications par satellites de Starlink, la filiale de l&rsquo;entreprise SpaceX d&rsquo;Elon Musk, ont \u00e9t\u00e9 interrompus&hellip;\n","protected":false},"author":2,"featured_media":277035,"comment_status":"","ping_status":"","sticky":false,"template":"","format":"standard","meta":{"footnotes":""},"categories":[1590],"tags":[11,1777,674,3997,12,6361,4314,965,220],"class_list":{"0":"post-277034","1":"post","2":"type-post","3":"status-publish","4":"format-standard","5":"has-post-thumbnail","7":"category-ukraine","8":"tag-actualites","9":"tag-eu","10":"tag-europe","11":"tag-musk","12":"tag-news","13":"tag-satellites","14":"tag-starlink","15":"tag-telecommunications","16":"tag-ukraine"},"share_on_mastodon":{"url":"https:\/\/pubeurope.com\/@fr\/114924312557307492","error":""},"_links":{"self":[{"href":"https:\/\/www.europesays.com\/fr\/wp-json\/wp\/v2\/posts\/277034","targetHints":{"allow":["GET"]}}],"collection":[{"href":"https:\/\/www.europesays.com\/fr\/wp-json\/wp\/v2\/posts"}],"about":[{"href":"https:\/\/www.europesays.com\/fr\/wp-json\/wp\/v2\/types\/post"}],"author":[{"embeddable":true,"href":"https:\/\/www.europesays.com\/fr\/wp-json\/wp\/v2\/users\/2"}],"replies":[{"embeddable":true,"href":"https:\/\/www.europesays.com\/fr\/wp-json\/wp\/v2\/comments?post=277034"}],"version-history":[{"count":0,"href":"https:\/\/www.europesays.com\/fr\/wp-json\/wp\/v2\/posts\/277034\/revisions"}],"wp:featuredmedia":[{"embeddable":true,"href":"https:\/\/www.europesays.com\/fr\/wp-json\/wp\/v2\/media\/277035"}],"wp:attachment":[{"href":"https:\/\/www.europesays.com\/fr\/wp-json\/wp\/v2\/media?parent=277034"}],"wp:term":[{"taxonomy":"category","embeddable":true,"href":"https:\/\/www.europesays.com\/fr\/wp-json\/wp\/v2\/categories?post=277034"},{"taxonomy":"post_tag","embeddable":true,"href":"https:\/\/www.europesays.com\/fr\/wp-json\/wp\/v2\/tags?post=277034"}],"curies":[{"name":"wp","href":"https:\/\/api.w.org\/{rel}","templated":true}]}}