{"id":277036,"date":"2025-07-27T08:43:12","date_gmt":"2025-07-27T08:43:12","guid":{"rendered":"https:\/\/www.europesays.com\/fr\/277036\/"},"modified":"2025-07-27T08:43:12","modified_gmt":"2025-07-27T08:43:12","slug":"immigration-aux-etats-unis-la-politique-de-donald-trump-fait-exploser-les-centres-de-retention-prives","status":"publish","type":"post","link":"https:\/\/www.europesays.com\/fr\/277036\/","title":{"rendered":"Immigration aux Etats-Unis : la politique de Donald Trump fait exploser les centres de r\u00e9tention priv\u00e9s"},"content":{"rendered":"<p>California City &#8211; Depuis son retour au pouvoir, Donald Trump fait tout pour effectuer les expulsions massives d\u2019immigr\u00e9s qu\u2019il a promises. Si sa vaste offensive commence \u00e0 diviser l\u2019opinion, elle fait en revanche les affaires des prisons priv\u00e9es, un secteur en pleine expansion.<\/p>\n<p>A California City, bourgade situ\u00e9e dans le d\u00e9sert au nord de Los Angeles, l\u2019ouverture prochaine d\u2019un nouveau centre de r\u00e9tention suscite l\u2019enthousiasme. Op\u00e9r\u00e9 par CoreCivic, g\u00e9ant de l\u2019industrie carc\u00e9rale priv\u00e9e, l&rsquo;\u00e9tablissement doit cr\u00e9er 500 emplois et apporter plus de deux millions de dollars de recettes fiscales \u00e0 la ville. <\/p>\n<p>\u00abBeaucoup de nos habitants ont d\u00e9j\u00e0 \u00e9t\u00e9 embauch\u00e9s pour travailler dans ce centre\u00bb, explique \u00e0 l\u2019AFP le maire, Marquette Hawkins, en assurant que ses concitoyens soutiennent majoritairement le projet. <\/p>\n<p>\u00abToute source de revenus qui va aider la ville \u00e0 se reconstruire, \u00e0 se revaloriser, sera per\u00e7ue comme un atout\u00bb, r\u00e9sume-t-il.<\/p>\n<p>L\u2019offensive anti-immigration de Donald Trump frappe particuli\u00e8rement la Californie et Los Angeles, th\u00e9\u00e2tre de manifestations le mois dernier. <\/p>\n<p>Et les arrestations grimpent partout aux Etats-Unis: le nombre de personnes d\u00e9tenues par la police de l\u2019immigration a atteint un sommet en juin, avec plus de 60.000 immigr\u00e9s en situation irr\u00e9guli\u00e8re incarc\u00e9r\u00e9s.<\/p>\n<p> Moyens colossaux <\/p>\n<p>Le pr\u00e9sident avait promis de cibler les criminels, mais la majorit\u00e9 des d\u00e9tenus n\u2019ont pas de casier judiciaire, selon les statistiques d\u2019ICE. <\/p>\n<p>Plus de 80% d\u2019entre eux sont envoy\u00e9s dans des centres priv\u00e9s, plut\u00f4t que des \u00e9tablissements f\u00e9d\u00e9raux, d\u2019apr\u00e8s le projet TRAC de l\u2019Universit\u00e9 de Syracuse.<\/p>\n<p>Une tendance appel\u00e9e \u00e0 s\u2019accentuer, dans un pays qui a l\u2019habitude de confier la gestion de ses prisons au priv\u00e9: la \u00abgrande et belle loi\u00bb r\u00e9cemment vot\u00e9e par le Congr\u00e8s pr\u00e9voit d\u2019allouer 45 milliards pour la construction de nouveaux centres de r\u00e9tention partout aux Etats-Unis. <\/p>\n<p>Ces moyens colossaux doivent permettre d\u2019enfermer jusqu&rsquo;\u00e0 100.000 \u00e9trangers en attente d\u2019expulsion.<\/p>\n<p>En mai, le directeur de CoreCivic, Damon Hininger, faisait d\u00e9j\u00e0 \u00e9tat d\u2019une activit\u00e9 record lors d\u2019une conf\u00e9rence d\u2019investisseurs.<\/p>\n<p>\u00abJamais dans l\u2019histoire de notre entreprise, vieille de 42 ans, n\u2019avons-nous connu autant (&#8230;) de demande pour nos services\u00bb, expliquait-il.<\/p>\n<p>L\u2019expansion du secteur s\u2019accompagne de s\u00e9rieuses interrogations sur le respect des droits humains, dans ces centres o\u00f9 chaque d\u00e9tenu suppl\u00e9mentaire augmente les profits.<\/p>\n<p>Human Rights Watch a publi\u00e9 cette semaine un rapport alarmant bas\u00e9 sur des t\u00e9moignages de Floride, d\u00e9crivant des traitements \u00abd\u00e9gradants et d\u00e9shumanisants\u00a0\u00bb: cellules surpeupl\u00e9es dans un froid glacial, migrants dormant au sol sous des n\u00e9ons permanents, priv\u00e9s d\u2019hygi\u00e8ne \u00e9l\u00e9mentaire.<\/p>\n<p> \u00abBombe \u00e0 retardement\u00bb <\/p>\n<p>En Californie, le centre de r\u00e9tention d\u2019Adelanto, une autre ville d\u00e9sertique au nord de Los Angeles, cristallise les inqui\u00e9tudes depuis que la police de l\u2019immigration a intensifi\u00e9 ses op\u00e9rations coup de poing en juin.<\/p>\n<p>L&rsquo;\u00e9tablissement, qui comptait une poign\u00e9e de d\u00e9tenus en d\u00e9but d\u2019ann\u00e9e, enferme d\u00e9sormais plusieurs centaines de personnes.<\/p>\n<p>\u00abC\u2019est une bombe \u00e0 retardement\u00bb, d\u00e9nonce Kristen Hunsberger, une avocate du Law Center for Immigrant Advocates. Selon elle, un de ses clients a attendu \u00absix ou sept heures pour obtenir de l\u2019eau propre\u00bb.<\/p>\n<p>Les mauvais traitements constituent \u00abune strat\u00e9gie pour \u00e9puiser les gens\u00bb, afin qu\u2019ils acceptent d&rsquo;\u00eatre expuls\u00e9s, estime-t-elle.<\/p>\n<p>Plusieurs \u00e9lus d\u00e9mocrates ont tent\u00e9 de visiter le centre ces derni\u00e8res semaines, mais tous n\u2019y ont pas \u00e9t\u00e9 admis. <\/p>\n<p>\u00abNous avons entendu des r\u00e9cits horrifiants de d\u00e9tenus arr\u00eat\u00e9s violemment, priv\u00e9s de soins m\u00e9dicaux de base, isol\u00e9s pendant des jours et laiss\u00e9s bless\u00e9s sans traitement\u00bb, a assur\u00e9 la parlementaire Norma Torres, apr\u00e8s avoir \u00e9t\u00e9 emp\u00each\u00e9e d\u2019entrer.<\/p>\n<p>Contact\u00e9e par l\u2019AFP, l\u2019entreprise GEO Group, gestionnaire du centre d\u2019Adelanto, a balay\u00e9 toute accusation, tout comme l\u2019administration Trump.<\/p>\n<p>\u00abLes affirmations selon lesquelles il y aurait de la surpopulation ou des conditions inad\u00e9quates dans les installations d\u2019ICE sont cat\u00e9goriquement FAUSSES\u00bb, a assur\u00e9 une porte-parole du minist\u00e8re de la S\u00e9curit\u00e9 int\u00e9rieure (DHS).<\/p>\n<p>Selon elle, \u00abtous les d\u00e9tenus re\u00e7oivent des repas ad\u00e9quats, des soins m\u00e9dicaux et ont la possibilit\u00e9 de communiquer avec leurs familles et avocats\u00bb.<\/p>\n<p>Un discours qui ne correspond pas \u00e0 l\u2019exp\u00e9rience v\u00e9cue par Alejandra Morales. Son mari sans-papiers a \u00e9t\u00e9 d\u00e9tenu pendant cinq jours dans un centre f\u00e9d\u00e9ral de Los Angeles, avant d&rsquo;\u00eatre transf\u00e9r\u00e9 \u00e0 Adelanto.<\/p>\n<p>A Los Angeles, \u00abils ne les laissent m\u00eame pas se brosser les dents, ni se laver, rien\u00bb, raconte-t-elle. \u00abIls les font dormir par terre, dans une cellule, tous ensemble.\u00bb<\/p>\n<p>Paula RAMON<\/p>\n<p>\u00a9 Agence France-Presse<\/p>\n","protected":false},"excerpt":{"rendered":"California City &#8211; Depuis son retour au pouvoir, Donald Trump fait tout pour effectuer les expulsions massives d\u2019immigr\u00e9s&hellip;\n","protected":false},"author":2,"featured_media":277037,"comment_status":"","ping_status":"","sticky":false,"template":"","format":"standard","meta":{"footnotes":""},"categories":[1589],"tags":[11,73,1866,12,1864,1865,1863,308],"class_list":{"0":"post-277036","1":"post","2":"type-post","3":"status-publish","4":"format-standard","5":"has-post-thumbnail","7":"category-etats-unis","8":"tag-actualites","9":"tag-etats-unis","10":"tag-etats-unis-damerique","11":"tag-news","12":"tag-united-states","13":"tag-united-states-of-america","14":"tag-us","15":"tag-usa"},"share_on_mastodon":{"url":"https:\/\/pubeurope.com\/@fr\/114924316456567842","error":""},"_links":{"self":[{"href":"https:\/\/www.europesays.com\/fr\/wp-json\/wp\/v2\/posts\/277036","targetHints":{"allow":["GET"]}}],"collection":[{"href":"https:\/\/www.europesays.com\/fr\/wp-json\/wp\/v2\/posts"}],"about":[{"href":"https:\/\/www.europesays.com\/fr\/wp-json\/wp\/v2\/types\/post"}],"author":[{"embeddable":true,"href":"https:\/\/www.europesays.com\/fr\/wp-json\/wp\/v2\/users\/2"}],"replies":[{"embeddable":true,"href":"https:\/\/www.europesays.com\/fr\/wp-json\/wp\/v2\/comments?post=277036"}],"version-history":[{"count":0,"href":"https:\/\/www.europesays.com\/fr\/wp-json\/wp\/v2\/posts\/277036\/revisions"}],"wp:featuredmedia":[{"embeddable":true,"href":"https:\/\/www.europesays.com\/fr\/wp-json\/wp\/v2\/media\/277037"}],"wp:attachment":[{"href":"https:\/\/www.europesays.com\/fr\/wp-json\/wp\/v2\/media?parent=277036"}],"wp:term":[{"taxonomy":"category","embeddable":true,"href":"https:\/\/www.europesays.com\/fr\/wp-json\/wp\/v2\/categories?post=277036"},{"taxonomy":"post_tag","embeddable":true,"href":"https:\/\/www.europesays.com\/fr\/wp-json\/wp\/v2\/tags?post=277036"}],"curies":[{"name":"wp","href":"https:\/\/api.w.org\/{rel}","templated":true}]}}