{"id":27704,"date":"2025-04-15T22:08:09","date_gmt":"2025-04-15T22:08:09","guid":{"rendered":"https:\/\/www.europesays.com\/fr\/27704\/"},"modified":"2025-04-15T22:08:09","modified_gmt":"2025-04-15T22:08:09","slug":"un-general-russe-limoge-reintegre-a-la-tete-dune-unite-suicide","status":"publish","type":"post","link":"https:\/\/www.europesays.com\/fr\/27704\/","title":{"rendered":"un g\u00e9n\u00e9ral russe limog\u00e9 r\u00e9int\u00e9gr\u00e9 \u00e0 la t\u00eate d&rsquo;une unit\u00e9-suicide"},"content":{"rendered":"<p>Un g\u00e9n\u00e9ral russe limog\u00e9 de l&rsquo;arm\u00e9e et en attente de son proc\u00e8s a \u00e9t\u00e9 r\u00e9int\u00e9gr\u00e9 \u00e0 la t\u00eate de l&rsquo;une des terribles unit\u00e9s-suicide Storm Z.<\/p>\n<p>\u00c0 la mani\u00e8re des anciennes brigades Wagner, les Storm Z sont pr\u00eats \u00e0 tout pour s&#8217;emparer de positions ukrainiennes ultra-d\u00e9fendues. C&rsquo;est donc \u00e0 la t\u00eate d&rsquo;une de ces unit\u00e9s compos\u00e9es de 10 \u00e0 500 hommes, et majoritairement form\u00e9es de criminels, que se trouve depuis quelques jours Ivan Popov.<\/p>\n<p>Il y a encore deux ans, pourtant, l&rsquo;ancien g\u00e9n\u00e9ral dirigeait une la prestigieuse arm\u00e9e 58, tout aur\u00e9ol\u00e9 de gloire. Mais il a commis une erreur : d\u00e9nigrer un \u00e9tat-major particuli\u00e8rement sensible aux critiques. D&rsquo;abord envoy\u00e9 en Syrie, il est arr\u00eat\u00e9 en mai 2024 et accus\u00e9 de fraude. Il encourt six ans de prison.<\/p>\n<p>C&rsquo;est finalement une lettre envoy\u00e9e \u00e0 Vladimir Poutine, pour lui dire tout le bien qu&rsquo;il pense de lui, qui lui a permis de r\u00e9int\u00e9grer le commandement la semaine derni\u00e8re. Mais difficile de dire si sa situation est plus enviable maintenant qu&rsquo;avant. Car selon la presse russe, le taux de survie dans les unit\u00e9s Storm Z tourne autour de 40%. Quoi qu&rsquo;il en soit, l&rsquo;affaire montre que le pr\u00e9sident russe, qui cherche \u00e0 renforcer ses effectifs exp\u00e9riment\u00e9s dans l&rsquo;arm\u00e9e, n&rsquo;h\u00e9site plus \u00e0 r\u00e9int\u00e9grer d&rsquo;anciens responsables d\u00e9chus.<\/p>\n<p><a href=\"https:\/\/www.rfi.fr\/fr\/europe\/20250415-guerre-en-ukraine-un-g%C3%A9n%C3%A9ral-russe-limog%C3%A9-r%C3%A9int%C3%A9gr%C3%A9-%C3%A0-la-t%C3%AAte-d-une-unit%C3%A9-suicide\" rel=\"nofollow noopener\" target=\"_blank\" data-ylk=\"slk:Lire la suite sur RFI;elm:context_link;itc:0;sec:content-canvas\" class=\"link \">Lire la suite sur RFI<\/a><\/p>\n","protected":false},"excerpt":{"rendered":"Un g\u00e9n\u00e9ral russe limog\u00e9 de l&rsquo;arm\u00e9e et en attente de son proc\u00e8s a \u00e9t\u00e9 r\u00e9int\u00e9gr\u00e9 \u00e0 la t\u00eate&hellip;\n","protected":false},"author":2,"featured_media":27705,"comment_status":"","ping_status":"","sticky":false,"template":"","format":"standard","meta":{"footnotes":""},"categories":[1590],"tags":[11,1777,674,9757,203,12,9756,220],"class_list":{"0":"post-27704","1":"post","2":"type-post","3":"status-publish","4":"format-standard","5":"has-post-thumbnail","7":"category-ukraine","8":"tag-actualites","9":"tag-eu","10":"tag-europe","11":"tag-larmee","12":"tag-la-tete","13":"tag-news","14":"tag-presse-russe","15":"tag-ukraine"},"share_on_mastodon":{"url":"https:\/\/pubeurope.com\/@fr\/114344264039649233","error":""},"_links":{"self":[{"href":"https:\/\/www.europesays.com\/fr\/wp-json\/wp\/v2\/posts\/27704","targetHints":{"allow":["GET"]}}],"collection":[{"href":"https:\/\/www.europesays.com\/fr\/wp-json\/wp\/v2\/posts"}],"about":[{"href":"https:\/\/www.europesays.com\/fr\/wp-json\/wp\/v2\/types\/post"}],"author":[{"embeddable":true,"href":"https:\/\/www.europesays.com\/fr\/wp-json\/wp\/v2\/users\/2"}],"replies":[{"embeddable":true,"href":"https:\/\/www.europesays.com\/fr\/wp-json\/wp\/v2\/comments?post=27704"}],"version-history":[{"count":0,"href":"https:\/\/www.europesays.com\/fr\/wp-json\/wp\/v2\/posts\/27704\/revisions"}],"wp:featuredmedia":[{"embeddable":true,"href":"https:\/\/www.europesays.com\/fr\/wp-json\/wp\/v2\/media\/27705"}],"wp:attachment":[{"href":"https:\/\/www.europesays.com\/fr\/wp-json\/wp\/v2\/media?parent=27704"}],"wp:term":[{"taxonomy":"category","embeddable":true,"href":"https:\/\/www.europesays.com\/fr\/wp-json\/wp\/v2\/categories?post=27704"},{"taxonomy":"post_tag","embeddable":true,"href":"https:\/\/www.europesays.com\/fr\/wp-json\/wp\/v2\/tags?post=27704"}],"curies":[{"name":"wp","href":"https:\/\/api.w.org\/{rel}","templated":true}]}}