{"id":277043,"date":"2025-07-27T08:47:10","date_gmt":"2025-07-27T08:47:10","guid":{"rendered":"https:\/\/www.europesays.com\/fr\/277043\/"},"modified":"2025-07-27T08:47:10","modified_gmt":"2025-07-27T08:47:10","slug":"ue-usa-un-accord-douanier-a-15","status":"publish","type":"post","link":"https:\/\/www.europesays.com\/fr\/277043\/","title":{"rendered":"UE-USA\u00a0: un accord douanier \u00e0 15%\u00a0?"},"content":{"rendered":"<p>L\u2019OCDE a r\u00e9vis\u00e9 en baisse mardi sa pr\u00e9vision de croissance mondiale pour 2025, \u00e0 2,9% contre 3,1% pr\u00e9c\u00e9demment, tir\u00e9e vers le bas par des projections plus faibles aux \u00c9tats-Unis en raison de l\u2019offensive protectionniste engag\u00e9e par Donald Trump.<\/p>\n<p>Voici un tableau r\u00e9capitulatif des pr\u00e9visions de croissance pour 2025 et 2026. Entre parenth\u00e8ses, les diff\u00e9rences en points de pourcentage par rapport aux pr\u00e9c\u00e9dentes projections publi\u00e9es par l\u2019institution \u00e9conomique internationale en mars.<\/p>\n<p>2025 2026 Monde 2,9% (-0,2) 2,9% (-0,1) Zone euro 1,0% (=) 1,2% (=) Allemagne 0,4% (=) 1,2% (+0,1) France 0,6% (-0,2) 0,9% (-0,1) Italie 0,6% (-0,1) 0,7% (-0,2) Royaume-Uni 1,3% (-0,1) 1,0% (-0,2) Etats-Unis 1,6% (-0,6) 1,5% (-0,1) Chine 4,7% (-0,1) 4,3% (-0,1) Japon 0,7% (-0,4) 0,4% (+0,2) Inde 6,3%(-0,1) 6,4% (-0,2) Br\u00e9sil 2,1% (=) 1,6% (+0,2)<\/p>\n","protected":false},"excerpt":{"rendered":"L\u2019OCDE a r\u00e9vis\u00e9 en baisse mardi sa pr\u00e9vision de croissance mondiale pour 2025, \u00e0 2,9% contre 3,1% pr\u00e9c\u00e9demment,&hellip;\n","protected":false},"author":2,"featured_media":277044,"comment_status":"","ping_status":"","sticky":false,"template":"","format":"standard","meta":{"footnotes":""},"categories":[1586],"tags":[11,1777,674,1779,1011,27,12,25,1778,364],"class_list":{"0":"post-277043","1":"post","2":"type-post","3":"status-publish","4":"format-standard","5":"has-post-thumbnail","7":"category-europe","8":"tag-actualites","9":"tag-eu","10":"tag-europe","11":"tag-european-union","12":"tag-fr","13":"tag-france","14":"tag-news","15":"tag-republique-francaise","16":"tag-ue","17":"tag-union-europeenne"},"share_on_mastodon":{"url":"https:\/\/pubeurope.com\/@fr\/114924332337850404","error":""},"_links":{"self":[{"href":"https:\/\/www.europesays.com\/fr\/wp-json\/wp\/v2\/posts\/277043","targetHints":{"allow":["GET"]}}],"collection":[{"href":"https:\/\/www.europesays.com\/fr\/wp-json\/wp\/v2\/posts"}],"about":[{"href":"https:\/\/www.europesays.com\/fr\/wp-json\/wp\/v2\/types\/post"}],"author":[{"embeddable":true,"href":"https:\/\/www.europesays.com\/fr\/wp-json\/wp\/v2\/users\/2"}],"replies":[{"embeddable":true,"href":"https:\/\/www.europesays.com\/fr\/wp-json\/wp\/v2\/comments?post=277043"}],"version-history":[{"count":0,"href":"https:\/\/www.europesays.com\/fr\/wp-json\/wp\/v2\/posts\/277043\/revisions"}],"wp:featuredmedia":[{"embeddable":true,"href":"https:\/\/www.europesays.com\/fr\/wp-json\/wp\/v2\/media\/277044"}],"wp:attachment":[{"href":"https:\/\/www.europesays.com\/fr\/wp-json\/wp\/v2\/media?parent=277043"}],"wp:term":[{"taxonomy":"category","embeddable":true,"href":"https:\/\/www.europesays.com\/fr\/wp-json\/wp\/v2\/categories?post=277043"},{"taxonomy":"post_tag","embeddable":true,"href":"https:\/\/www.europesays.com\/fr\/wp-json\/wp\/v2\/tags?post=277043"}],"curies":[{"name":"wp","href":"https:\/\/api.w.org\/{rel}","templated":true}]}}