{"id":277045,"date":"2025-07-27T08:48:21","date_gmt":"2025-07-27T08:48:21","guid":{"rendered":"https:\/\/www.europesays.com\/fr\/277045\/"},"modified":"2025-07-27T08:48:21","modified_gmt":"2025-07-27T08:48:21","slug":"dans-louest-canadien-la-tentation-du-petro-separatisme-de-lalberta-liberation","status":"publish","type":"post","link":"https:\/\/www.europesays.com\/fr\/277045\/","title":{"rendered":"Dans l\u2019Ouest canadien, la tentation du p\u00e9tro- s\u00e9paratisme de l\u2019Alberta \u2013 Lib\u00e9ration"},"content":{"rendered":"<p class=\"sc-ksZaOG ehjQrN text-element\">Alors que le Canada est travers\u00e9 par un regain patriotique soudain depuis le retour de Donald Trump \u00e0 la Maison Blanche et <a href=\"https:\/\/www.liberation.fr\/international\/amerique\/contre-le-canada-donald-trump-redegaine-les-droits-de-douane-20250711_ZM7MHWSFVNC3DHYYIO4GVWRXYI\/\" target=\"_blank\" rel=\"noopener\" title=\"https:\/\/www.liberation.fr\/international\/amerique\/contre-le-canada-donald-trump-redegaine-les-droits-de-douane-20250711_ZM7MHWSFVNC3DHYYIO4GVWRXYI\/\">la guerre commerciale avec le voisin am\u00e9ricain<\/a>, un vent contraire souffle sur ses plaines de l\u2019Ouest. Chez certains, les drapeaux canadiens, symboles du <a href=\"https:\/\/www.liberation.fr\/international\/amerique\/a-ottawa-la-police-a-lassaut-des-camionneurs-anti-mesures-sanitaires-20220219_T5ANRHBFPBCGZGHXF5FMMAW27I\/\" target=\"_blank\" rel=\"noopener\" title=\"https:\/\/www.liberation.fr\/international\/amerique\/a-ottawa-la-police-a-lassaut-des-camionneurs-anti-mesures-sanitaires-20220219_T5ANRHBFPBCGZGHXF5FMMAW27I\/\">Convoi de la libert\u00e9 contre les mesures sanitaires<\/a>, ont vite \u00e9t\u00e9 remplac\u00e9s par les \u00e9tendards bleus de l\u2019Alberta, frapp\u00e9s d\u2019un blason royal o\u00f9 figurent les Montagnes Rocheuses, des prairies vertes et champs de bl\u00e9.<\/p>\n","protected":false},"excerpt":{"rendered":"Alors que le Canada est travers\u00e9 par un regain patriotique soudain depuis le retour de Donald Trump \u00e0&hellip;\n","protected":false},"author":2,"featured_media":277046,"comment_status":"","ping_status":"","sticky":false,"template":"","format":"standard","meta":{"footnotes":""},"categories":[2],"tags":[11,574,1011,27,12,25],"class_list":{"0":"post-277045","1":"post","2":"type-post","3":"status-publish","4":"format-standard","5":"has-post-thumbnail","7":"category-actualites","8":"tag-actualites","9":"tag-canada","10":"tag-fr","11":"tag-france","12":"tag-news","13":"tag-republique-francaise"},"share_on_mastodon":{"url":"https:\/\/pubeurope.com\/@fr\/114924336181135303","error":""},"_links":{"self":[{"href":"https:\/\/www.europesays.com\/fr\/wp-json\/wp\/v2\/posts\/277045","targetHints":{"allow":["GET"]}}],"collection":[{"href":"https:\/\/www.europesays.com\/fr\/wp-json\/wp\/v2\/posts"}],"about":[{"href":"https:\/\/www.europesays.com\/fr\/wp-json\/wp\/v2\/types\/post"}],"author":[{"embeddable":true,"href":"https:\/\/www.europesays.com\/fr\/wp-json\/wp\/v2\/users\/2"}],"replies":[{"embeddable":true,"href":"https:\/\/www.europesays.com\/fr\/wp-json\/wp\/v2\/comments?post=277045"}],"version-history":[{"count":0,"href":"https:\/\/www.europesays.com\/fr\/wp-json\/wp\/v2\/posts\/277045\/revisions"}],"wp:featuredmedia":[{"embeddable":true,"href":"https:\/\/www.europesays.com\/fr\/wp-json\/wp\/v2\/media\/277046"}],"wp:attachment":[{"href":"https:\/\/www.europesays.com\/fr\/wp-json\/wp\/v2\/media?parent=277045"}],"wp:term":[{"taxonomy":"category","embeddable":true,"href":"https:\/\/www.europesays.com\/fr\/wp-json\/wp\/v2\/categories?post=277045"},{"taxonomy":"post_tag","embeddable":true,"href":"https:\/\/www.europesays.com\/fr\/wp-json\/wp\/v2\/tags?post=277045"}],"curies":[{"name":"wp","href":"https:\/\/api.w.org\/{rel}","templated":true}]}}