{"id":277047,"date":"2025-07-27T08:49:13","date_gmt":"2025-07-27T08:49:13","guid":{"rendered":"https:\/\/www.europesays.com\/fr\/277047\/"},"modified":"2025-07-27T08:49:13","modified_gmt":"2025-07-27T08:49:13","slug":"a-hambourg-lol-a-fait-preuve-de-maitrise-mais-aussi-de-caractere","status":"publish","type":"post","link":"https:\/\/www.europesays.com\/fr\/277047\/","title":{"rendered":"A Hambourg, l\u2019OL a fait preuve de maitrise mais aussi de caract\u00e8re"},"content":{"rendered":"<p>                            <img width=\"770\" height=\"433\" src=\"https:\/\/www.europesays.com\/fr\/wp-content\/uploads\/2025\/07\/AFP__20250726__dpa-pa_250726-99-565149_dpai__v1__HighRes__TestMatchHamburgerSvOlympi-770x433.jpg\" class=\"attachment-article size-article wp-post-image\" alt=\"Yacine Cha\u00efb et T\u00e9o Barisic lors de Hambourg - OL\" decoding=\"async\" fetchpriority=\"high\"  \/><\/p>\n<p>Yacine Cha\u00efb et T\u00e9o Barisic lors de Hambourg \u2013 OL (Photo by CHRISTIAN CHARISIUS \/ dpa Picture-Alliance via AFP)<\/p>\n<p>Dans un format de deux mi-temps d\u2019une heure, Paulo Fonseca a pu alterner avec les rep\u00e8res d\u2019une \u00e9quipe-type et le courage des jeunes rempla\u00e7ants. De bon augure pour l\u2019OL avant de commencer son stage en Autriche.<\/p>\n<p>On l\u2019avait presque laiss\u00e9 chafouin mercredi dernier, deux jours avant de mettre les voiles vers l\u2019Allemagne puis l\u2019Autriche. Apr\u00e8s le nul contre le <strong>RWDM Brussels,<\/strong> Paulo Fonseca n\u2019avait pas manqu\u00e9 de pointer la deuxi\u00e8me mi-temps rat\u00e9e de son \u00e9quipe. Il y avait pourtant du beau monde sur la pelouse \u00e0 ce moment-l\u00e0 avec Clinton <strong>Mata<\/strong>, Nemanja <strong>Matic<\/strong> ou encore Georges <strong>Mikautadze<\/strong>. Seulement, le visage offert avait quelque peu chagrin\u00e9 l\u2019entra\u00eeneur portugais. Il esp\u00e9rait une r\u00e9action \u00e0 <strong>Hambourg<\/strong> samedi <a href=\"https:\/\/www.olympique-et-lyonnais.com\/lol-soffre-une-belle-balade-a-hambourg-0-4,372952.html\" rel=\"nofollow noopener\" target=\"_blank\">(0-4)<\/a> et il a \u00e9t\u00e9 servi. Il faut dire qu\u2019il avait choisi d\u2019en finir avec ces \u00e9quipes mixtes entre exp\u00e9rience et jeunes pousses. Cela s\u2019est d\u2019ailleurs clairement ressenti dans l\u2019interpr\u00e9tation faite de chacune des deux heures disput\u00e9es face aux pensionnaires de Bundesliga.<\/p>\n<p>Dix minutes avant de d\u00e9rouler<\/p>\n<p>Pour ce troisi\u00e8me amical, le onze titulaire ressemblait plus ou moins \u00e0 ce qui pourrait \u00eatre une \u00e9quipe-type. Avec les <a href=\"https:\/\/www.olympique-et-lyonnais.com\/mercato-lol-a-fixe-ses-conditions-a-everton-pour-fofana,372957.html\" rel=\"nofollow noopener\" target=\"_blank\">rumeurs<\/a> autour de Malick <strong>Fofana<\/strong>, on voit bien que cela reste tr\u00e8s utopique d\u2019imaginer avoir cette m\u00eame \u00e9quipe \u00e0 <strong>Lens<\/strong> le 16 ao\u00fbt prochain, mais \u00e0 l\u2019instant T, Fonseca a align\u00e9 ce qu\u2019il pensait \u00eatre la meilleure \u00e9quipe possible de l\u2019OL. Les onze joueurs align\u00e9s dans le 4-3-3 lui ont plut\u00f4t donn\u00e9 raison. Il y a certes eu un peu de bricolage avec Ainsley <strong>Maitland-Niles<\/strong> comme ailier droit ou le jeune Khalis <strong>Merah<\/strong> dans l\u2019entrejeu, mais apr\u00e8s dix minutes de rodage, le collectif s\u2019est mis en route.<\/p>\n<p>Si tout n\u2019a logiquement pas \u00e9t\u00e9 parfait, l\u2019OL a livr\u00e9 sa partition la plus solide de ce d\u00e9but d\u2019\u00e9t\u00e9. Est-ce le fait de jouer dans un stade plein ? Cela a peut-\u00eatre aid\u00e9, mais il n\u2019y a eu qu\u2019\u00e0 voir la certaine crispation des joueurs d\u2019Hambourg pour comprendre que les Lyonnais jouaient avec une certaine maitrise. Du haut de ses 17 ans, Merah n\u2019a pas sembl\u00e9 t\u00e9taniser par le contexte et a \u00e9t\u00e9 \u00e0 l\u2019origine du premier but rhodanien. Cela lui a valu quelques louanges de son coach apr\u00e8s la rencontre. \u00ab\u00a0Il a vraiment fait un bon match, il n\u2019a pas eu peur, j\u2019ai bien aim\u00e9\u00a0\u00bb, a d\u00e9clar\u00e9 le coach sur OLPlay.<\/p>\n<p>Fofana, le facteur X<\/p>\n<p>Mais, pas question de tirer la couverture sur un seul homme, comme sur Malick <strong>Fofana<\/strong>, qui risque de laisser de gros regrets s\u2019il vient \u00e0 quitter le club. Buteur, il a \u00e9t\u00e9 dans tous les bons coups, \u00e0 l\u2019image de cette passe d\u00e9cisive pour Georges <strong>Mikautadze<\/strong>. \u00ab\u00a0C\u2019est avant tout une tr\u00e8s belle action collective avec Ainsley et Abner.\u00a0\u00bb Dans cette mi-temps d\u2019une heure o\u00f9 m\u00eame R\u00e9my <strong>Descamps<\/strong> a montr\u00e9 de belles dispositions, l\u2019<strong>OL<\/strong> a donc r\u00e9ussi \u00e0 m\u00ealer r\u00e9alisme et maitrise. Il y a bien longtemps que cela n\u2019\u00e9tait pas arriv\u00e9, m\u00eame s\u2019il faut raison garder aussi bien dans les critiques que dans l\u2019emballement de matchs de pr\u00e9-saison.<\/p>\n<p>Seulement, samedi, il y avait bien des sourires sur les visages lyonnais mais aussi de Paulo <strong>Fonseca<\/strong>. Dans cette volont\u00e9 de monter le curseur d\u2019un cran, les 24 joueurs utilis\u00e9s \u00e0 Hambourg ont r\u00e9pondu pr\u00e9sents. M\u00eame ceux qui ont attaqu\u00e9 la deuxi\u00e8me mi-temps avec un manque tr\u00e8s clair de rep\u00e8res. Rien de bien surprenant \u00e0 la vue du onze concoct\u00e9 o\u00f9 seuls Nemanja <strong>Matic<\/strong> et Duje <strong>Caleta-Ca<\/strong>r avaient jou\u00e9 plus de 20 minutes en Ligue 1 la saison pass\u00e9e.<\/p>\n<p>Les Lyonnais ont pli\u00e9 sans rompre<\/p>\n<p>De ce onze exp\u00e9rimental, on ne savait pas trop \u00e0 quoi s\u2019attendre. Il y a finalement eu une belle surprise malgr\u00e9 le dispositif en 5-3-2 utilis\u00e9 par <strong>Fonseca<\/strong>. Bien \u00e9videmment, la partition a \u00e9t\u00e9 bien moins aboutie que la premi\u00e8re, mais cela a permis de rassurer d\u00e9fensivement. \u00ab\u00a0J\u2019ai vraiment aim\u00e9 le courage des joueurs pour participer au jeu et je suis tr\u00e8s content des jeunes. Hambourg a essay\u00e9 de presser haut, mais on a tr\u00e8s bien jou\u00e9 dans tous les moments du match.\u00a0\u00bb<\/p>\n<p>Pour ses premiers pas, Ruben <strong>Kluivert<\/strong> a montr\u00e9 le roc qu\u2019il pouvait \u00eatre. Lassine <strong>Diarra<\/strong> a confirm\u00e9 ses bonnes dispositions dans le but lyonnais en ce d\u00e9but de pr\u00e9paration. Quand la majorit\u00e9 des joueurs d\u00e9couvraient ce que cela faisait de jouer devant 40 000 spectateurs, ils ont courb\u00e9 l\u2019\u00e9chine sans jamais rompre. Mieux, la vitesse d\u2019Alejandro <strong>Gomes Rodriguez<\/strong> conjugu\u00e9e \u00e0 celle d\u2019Afonso <strong>Moreira<\/strong> a eu raison des espaces laiss\u00e9s par la formation allemande. De quoi valider le courage observ\u00e9 pendant une heure. Au moment d\u2019attaquer le stage \u00e0 Innsbruck ce dimanche, l\u2019OL peut attaquer cette semaine de travail avec une certaine confiance.<\/p>\n","protected":false},"excerpt":{"rendered":"Yacine Cha\u00efb et T\u00e9o Barisic lors de Hambourg \u2013 OL (Photo by CHRISTIAN CHARISIUS \/ dpa Picture-Alliance via&hellip;\n","protected":false},"author":2,"featured_media":277048,"comment_status":"","ping_status":"","sticky":false,"template":"","format":"standard","meta":{"footnotes":""},"categories":[2],"tags":[11,1011,27,12,241,978,25],"class_list":{"0":"post-277047","1":"post","2":"type-post","3":"status-publish","4":"format-standard","5":"has-post-thumbnail","7":"category-actualites","8":"tag-actualites","9":"tag-fr","10":"tag-france","11":"tag-news","12":"tag-ol","13":"tag-olympique-lyonnais","14":"tag-republique-francaise"},"share_on_mastodon":{"url":"https:\/\/pubeurope.com\/@fr\/114924340176061832","error":""},"_links":{"self":[{"href":"https:\/\/www.europesays.com\/fr\/wp-json\/wp\/v2\/posts\/277047","targetHints":{"allow":["GET"]}}],"collection":[{"href":"https:\/\/www.europesays.com\/fr\/wp-json\/wp\/v2\/posts"}],"about":[{"href":"https:\/\/www.europesays.com\/fr\/wp-json\/wp\/v2\/types\/post"}],"author":[{"embeddable":true,"href":"https:\/\/www.europesays.com\/fr\/wp-json\/wp\/v2\/users\/2"}],"replies":[{"embeddable":true,"href":"https:\/\/www.europesays.com\/fr\/wp-json\/wp\/v2\/comments?post=277047"}],"version-history":[{"count":0,"href":"https:\/\/www.europesays.com\/fr\/wp-json\/wp\/v2\/posts\/277047\/revisions"}],"wp:featuredmedia":[{"embeddable":true,"href":"https:\/\/www.europesays.com\/fr\/wp-json\/wp\/v2\/media\/277048"}],"wp:attachment":[{"href":"https:\/\/www.europesays.com\/fr\/wp-json\/wp\/v2\/media?parent=277047"}],"wp:term":[{"taxonomy":"category","embeddable":true,"href":"https:\/\/www.europesays.com\/fr\/wp-json\/wp\/v2\/categories?post=277047"},{"taxonomy":"post_tag","embeddable":true,"href":"https:\/\/www.europesays.com\/fr\/wp-json\/wp\/v2\/tags?post=277047"}],"curies":[{"name":"wp","href":"https:\/\/api.w.org\/{rel}","templated":true}]}}