{"id":277051,"date":"2025-07-27T08:53:11","date_gmt":"2025-07-27T08:53:11","guid":{"rendered":"https:\/\/www.europesays.com\/fr\/277051\/"},"modified":"2025-07-27T08:53:11","modified_gmt":"2025-07-27T08:53:11","slug":"merci-guillaume-galletier-et-bonne-chance-pour-la-suite","status":"publish","type":"post","link":"https:\/\/www.europesays.com\/fr\/277051\/","title":{"rendered":"Merci Guillaume Galletier et bonne chance pour la suite"},"content":{"rendered":"<p>Merci Guillaume Galletier et bonne chance pour la suite<\/p>\n<p>Publi\u00e9 le dimanche 27 juillet 2025 \u00e0 06:00<\/p>\n<p><img loading=\"lazy\" decoding=\"async\" src=\"https:\/\/www.europesays.com\/fr\/wp-content\/uploads\/2025\/07\/68855c08812c5.jpg\" alt=\"\" width=\"1280\" height=\"720\"\/><\/p>\n<p><strong>Dans le sport, il y a des choses que vous ne pouvez pas contr\u00f4ler. Tout se passe bien et d&rsquo;un coup, c&rsquo;est le trou noir. Il peut y avoir de nombreux \u00e9l\u00e9ments qui peuvent expliquer cela mais cela peut aussi \u00eatre un enchainement qui am\u00e8ne \u00e0 ce r\u00e9sultat final. Apr\u00e8s, il faut savoir rebondir pour red\u00e9marrer.<br \/><\/strong><\/p>\n<p style=\"text-align: left;\">Il n&rsquo;est jamais facile de quitter un endroit quand vous vous y sentez bien et o\u00f9 vous avez vos repaires. Mais une carri\u00e8re implique parfois des changements pour d\u00e9marrer un nouveau cycle, peut \u00eatre meilleur, ailleurs.<\/p>\n<p style=\"text-align: left;\">Natif de Montpellier, <a href=\"https:\/\/www.allezbriverugby.com\/joueurs\/guillaume-galletier\/\" rel=\"nofollow noopener\" target=\"_blank\">Guillaume Galletier<\/a> rejoint jeune l&rsquo;\u00e9cole de rugby du MHR. Petit \u00e0 petit, il y gravit les \u00e9chelons et se rapproche du but de tout jeune rugbyman : l&rsquo;\u00e9quipe premi\u00e8re. Avant d&rsquo;y parvenir, il s&rsquo;octroie une prise d&rsquo;exp\u00e9rience du c\u00f4t\u00e9 de Lyon. Apr\u00e8s deux ans au centre de formation lyonnais, il revient au bercail et termine sa formation. Malheureusement, il n&rsquo;aura pas l&rsquo;opportunit\u00e9 de d\u00e9buter avec l&rsquo;\u00e9quipe premi\u00e8re de son club formateur. A ce moment l\u00e0, <strong>Brive vient piocher g\u00e9n\u00e9reusement dans le vivier montpelli\u00e9rain et r\u00e9cup\u00e8re plusieurs joueurs<\/strong>. Parmi tous ces joueurs, il y a Guillaume Galletier. Sans \u00eatre titulaire indiscutable, <strong>l&rsquo;ancien montpelli\u00e9rain se fait sa place dans la rotation<\/strong> et apporte son envie et son \u00e9nergie d\u00e8s qu&rsquo;il est align\u00e9 sur le terrain. Lors de la saison 2021\/2022, le staff briviste trouve un duo au centre qui marche bien et qui se compl\u00e8te : Guillaume Galletier &#8211; Setariki Tuicuvu. La saison suivante commence bien mais le premier bloc se termine mal avec une fracture du p\u00e9ron\u00e9. Quelques mois plus tard, il est de retour mais a du mal \u00e0 enchainer. Il va retrouver de la r\u00e9gularit\u00e9 lors de la descente en Pro D2. <strong>La saison derni\u00e8re a \u00e9t\u00e9 compliqu\u00e9e avec un staff qui ne comptait pas sur lui<\/strong>.<\/p>\n<p style=\"text-align: left;\">S&rsquo;il lui restait encore un an de contrat avec le club, la situation \u00e9tait telle que la meilleure option \u00e9tait de partir.<strong> D&rsquo;un commun accord, les deux parties se sont s\u00e9par\u00e9es, mettant un point \u00e0 6 saisons et 78 matchs (49 titularisations, 2 essais)<\/strong>. La suite de l&rsquo;histoire devrait s&rsquo;\u00e9crire du c\u00f4t\u00e9 d&rsquo;Aix en Provence. Mais pour \u00eatre s\u00fbr, il faudra attendre l&rsquo;officialisation de Provence.<\/p>\n<p style=\"text-align: left;\">\u00a0<\/p>\n<p class=\"auteur\" style=\"text-align: left;\"><strong>Merci pour ces saisons avec le CAB et bonne chance pour la suite !<br \/><\/strong><\/p>\n<p>\u00a0<\/p>\n","protected":false},"excerpt":{"rendered":"Merci Guillaume Galletier et bonne chance pour la suite Publi\u00e9 le dimanche 27 juillet 2025 \u00e0 06:00 Dans&hellip;\n","protected":false},"author":2,"featured_media":277052,"comment_status":"","ping_status":"","sticky":false,"template":"","format":"standard","meta":{"footnotes":""},"categories":[1416],"tags":[1011,27,479,1468,60],"class_list":{"0":"post-277051","1":"post","2":"type-post","3":"status-publish","4":"format-standard","5":"has-post-thumbnail","7":"category-rugby","8":"tag-fr","9":"tag-france","10":"tag-rugby","11":"tag-rugby-football","12":"tag-sports"},"share_on_mastodon":{"url":"https:\/\/pubeurope.com\/@fr\/114924355860742698","error":""},"_links":{"self":[{"href":"https:\/\/www.europesays.com\/fr\/wp-json\/wp\/v2\/posts\/277051","targetHints":{"allow":["GET"]}}],"collection":[{"href":"https:\/\/www.europesays.com\/fr\/wp-json\/wp\/v2\/posts"}],"about":[{"href":"https:\/\/www.europesays.com\/fr\/wp-json\/wp\/v2\/types\/post"}],"author":[{"embeddable":true,"href":"https:\/\/www.europesays.com\/fr\/wp-json\/wp\/v2\/users\/2"}],"replies":[{"embeddable":true,"href":"https:\/\/www.europesays.com\/fr\/wp-json\/wp\/v2\/comments?post=277051"}],"version-history":[{"count":0,"href":"https:\/\/www.europesays.com\/fr\/wp-json\/wp\/v2\/posts\/277051\/revisions"}],"wp:featuredmedia":[{"embeddable":true,"href":"https:\/\/www.europesays.com\/fr\/wp-json\/wp\/v2\/media\/277052"}],"wp:attachment":[{"href":"https:\/\/www.europesays.com\/fr\/wp-json\/wp\/v2\/media?parent=277051"}],"wp:term":[{"taxonomy":"category","embeddable":true,"href":"https:\/\/www.europesays.com\/fr\/wp-json\/wp\/v2\/categories?post=277051"},{"taxonomy":"post_tag","embeddable":true,"href":"https:\/\/www.europesays.com\/fr\/wp-json\/wp\/v2\/tags?post=277051"}],"curies":[{"name":"wp","href":"https:\/\/api.w.org\/{rel}","templated":true}]}}