{"id":277053,"date":"2025-07-27T08:54:11","date_gmt":"2025-07-27T08:54:11","guid":{"rendered":"https:\/\/www.europesays.com\/fr\/277053\/"},"modified":"2025-07-27T08:54:11","modified_gmt":"2025-07-27T08:54:11","slug":"kalinskaya-rejoint-fernandez-en-finale-du-tournoi-wta-500-de-washington","status":"publish","type":"post","link":"https:\/\/www.europesays.com\/fr\/277053\/","title":{"rendered":"Kalinskaya rejoint Fernandez en finale du tournoi WTA 500 de Washington"},"content":{"rendered":"<p>                <img decoding=\"async\" src=\"https:\/\/www.europesays.com\/fr\/wp-content\/uploads\/2025\/07\/9axo.jpg\" alt=\"Kalinskaya rejoint Fernandez en finale du tournoi WTA 500 de Washington\"\/><\/p>\n<p>Apr\u00e8s la qualification \u00e9pique de Leylah Fernandez face \u00e0 Elena Rybakina (6-7, 7-6, 7-6), place \u00e0 la deuxi\u00e8me demi-finale du tournoi WTA 500 de Washington entre Anna Kalinskaya et Emma Raducanu.<\/p>\n<p>Pour arriver dans le dernier carr\u00e9, la Russe a \u00e9limin\u00e9 Rakhimova, Linette et Tauson, tandis que la Britannique avait domin\u00e9 Kostyuk, Osaka et Sakkari. Les deux joueuses arrivaient en confiance avant cette rencontre.<\/p>\n<p>Toujours \u00e0 la recherche d\u2019une premi\u00e8re finale sur le circuit principal depuis son sacre surprise \u00e0 l\u2019US Open en 2021, Raducanu partait favorite de ce match face \u00e0 Kalinskaya, 48e mondiale et qui est \u00e0 la recherche de ses meilleures sensations cette saison.<\/p>\n<p>Les deux femmes s\u2019affrontaient pour la premi\u00e8re fois, avec un fort enjeu \u00e0 la cl\u00e9. Mais dans ce match, c\u2019est bien la finaliste du WTA 1000 de Duba\u00ef en 2024 qui a su le mieux ma\u00eetriser ses \u00e9motions.<\/p>\n<p>Dans un premier set \u00e9quilibr\u00e9, un seul break aura \u00e9t\u00e9 suffisant pour la Russe, qui a pris le service de son adversaire au meilleur moment possible, \u00e0 5-4. En ma\u00eetrise, Kalinskaya, 26 ans, a confirm\u00e9 sa sup\u00e9riorit\u00e9 dans la deuxi\u00e8me manche, et s\u2019est impos\u00e9e en deux sets (6-4, 6-3) contre une joueuse qui n\u2019en avait pas perdu un seul depuis le d\u00e9but de la semaine dans la capitale am\u00e9ricaine.<\/p>\n<p>Kalinskaya se qualifie pour la troisi\u00e8me finale de sa carri\u00e8re sur le circuit principal, et tentera de remporter son premier titre WTA. Battue de justesse en finale \u00e0 Duba\u00ef en 2024 (7-5 au troisi\u00e8me par Paolini) et \u00e0 Berlin la m\u00eame ann\u00e9e (7-6 au troisi\u00e8me par Pegula), la Russe tentera de conjurer le mauvais sort et d\u2019inscrire son nom au palmar\u00e8s d\u2019un tournoi.<\/p>\n<p>Celle qui n\u2019a toujours pas perdu le moindre set dans ce tournoi de Washington devra pour cela s\u2019imposer contre l\u2019autre finaliste de l\u2019US Open 2021, Leylah Fernandez, ce dimanche.<\/p>\n","protected":false},"excerpt":{"rendered":"Apr\u00e8s la qualification \u00e9pique de Leylah Fernandez face \u00e0 Elena Rybakina (6-7, 7-6, 7-6), place \u00e0 la deuxi\u00e8me&hellip;\n","protected":false},"author":2,"featured_media":277054,"comment_status":"","ping_status":"","sticky":false,"template":"","format":"standard","meta":{"footnotes":""},"categories":[1415],"tags":[1011,27,60,1467],"class_list":{"0":"post-277053","1":"post","2":"type-post","3":"status-publish","4":"format-standard","5":"has-post-thumbnail","7":"category-tennis","8":"tag-fr","9":"tag-france","10":"tag-sports","11":"tag-tennis"},"share_on_mastodon":{"url":"https:\/\/pubeurope.com\/@fr\/114924359728175323","error":""},"_links":{"self":[{"href":"https:\/\/www.europesays.com\/fr\/wp-json\/wp\/v2\/posts\/277053","targetHints":{"allow":["GET"]}}],"collection":[{"href":"https:\/\/www.europesays.com\/fr\/wp-json\/wp\/v2\/posts"}],"about":[{"href":"https:\/\/www.europesays.com\/fr\/wp-json\/wp\/v2\/types\/post"}],"author":[{"embeddable":true,"href":"https:\/\/www.europesays.com\/fr\/wp-json\/wp\/v2\/users\/2"}],"replies":[{"embeddable":true,"href":"https:\/\/www.europesays.com\/fr\/wp-json\/wp\/v2\/comments?post=277053"}],"version-history":[{"count":0,"href":"https:\/\/www.europesays.com\/fr\/wp-json\/wp\/v2\/posts\/277053\/revisions"}],"wp:featuredmedia":[{"embeddable":true,"href":"https:\/\/www.europesays.com\/fr\/wp-json\/wp\/v2\/media\/277054"}],"wp:attachment":[{"href":"https:\/\/www.europesays.com\/fr\/wp-json\/wp\/v2\/media?parent=277053"}],"wp:term":[{"taxonomy":"category","embeddable":true,"href":"https:\/\/www.europesays.com\/fr\/wp-json\/wp\/v2\/categories?post=277053"},{"taxonomy":"post_tag","embeddable":true,"href":"https:\/\/www.europesays.com\/fr\/wp-json\/wp\/v2\/tags?post=277053"}],"curies":[{"name":"wp","href":"https:\/\/api.w.org\/{rel}","templated":true}]}}