{"id":277057,"date":"2025-07-27T08:57:13","date_gmt":"2025-07-27T08:57:13","guid":{"rendered":"https:\/\/www.europesays.com\/fr\/277057\/"},"modified":"2025-07-27T08:57:13","modified_gmt":"2025-07-27T08:57:13","slug":"russell-deplore-le-grand-pas-en-arriere-de-mercedes-vers-le-milieu-de-peloton","status":"publish","type":"post","link":"https:\/\/www.europesays.com\/fr\/277057\/","title":{"rendered":"Russell d\u00e9plore le \u00ab\u00a0grand pas en arri\u00e8re\u00a0\u00bb de Mercedes vers le milieu de peloton"},"content":{"rendered":"<p>Il y a un an, <a href=\"https:\/\/fr.motorsport.com\/team\/mercedes\/611\/\" target=\"_blank\" rel=\"noopener\">Mercedes<\/a> avait affich\u00e9 un rythme \u00e9tonnamment rapide tout au long du Grand Prix de Belgique, qui avait permis &#8211; sur la piste &#8211; \u00e0 l&rsquo;\u00e9quipe allemande de signer un improbable doubl\u00e9. Finalement, le doubl\u00e9 s&rsquo;\u00e9tait transform\u00e9 en \u00ab\u00a0simple\u00a0\u00bb victoire pour <a href=\"https:\/\/fr.motorsport.com\/driver\/lewis-hamilton\/76878\/\" target=\"_blank\" rel=\"noopener\">Lewis Hamilton<\/a> quand <a href=\"https:\/\/fr.motorsport.com\/driver\/george-russell\/96626\/\" target=\"_blank\" rel=\"noopener\">George Russell<\/a> avait \u00e9t\u00e9 disqualifi\u00e9 pour une voiture sous le poids minimum.<\/p>\n<p>La d\u00e9ception de cette exclusion n&rsquo;avait pas effac\u00e9 la sensation d&rsquo;avoir produit une excellente course pour parvenir \u00e0 franchir la ligne d&rsquo;arriv\u00e9e en t\u00eate. Mais, en 2025, c&rsquo;est avant m\u00eame que la course ne d\u00e9bute que Mercedes d\u00e9\u00e7oit. Si, de l&rsquo;autre c\u00f4t\u00e9 du garage, <a href=\"https:\/\/fr.motorsport.com\/driver\/kimi-antonelli\/947765\/\" target=\"_blank\" rel=\"noopener\">Kimi Antonelli<\/a> est en crise de confiance, Russell fait pour sa part le constat d&rsquo;un manque criant de rythme pour la W16 dot\u00e9e de quelques \u00e9volutions.<\/p>\n<p>Lire aussi :<\/p>\n<p>Le vainqueur du GP du Canada s&rsquo;est qualifi\u00e9 seulement 13e du sprint, sa pire position sur une grille de la saison, avant d&rsquo;\u00eatre bloqu\u00e9 dans un train DRS et de terminer 12e de la course courte, impuissant face \u00e0 <a href=\"https:\/\/fr.motorsport.com\/driver\/yuki-tsunoda\/828578\/\" target=\"_blank\" rel=\"noopener\">Yuki Tsunoda<\/a>. Lors des qualifications qui ont suivi ce samedi, Russell a bien atteint la Q3 mais n&rsquo;a pu faire mieux que sixi\u00e8me, \u00e0 0&Prime;639 de la pole position et surtout battu par la <a href=\"https:\/\/fr.motorsport.com\/team\/williams\/613\/\" target=\"_blank\" rel=\"noopener\">Williams<\/a> d&rsquo;<a href=\"https:\/\/fr.motorsport.com\/driver\/alexander-albon\/109635\/\" target=\"_blank\" rel=\"noopener\">Alexander Albon<\/a>.<\/p>\n<p>\u00ab\u00a0Mes tours semblaient tr\u00e8s bons\u00a0\u00bb, a d\u00e9clar\u00e9 Russell. \u00ab\u00a0Mais il est clair qu&rsquo;en tant qu&rsquo;\u00e9quipe, nous ne sommes pas dans le rythme ce week-end. Et, hier mis \u00e0 part, c&rsquo;est ma pire qualification de l&rsquo;ann\u00e9e, tout comme pour Kimi [Antonelli], donc nous devons comprendre ce qui se passe.\u00a0\u00bb<\/p>\n<p>   <img decoding=\"async\" draggable=\"false\" src=\"https:\/\/www.europesays.com\/fr\/wp-content\/uploads\/2025\/07\/george-russell-mercedes-lance-.jpg\" alt=\"Yuki Tsunoda devant George Russell lors du sprint de Spa.\" width=\"1200\" height=\"800\" loading=\"lazy\"\/> <\/p>\n<p class=\"title\">Yuki Tsunoda devant George Russell lors du sprint de Spa.<\/p>\n<p class=\"photographer\">Photo de: Andy Hone \/ LAT Images via Getty Images<\/p>\n<p>Malgr\u00e9 les difficult\u00e9s du sprint, Mercedes n&rsquo;a toutefois pas tout chamboul\u00e9 pour les qualifications. \u00ab\u00a0Historiquement, lors des week-ends sprint, si vous faites un mauvais sprint, m\u00eame en mettant la voiture sens dessus dessous pour le lendemain, \u00e7a fonctionne rarement\u00a0\u00bb, a d\u00e9clar\u00e9 Russell.<\/p>\n<p>\u00ab\u00a0Nous avons donc apport\u00e9 quelques modifications raisonnables, mais nous devons comprendre : lors des six premi\u00e8res courses de l&rsquo;ann\u00e9e, nous avons d\u00e9croch\u00e9 quatre podiums, contre un seul lors des six derni\u00e8res, et il est clair que nous avons fait un grand pas en arri\u00e8re vers le milieu du peloton.\u00a0\u00bb<\/p>\n<p>Contrairement \u00e0 l&rsquo;an pass\u00e9, o\u00f9 Russell avait acquis sa premi\u00e8re place suite \u00e0 un pari strat\u00e9gique audacieux \u00e0 un seul arr\u00eat, il est \u00e0 la fois peu probable que la course soit enti\u00e8rement sur piste s\u00e8che et que le pneu dur soit utilis\u00e9 par les \u00e9curies &#8211; car encore plus dur que l&rsquo;an pass\u00e9 &#8211; dans des conditions fra\u00eeches. Et s&rsquo;il pleut, Mercedes pourrait payer tr\u00e8s cher le fait d&rsquo;avoir d\u00e9charg\u00e9 la W16 en qualifications.<\/p>\n<p>\u00ab\u00a0Dans le premier relais, il n&rsquo;y aura pas plus de d\u00e9passements [que dans le sprint]\u00a0\u00bb, a d\u00e9clar\u00e9 Russell. \u00ab\u00a0Mais bien s\u00fbr, dans les stands, s&rsquo;il ne pleut pas, personne ne sait si les pneus durs seront efficaces ou non, ce qui pourrait obliger les pilotes \u00e0 faire deux arr\u00eats, ou \u00e0 tenter un seul arr\u00eat. Il y a donc toujours plusieurs options possibles lorsque les strat\u00e9gies sont vari\u00e9es. Mais il semble que la piste sera mouill\u00e9e, et les courses sur piste mouill\u00e9e sont souvent synonymes de carnage&#8230;\u00a0\u00bb<\/p>\n<p style=\"text-align: right;\">Avec\u00a0Stuart Codling et\u00a0Benjamin Vinel<\/p>\n<p>Dans cet article<\/p>\n<p>Soyez le premier inform\u00e9 et souscrivez aux alertes mails pour recevoir les infos en temps r\u00e9el<\/p>\n<p>    S&rsquo;abonner aux alertes de news<\/p>\n","protected":false},"excerpt":{"rendered":"Il y a un an, Mercedes avait affich\u00e9 un rythme \u00e9tonnamment rapide tout au long du Grand Prix&hellip;\n","protected":false},"author":2,"featured_media":277058,"comment_status":"","ping_status":"","sticky":false,"template":"","format":"standard","meta":{"footnotes":""},"categories":[1412],"tags":[1451,1452,1453,1454,1455,1011,27,9124,38196,4320,19528,60],"class_list":{"0":"post-277057","1":"post","2":"type-post","3":"status-publish","4":"format-standard","5":"has-post-thumbnail","7":"category-f1","8":"tag-f1","9":"tag-formula-1","10":"tag-formula1","11":"tag-formule-1","12":"tag-formule1","13":"tag-fr","14":"tag-france","15":"tag-george-russell","16":"tag-gp-de-belgique","17":"tag-mercedes","18":"tag-spa-francorchamps","19":"tag-sports"},"share_on_mastodon":{"url":"https:\/\/pubeurope.com\/@fr\/114924371570024608","error":""},"_links":{"self":[{"href":"https:\/\/www.europesays.com\/fr\/wp-json\/wp\/v2\/posts\/277057","targetHints":{"allow":["GET"]}}],"collection":[{"href":"https:\/\/www.europesays.com\/fr\/wp-json\/wp\/v2\/posts"}],"about":[{"href":"https:\/\/www.europesays.com\/fr\/wp-json\/wp\/v2\/types\/post"}],"author":[{"embeddable":true,"href":"https:\/\/www.europesays.com\/fr\/wp-json\/wp\/v2\/users\/2"}],"replies":[{"embeddable":true,"href":"https:\/\/www.europesays.com\/fr\/wp-json\/wp\/v2\/comments?post=277057"}],"version-history":[{"count":0,"href":"https:\/\/www.europesays.com\/fr\/wp-json\/wp\/v2\/posts\/277057\/revisions"}],"wp:featuredmedia":[{"embeddable":true,"href":"https:\/\/www.europesays.com\/fr\/wp-json\/wp\/v2\/media\/277058"}],"wp:attachment":[{"href":"https:\/\/www.europesays.com\/fr\/wp-json\/wp\/v2\/media?parent=277057"}],"wp:term":[{"taxonomy":"category","embeddable":true,"href":"https:\/\/www.europesays.com\/fr\/wp-json\/wp\/v2\/categories?post=277057"},{"taxonomy":"post_tag","embeddable":true,"href":"https:\/\/www.europesays.com\/fr\/wp-json\/wp\/v2\/tags?post=277057"}],"curies":[{"name":"wp","href":"https:\/\/api.w.org\/{rel}","templated":true}]}}