{"id":277063,"date":"2025-07-27T09:00:12","date_gmt":"2025-07-27T09:00:12","guid":{"rendered":"https:\/\/www.europesays.com\/fr\/277063\/"},"modified":"2025-07-27T09:00:12","modified_gmt":"2025-07-27T09:00:12","slug":"le-jour-ou-ozzy-osbourne-a-decide-darreter-les-acides-apres-une-longue-conversation-avec-un-cheval","status":"publish","type":"post","link":"https:\/\/www.europesays.com\/fr\/277063\/","title":{"rendered":"Le jour o\u00f9 Ozzy Osbourne a d\u00e9cid\u00e9 d\u2019arr\u00eater les acides apr\u00e8s une longue conversation avec un cheval"},"content":{"rendered":"<p>Depuis <a href=\"https:\/\/www.20minutes.fr\/arts-stars\/culture\/4164870-20250722-ozzy-osbourne-chanteur-black-sabbath-mort\" target=\"_blank\" class=\"color-ultramarine c-link\" rel=\"noopener\">la disparition d\u2019Ozzy Osbourne<\/a> mardi dernier \u00e0 l\u2019\u00e2ge de 76 ans, de nombreuses anecdotes sur le Prince des T\u00e9n\u00e8bres refont surface. Parmi elles, cette savoureuse histoire racont\u00e9e par le chanteur lui-m\u00eame dans une interview accord\u00e9e \u00e0 Classic Rock (via le <a href=\"https:\/\/www.nme.com\/news\/music\/ozzy-osbourne-gave-up-taking-acid-after-talking-to-horse-for-an-hour-3297466\" rel=\"nofollow noopener\" target=\"_blank\" class=\"color-ultramarine c-link\">NME<\/a>) en\u00a02022, o\u00f9 il r\u00e9v\u00e9lait comment il avait d\u00e9finitivement <a href=\"https:\/\/www.20minutes.fr\/sante\/4033166-20230419-lsd-ecstasy-champignons-hallucinogenes-traitements-efficaces-soigner-certains-troubles-psychiques\" target=\"_blank\" class=\"color-ultramarine c-link\" rel=\"noopener\">arr\u00eat\u00e9 de consommer du LSD<\/a> dans les ann\u00e9es 1970.<\/p>\n<p>\u00ab\u00a0\u00c0 cette \u00e9poque en Am\u00e9rique, les gens aimaient beaucoup mettre de l\u2019acide dans vos verres, avait confi\u00e9 Ozzy Osbourne. Je m\u2019en fichais. J\u2019avais l\u2019habitude d\u2019en avaler des poign\u00e9es enti\u00e8res.\u00a0\u00bb Le rockeur \u00e9voquait alors la p\u00e9riode de cr\u00e9ation du quatri\u00e8me album de Black Sabbath, Vol. 4, enregistr\u00e9 dans une maison de Los Angeles o\u00f9 le groupe \u00ab\u00a0r\u00e9p\u00e9tait, prenait des tonnes de drogues et faisait un album.\u00a0\u00bb<\/p>\n<p>Le cheval qui murmurait \u00e0 l\u2019oreille des rockstars<\/p>\n<p>La fin de cette consommation effr\u00e9n\u00e9e est survenue de fa\u00e7on inattendue lors du retour du groupe dans son Angleterre natale. \u00ab\u00a0J\u2019ai pris dix buvards d\u2019acide puis je suis parti me promener dans un champ. J\u2019ai fini par rester l\u00e0 \u00e0 parler \u00e0 ce cheval pendant environ une heure, avait racont\u00e9 <a href=\"https:\/\/www.20minutes.fr\/culture\/musique\/diaporama-4164936-mort-ozzy-osbourne-comment-black-sabbath-invente-codes-heavy-metal\" target=\"_blank\" class=\"color-ultramarine c-link\" rel=\"noopener\">Ozzy Osbourne<\/a>. \u00c0 la fin, le cheval s\u2019est retourn\u00e9 et m\u2019a dit d\u2019aller me faire foutre. \u00c7a a \u00e9t\u00e9 fini pour moi.\u00a0\u00bb<\/p>\n<p>Une sage d\u00e9cision qui a sans doute permis au chanteur de poursuivre son existence hors normes avec un minimum de discernement. Ayant profit\u00e9 d\u2019une sant\u00e9 insolente au regard de ses exc\u00e8s, Ozzy Osbourne a n\u00e9anmoins fini par tirer sa r\u00e9v\u00e9rence ce 22\u00a0juillet 2025. Il est parti entour\u00e9 de sa famille, et apr\u00e8s avoir livr\u00e9 <a href=\"https:\/\/www.20minutes.fr\/arts-stars\/culture\/musique\/4162313-20250707-metal-ozzy-osbourne-black-sabbath-assure-show-dernier-concert\" target=\"_blank\" class=\"color-ultramarine c-link\" rel=\"noopener\">un concert d\u2019adieu avec Black Sabbath<\/a> deux semaines auparavant \u00e0 Birmingham.<\/p>\n","protected":false},"excerpt":{"rendered":"Depuis la disparition d\u2019Ozzy Osbourne mardi dernier \u00e0 l\u2019\u00e2ge de 76 ans, de nombreuses anecdotes sur le Prince&hellip;\n","protected":false},"author":2,"featured_media":277064,"comment_status":"","ping_status":"","sticky":false,"template":"","format":"standard","meta":{"footnotes":""},"categories":[1359],"tags":[58,1052,59,1011,27,41630,973,7040,133],"class_list":{"0":"post-277063","1":"post","2":"type-post","3":"status-publish","4":"format-standard","5":"has-post-thumbnail","7":"category-people","8":"tag-divertissement","9":"tag-drogue","10":"tag-entertainment","11":"tag-fr","12":"tag-france","13":"tag-kelly-osbourne","14":"tag-people","15":"tag-rock","16":"tag-video"},"share_on_mastodon":{"url":"https:\/\/pubeurope.com\/@fr\/114924383357139733","error":""},"_links":{"self":[{"href":"https:\/\/www.europesays.com\/fr\/wp-json\/wp\/v2\/posts\/277063","targetHints":{"allow":["GET"]}}],"collection":[{"href":"https:\/\/www.europesays.com\/fr\/wp-json\/wp\/v2\/posts"}],"about":[{"href":"https:\/\/www.europesays.com\/fr\/wp-json\/wp\/v2\/types\/post"}],"author":[{"embeddable":true,"href":"https:\/\/www.europesays.com\/fr\/wp-json\/wp\/v2\/users\/2"}],"replies":[{"embeddable":true,"href":"https:\/\/www.europesays.com\/fr\/wp-json\/wp\/v2\/comments?post=277063"}],"version-history":[{"count":0,"href":"https:\/\/www.europesays.com\/fr\/wp-json\/wp\/v2\/posts\/277063\/revisions"}],"wp:featuredmedia":[{"embeddable":true,"href":"https:\/\/www.europesays.com\/fr\/wp-json\/wp\/v2\/media\/277064"}],"wp:attachment":[{"href":"https:\/\/www.europesays.com\/fr\/wp-json\/wp\/v2\/media?parent=277063"}],"wp:term":[{"taxonomy":"category","embeddable":true,"href":"https:\/\/www.europesays.com\/fr\/wp-json\/wp\/v2\/categories?post=277063"},{"taxonomy":"post_tag","embeddable":true,"href":"https:\/\/www.europesays.com\/fr\/wp-json\/wp\/v2\/tags?post=277063"}],"curies":[{"name":"wp","href":"https:\/\/api.w.org\/{rel}","templated":true}]}}