{"id":277065,"date":"2025-07-27T09:01:11","date_gmt":"2025-07-27T09:01:11","guid":{"rendered":"https:\/\/www.europesays.com\/fr\/277065\/"},"modified":"2025-07-27T09:01:11","modified_gmt":"2025-07-27T09:01:11","slug":"le-general-laval-a-la-recherche-de-la-lumiere","status":"publish","type":"post","link":"https:\/\/www.europesays.com\/fr\/277065\/","title":{"rendered":"Le g\u00e9n\u00e9ral Laval, \u00e0 la recherche de la lumi\u00e8re"},"content":{"rendered":"<p>Dans son paquetage, il l\u2019avoue, il y a toujours une place pour la couleur. \u00ab\u00a0De l\u2019eau\u00a0: j\u2019en ai dans ma gourde, quelques pinceaux, deux trois tubes de pigment et une feuille de papier\u00a0\u00bb, souffle-t-il. En op\u00e9ration, \u00ab\u00a0c\u2019est pratique\u00a0\u00bb. <a href=\"https:\/\/www.laprovence.com\/article\/societe\/1940493350852415\/le-gouverneur-militaire-de-marseille-thierry-laval-face-aux-lecteurs-de-la-provence-posez-vos-questions\" target=\"_blank\" rel=\"nofollow noopener\">Gouverneur militaire de Marseille depuis deux ans, officier g\u00e9n\u00e9ral de la zone de d\u00e9fense et de s\u00e9curit\u00e9 Sud \u00e9tendue sur 21 d\u00e9partements, le g\u00e9n\u00e9ral Thierry Laval <\/a>a d\u00e9roul\u00e9 sa carri\u00e8re militaire en pr\u00e9servant sa passion pour l\u2019aquarelle. De ses missions men\u00e9es en Yougoslavie, en Afghanistan ou dans diff\u00e9rents pays d\u2019Afrique, il conserve des portraits et des sc\u00e8nes de vie qui se r\u00e9pondent comme dans un carnet de voyage.<\/p>\n","protected":false},"excerpt":{"rendered":"Dans son paquetage, il l\u2019avoue, il y a toujours une place pour la couleur. \u00ab\u00a0De l\u2019eau\u00a0: j\u2019en ai&hellip;\n","protected":false},"author":2,"featured_media":277066,"comment_status":"","ping_status":"","sticky":false,"template":"","format":"standard","meta":{"footnotes":""},"categories":[1358],"tags":[17,1348,1384,1385,1386,58,59,1011,27,6556,12168,2693,6551,14166,9026,16],"class_list":{"0":"post-277065","1":"post","2":"type-post","3":"status-publish","4":"format-standard","5":"has-post-thumbnail","7":"category-arts-et-design","8":"tag-17","9":"tag-arts","10":"tag-arts-and-design","11":"tag-arts-et-design","12":"tag-design","13":"tag-divertissement","14":"tag-entertainment","15":"tag-fr","16":"tag-france","17":"tag-general","18":"tag-lame","19":"tag-laval","20":"tag-nomade","21":"tag-officier","22":"tag-portrait","23":"tag-region"},"share_on_mastodon":{"url":"https:\/\/pubeurope.com\/@fr\/114924387253171258","error":""},"_links":{"self":[{"href":"https:\/\/www.europesays.com\/fr\/wp-json\/wp\/v2\/posts\/277065","targetHints":{"allow":["GET"]}}],"collection":[{"href":"https:\/\/www.europesays.com\/fr\/wp-json\/wp\/v2\/posts"}],"about":[{"href":"https:\/\/www.europesays.com\/fr\/wp-json\/wp\/v2\/types\/post"}],"author":[{"embeddable":true,"href":"https:\/\/www.europesays.com\/fr\/wp-json\/wp\/v2\/users\/2"}],"replies":[{"embeddable":true,"href":"https:\/\/www.europesays.com\/fr\/wp-json\/wp\/v2\/comments?post=277065"}],"version-history":[{"count":0,"href":"https:\/\/www.europesays.com\/fr\/wp-json\/wp\/v2\/posts\/277065\/revisions"}],"wp:featuredmedia":[{"embeddable":true,"href":"https:\/\/www.europesays.com\/fr\/wp-json\/wp\/v2\/media\/277066"}],"wp:attachment":[{"href":"https:\/\/www.europesays.com\/fr\/wp-json\/wp\/v2\/media?parent=277065"}],"wp:term":[{"taxonomy":"category","embeddable":true,"href":"https:\/\/www.europesays.com\/fr\/wp-json\/wp\/v2\/categories?post=277065"},{"taxonomy":"post_tag","embeddable":true,"href":"https:\/\/www.europesays.com\/fr\/wp-json\/wp\/v2\/tags?post=277065"}],"curies":[{"name":"wp","href":"https:\/\/api.w.org\/{rel}","templated":true}]}}