{"id":277067,"date":"2025-07-27T09:02:12","date_gmt":"2025-07-27T09:02:12","guid":{"rendered":"https:\/\/www.europesays.com\/fr\/277067\/"},"modified":"2025-07-27T09:02:12","modified_gmt":"2025-07-27T09:02:12","slug":"un-spectre-squatte-la-cave","status":"publish","type":"post","link":"https:\/\/www.europesays.com\/fr\/277067\/","title":{"rendered":"un spectre squatte la cave"},"content":{"rendered":"<p>Laura \u00e9tait une belle-m\u00e8re odieuse, jamais avare de reproches cruels \u00e0 l\u2019encontre de la jeune \u00e9pouse de son fils v\u00e9n\u00e9r\u00e9\u2026\u00a0 Pas plus de trente-huit kilos tout habill\u00e9e, mais trente-huit kilos de pure m\u00e9chancet\u00e9 et de chantage au suicide permanent. Jusqu\u2019au jour o\u00f9 elle d\u00e9cide de descendre dans sa cave et d\u2019en finir avec ce monde o\u00f9 personne ne la comprend. Pari gagn\u00e9, avec des veines profond\u00e9ment taillad\u00e9es et un sous-sol gorg\u00e9 du sang de la m\u00e2ratre.<\/p>\n<p>Mais qu\u2019y-a-t\u2019il donc de pire qu\u2019une belle-m\u00e8re atroce\u00a0? Le fant\u00f4me d\u2019une belle-m\u00e8re atroce, voyons\u00a0! Car \u00e0 peine enterr\u00e9e, la dame revient hanter la maison qu\u2019elle occupait avec son fils et sa bru. Du coup, le gar\u00e7on, d\u00e9j\u00e0 auparavant s\u00e9rieusement d\u00e9prim\u00e9, s\u2019enfonce dans la d\u00e9pression et se terre dans le lit maternel qu\u2019il ne quitte plus. Son \u00e9pouse, elle, d\u00e9cide de faire face et de faire oublier Laura, d\u2019autant qu\u2019elle projette d\u2019avoir un b\u00e9b\u00e9. Il vaut donc mieux se d\u00e9barrasser de l\u2019encombrant spectre qui squatte la cave, et surtout sauver son mari de ses d\u00e9mons.<\/p>\n<p>Du surnaturel, de l\u2019humour et du gore<\/p>\n<p>Les amateurs de livres d\u2019horreur seront ravis avec ce roman d\u00e9barqu\u00e9 tout droit du Canada.\u00a0 En fait, \u00ab\u00a0Elle est revenue\u00a0\u00bb, comme son titre le laisse un peu entendre, est \u00e0 la limite de bien des styles. Noir, tr\u00e8s noir bien s\u00fbr, mais aussi souvent tr\u00e8s dr\u00f4le et provoquant, c\u2019est une jolie galerie de portraits et un suspense psychologique en m\u00eame temps qu\u2019un polar gla\u00e7ant qui entra\u00eene ses lecteurs dans une pente horrifique.<\/p>\n<p>Qu\u2019est-ce qui est de l\u2019ordre du surnaturel et de la m\u00e9chancet\u00e9, qu\u2019est-ce qui rel\u00e8ve de la folie totale, partag\u00e9e et assum\u00e9e par un jeune couple \u00e0 la d\u00e9rive\u00a0? R\u00e9sultat, l\u2019affaire se conclut dans le gore le plus pur, tout cela servi par une auteure canadienne sp\u00e9cialis\u00e9e dans la litt\u00e9rature jeunesse\u2026 Promis, vous allez adorer\u00a0!<\/p>\n<p class=\"Standard note\" style=\"text-align: justify;\">\u00ab\u00a0Elle est revenue\u00a0\u00bb, d\u2019Ainslie Hogarth. 10\/18. 16,90 \u20ac<\/p>\n","protected":false},"excerpt":{"rendered":"Laura \u00e9tait une belle-m\u00e8re odieuse, jamais avare de reproches cruels \u00e0 l\u2019encontre de la jeune \u00e9pouse de son&hellip;\n","protected":false},"author":2,"featured_media":277068,"comment_status":"","ping_status":"","sticky":false,"template":"","format":"standard","meta":{"footnotes":""},"categories":[1357],"tags":[1379,1687,58,59,1011,27,1380,2410],"class_list":{"0":"post-277067","1":"post","2":"type-post","3":"status-publish","4":"format-standard","5":"has-post-thumbnail","7":"category-livres","8":"tag-books","9":"tag-culture-loisirs","10":"tag-divertissement","11":"tag-entertainment","12":"tag-fr","13":"tag-france","14":"tag-livres","15":"tag-livres-bd"},"share_on_mastodon":{"url":"https:\/\/pubeurope.com\/@fr\/114924391576348778","error":""},"_links":{"self":[{"href":"https:\/\/www.europesays.com\/fr\/wp-json\/wp\/v2\/posts\/277067","targetHints":{"allow":["GET"]}}],"collection":[{"href":"https:\/\/www.europesays.com\/fr\/wp-json\/wp\/v2\/posts"}],"about":[{"href":"https:\/\/www.europesays.com\/fr\/wp-json\/wp\/v2\/types\/post"}],"author":[{"embeddable":true,"href":"https:\/\/www.europesays.com\/fr\/wp-json\/wp\/v2\/users\/2"}],"replies":[{"embeddable":true,"href":"https:\/\/www.europesays.com\/fr\/wp-json\/wp\/v2\/comments?post=277067"}],"version-history":[{"count":0,"href":"https:\/\/www.europesays.com\/fr\/wp-json\/wp\/v2\/posts\/277067\/revisions"}],"wp:featuredmedia":[{"embeddable":true,"href":"https:\/\/www.europesays.com\/fr\/wp-json\/wp\/v2\/media\/277068"}],"wp:attachment":[{"href":"https:\/\/www.europesays.com\/fr\/wp-json\/wp\/v2\/media?parent=277067"}],"wp:term":[{"taxonomy":"category","embeddable":true,"href":"https:\/\/www.europesays.com\/fr\/wp-json\/wp\/v2\/categories?post=277067"},{"taxonomy":"post_tag","embeddable":true,"href":"https:\/\/www.europesays.com\/fr\/wp-json\/wp\/v2\/tags?post=277067"}],"curies":[{"name":"wp","href":"https:\/\/api.w.org\/{rel}","templated":true}]}}