{"id":277071,"date":"2025-07-27T09:04:12","date_gmt":"2025-07-27T09:04:12","guid":{"rendered":"https:\/\/www.europesays.com\/fr\/277071\/"},"modified":"2025-07-27T09:04:12","modified_gmt":"2025-07-27T09:04:12","slug":"chappell-roan-la-pop-star-la-plus-camp-de-lannee-qui-debarque-a-rock-en-seine-pour-son-unique-date-francaise","status":"publish","type":"post","link":"https:\/\/www.europesays.com\/fr\/277071\/","title":{"rendered":"Chappell Roan, la pop star la plus \u00ab\u00a0camp\u00a0\u00bb de l\u2019ann\u00e9e qui d\u00e9barque \u00e0 Rock en Seine pour son unique date fran\u00e7aise"},"content":{"rendered":"<p>En haut de l\u2019affiche, elle ne s\u2019y voyait pas d\u00e9j\u00e0. Et pourtant, depuis la sortie de \u00ab\u00a0Good Luck, Babe\u00a0!\u00a0\u00bb, tout semble r\u00e9ussir \u00e0 <a href=\"https:\/\/www.20minutes.fr\/arts-stars\/culture\/musique\/4113325-20241002-chappell-roan-artiste-queer-refuse-appeler-voter-kamala-harris\" class=\"color-ultramarine c-link\" rel=\"nofollow noopener\" target=\"_blank\">Chappell Roan<\/a>. Attendue \u00e0 <a href=\"https:\/\/www.20minutes.fr\/arts-stars\/culture\/musique\/4128911-20241212-rock-seine-2025-chappell-roan-london-grammar-luvcat-demandez-programme\" class=\"color-ultramarine c-link\" rel=\"nofollow noopener\" target=\"_blank\">Rock en Seine 2025<\/a>, l\u2019artiste n\u2019est pas simplement une nouvelle sensation pop\u00a0: elle est une performeuse totale, une ic\u00f4ne queer qui transforme chaque concert en manifeste queer.<\/p>\n<p>Retour sur le parcours d\u2019une fille \u00ab\u00a0tr\u00e8s camp et pop, qui est bruyante dans ses tenues, ses d\u00e9clarations et ses paroles\u00a0\u00bb*, qui mettra le feu \u00e0 <a href=\"https:\/\/www.20minutes.fr\/paris\/\" class=\"color-ultramarine c-link\" rel=\"nofollow noopener\" target=\"_blank\">Paris<\/a> le 20\u00a0ao\u00fbt, pour la seule date fran\u00e7aise de sa tourn\u00e9e.<\/p>\n<p>West Hollywood\u00a0: naissance d\u2019une performeuse<\/p>\n<p>Kayleigh Rose Amstutz, de son vrai nom, a grandi dans le Missouri profond. Mais c\u2019est \u00e0 <a href=\"https:\/\/www.20minutes.fr\/voyage\/4153915-20250608-jo-2028-los-angeles-ville-californienne-veut-visiteurs-bonne-sante\" class=\"color-ultramarine c-link\" rel=\"nofollow noopener\" target=\"_blank\">Los Angeles<\/a> que l\u2019artiste trouve r\u00e9ellement sa voie. Happ\u00e9e par l\u2019univers queer du quartier de West Hollywood, c\u2019est l\u00e0 que tout l\u2019inspire. \u00ab\u00a0Je suis all\u00e9e dans un club gay, pour la premi\u00e8re fois de ma vie, et \u00e7a m\u2019a chang\u00e9e. Je me suis dit\u00a0: wow, il faut que j\u2019\u00e9crive \u00e0 propos de \u00e7a. Il faut que je recr\u00e9e ce sentiment\u00a0\u00bb, confie-t-elle \u00e0 <a href=\"https:\/\/www.youtube.com\/watch?v=LyO7fxaXvFc\" rel=\"nofollow noopener\" target=\"_blank\" class=\"color-ultramarine c-link\">Konbini<\/a>.<\/p>\n<p>Violaine Sch\u00fctz, r\u00e9dactrice en chef adjointe de Num\u00e9ro qui a travaill\u00e9 sur l\u2019ascension de la chanteuse, souligne\u00a0: \u00ab\u00a0Elle s\u2019est construite \u00e0 LA, dans une ville o\u00f9 le drag est partout. Elle en a fait un langage artistique\u00a0\u00bb. Un langage qu\u2019elle revendique aussi dans sa mani\u00e8re de se produire\u00a0: \u00ab\u00a0Je suis tr\u00e8s inspir\u00e9e par le burlesque et par les tenues des <a href=\"https:\/\/www.20minutes.fr\/arts-stars\/culture\/drag-race-france\/\" class=\"color-ultramarine c-link\" rel=\"nofollow noopener\" target=\"_blank\">drag-queens<\/a> en g\u00e9n\u00e9ral, c\u2019est tellement paillet\u00e9, tellement extravagant, tellement camp\u00a0\u00bb, expliquait-elle \u00e0 Konbini. Elle raconte avoir appris elle-m\u00eame \u00e0 faire du maquillage drag, \u00e0 poser des strass, \u00e0 coudre, au point que cela est devenu, selon ses mots, une part enti\u00e8re de son univers artistique.<\/p>\n<p>De la ballade m\u00e9lancolique au manifeste queer<\/p>\n<p>Avant de devenir cette artiste compl\u00e8te (et de trouver ce nom d\u2019artiste) Chappell Roan \u00e9crivait des chansons plus m\u00e9lancoliques. \u00ab\u00a0Ma musique \u00e9tait triste\u00a0\u00bb, confiait-elle \u00e0 Konbini. Mais \u00e0 Los Angeles, tout change\u00a0: elle assume sa sexualit\u00e9, d\u00e9couvre une sc\u00e8ne queer qui la galvanise, et rencontre Daniel Nigro, producteur d\u2019Olivia Rodrigo. Ensemble, ils composent le titre \u00ab\u00a0Pink Pony Club\u00a0\u00bb, un titre fondateur\u00a0: \u00ab\u00a0Cette chanson a tout chang\u00e9\u00a0\u00bb, dit-elle. \u00ab\u00a0Elle m\u2019a mise dans une autre cat\u00e9gorie. Je n\u2019aurais jamais cru pouvoir \u00eatre une vraie pop star, et Pink Pony m\u2019a pouss\u00e9e dans cette direction\u00a0\u00bb, racontait-elle \u00e0 la <a href=\"https:\/\/www.bbc.com\/news\/articles\/cwyd0n5klrgo\" target=\"_blank\" class=\"color-ultramarine c-link\" rel=\"nofollow noopener\">BBC<\/a>.<\/p>\n<p>Mais malgr\u00e9 la force du morceau, son label rechigne \u00e0 le sortir et elle est remerci\u00e9e. Retour au Missouri, o\u00f9 elle encha\u00eene les petits jobs. \u00ab\u00a0Chaque jour je me disais\u00a0: Et si j\u2019arr\u00eatais la veille que quelque chose devait se passer\u00a0? Alors j\u2019ai juste continu\u00e9, et nous y sommes\u00a0!\u00a0\u00bb, raconte-t-elle au magazine <a href=\"https:\/\/www.wmagazine.com\/culture\/chappell-roan-cover-interview-2025\" target=\"_blank\" class=\"color-ultramarine c-link\" rel=\"nofollow noopener\">W<\/a>. Lorsqu\u2019elle revient \u00e0 LA, c\u2019est \u00e0 nouveau vers Daniel Nigro qu\u2019elle se tourne. Ensemble, ils enregistrent son premier album \u00ab\u00a0The Rise and Fall of a Midwest Princess\u00a0\u00bb, un album pop, queer, th\u00e9\u00e2tral, qui la r\u00e9v\u00e8le au grand public. Et en ce d\u00e9but\u00a02025, la reconnaissance devient officielle\u00a0: Chappell Roan est sacr\u00e9e r\u00e9v\u00e9lation de l\u2019ann\u00e9e aux <a href=\"https:\/\/www.20minutes.fr\/dossier\/grammy_awards\" class=\"color-ultramarine c-link\" rel=\"nofollow noopener\" target=\"_blank\">Grammy Awards<\/a> et cumule aujourd\u2019hui pr\u00e8s de 40\u00a0millions d\u2019auditeurs mensuels sur <a href=\"https:\/\/www.20minutes.fr\/dossier\/spotify\" class=\"color-ultramarine c-link\" rel=\"nofollow noopener\" target=\"_blank\">Spotify<\/a>.<\/p>\n<p>La musique comme spectacle<\/p>\n<p>Chez Chappell Roan, la musique ne s\u2019\u00e9coute pas seulement\u00a0: elle se vit et se performe. Depuis ses d\u00e9buts sur sc\u00e8ne, l\u2019artiste a fait du spectacle un art total, au croisement de la com\u00e9die musicale, du drag show et du concert pop. \u00ab\u00a0Une drag-queen ne monte pas sur sc\u00e8ne pour calmer les gens. Elle ne dit pas des choses pour flatter. Une queen te fait rougir. Attendez-vous \u00e0 la m\u00eame \u00e9nergie \u00e0 mes concerts\u00a0\u00bb, explique-t-elle dans l\u2019interview \u00e0 la BBC. Chaque apparition sur sc\u00e8ne est un spectacle \u00e0 part enti\u00e8re. Chacun de ses concerts est pens\u00e9 comme \u00ab\u00a0des f\u00eates \u00e0 th\u00e8mes. C\u2019est un projet qui ne se prend pas au s\u00e9rieux, bas\u00e9 sur l\u2019amusement et l\u2019identit\u00e9 queer\u00a0\u00bb, racontait-elle \u00e0 Konbini.<\/p>\n<p>Violaine Sch\u00fctz r\u00e9sume\u00a0: \u00ab\u00a0Ce qui la distingue de la pop actuelle, c\u2019est son extravagant. Elle s\u2019amuse, elle ose. Des fois elle est en catcheuse, des fois avec des maquillages tr\u00e8s inspir\u00e9s du cirque. D\u2019ailleurs, \u00e0 ses d\u00e9buts, elle faisait des tutos make-up et m\u00eame des tutos pour fabriquer ses propres v\u00eatements de sc\u00e8ne. Les gens se sont amus\u00e9s \u00e0 reprendre ses looks quand ils viennent la voir en concert\u00a0\u00bb. Chez elle, le \u00ab\u00a0camp\u00a0\u00bb n\u2019est pas un d\u00e9cor, c\u2019est un langage. De ces clips, \u00e0 ses tenues, en passant par ses performances\u00a0: tout est travers\u00e9 par une esth\u00e9tique queer assum\u00e9e, h\u00e9rit\u00e9e autant des drag-queens de West Hollywood que de la pop provoc&rsquo; des ann\u00e9es\u00a02000.<\/p>\n<p>Rendez-vous \u00e0 le 20\u00a0ao\u00fbt<\/p>\n<p>En plus d\u2019\u00eatre une artiste engag\u00e9e, qui prend la parole contre les violences, impose des limites pour pr\u00e9server sa sant\u00e9 mentale, et assume pleinement son identit\u00e9 queer, Chappell Roan s\u2019impose comme une artiste compl\u00e8te. Compositrice, chanteuse et performeuse, elle redessine les contours du mainstream avec autant de fond que de paillettes. \u00c0 quelques semaines de son passage \u00e0 Rock en Seine, on tr\u00e9pigne d\u2019impatience\u00a0: on attend de d\u00e9couvrir le th\u00e8me de ce concert, de sortir nos plus beaux looks, et surtout\u2026 de hurler \u00e0 tue-t\u00eate les paroles de \u00ab\u00a0Good Luck, Babe\u00a0!\u00a0\u00bb.<\/p>\n","protected":false},"excerpt":{"rendered":"En haut de l\u2019affiche, elle ne s\u2019y voyait pas d\u00e9j\u00e0. Et pourtant, depuis la sortie de \u00ab\u00a0Good Luck,&hellip;\n","protected":false},"author":2,"featured_media":277072,"comment_status":"","ping_status":"","sticky":false,"template":"","format":"standard","meta":{"footnotes":""},"categories":[1355],"tags":[2704,1697,251,58,59,849,1011,27,15208,2137,662,9087,6116,1361,873,626,6852,5896],"class_list":{"0":"post-277071","1":"post","2":"type-post","3":"status-publish","4":"format-standard","5":"has-post-thumbnail","7":"category-musique","8":"tag-chanteuse","9":"tag-concert","10":"tag-culture","11":"tag-divertissement","12":"tag-entertainment","13":"tag-festival","14":"tag-fr","15":"tag-france","16":"tag-grammy-awards","17":"tag-hollywood","18":"tag-ile-de-france","19":"tag-lgbt","20":"tag-los-angeles","21":"tag-music","22":"tag-musique","23":"tag-paris","24":"tag-spotify","25":"tag-tempo"},"share_on_mastodon":{"url":"https:\/\/pubeurope.com\/@fr\/114924399112613386","error":""},"_links":{"self":[{"href":"https:\/\/www.europesays.com\/fr\/wp-json\/wp\/v2\/posts\/277071","targetHints":{"allow":["GET"]}}],"collection":[{"href":"https:\/\/www.europesays.com\/fr\/wp-json\/wp\/v2\/posts"}],"about":[{"href":"https:\/\/www.europesays.com\/fr\/wp-json\/wp\/v2\/types\/post"}],"author":[{"embeddable":true,"href":"https:\/\/www.europesays.com\/fr\/wp-json\/wp\/v2\/users\/2"}],"replies":[{"embeddable":true,"href":"https:\/\/www.europesays.com\/fr\/wp-json\/wp\/v2\/comments?post=277071"}],"version-history":[{"count":0,"href":"https:\/\/www.europesays.com\/fr\/wp-json\/wp\/v2\/posts\/277071\/revisions"}],"wp:featuredmedia":[{"embeddable":true,"href":"https:\/\/www.europesays.com\/fr\/wp-json\/wp\/v2\/media\/277072"}],"wp:attachment":[{"href":"https:\/\/www.europesays.com\/fr\/wp-json\/wp\/v2\/media?parent=277071"}],"wp:term":[{"taxonomy":"category","embeddable":true,"href":"https:\/\/www.europesays.com\/fr\/wp-json\/wp\/v2\/categories?post=277071"},{"taxonomy":"post_tag","embeddable":true,"href":"https:\/\/www.europesays.com\/fr\/wp-json\/wp\/v2\/tags?post=277071"}],"curies":[{"name":"wp","href":"https:\/\/api.w.org\/{rel}","templated":true}]}}