{"id":277077,"date":"2025-07-27T09:08:16","date_gmt":"2025-07-27T09:08:16","guid":{"rendered":"https:\/\/www.europesays.com\/fr\/277077\/"},"modified":"2025-07-27T09:08:16","modified_gmt":"2025-07-27T09:08:16","slug":"philippe-katerine-nu-aux-jo-tony-estanguet-tombe-des-nues","status":"publish","type":"post","link":"https:\/\/www.europesays.com\/fr\/277077\/","title":{"rendered":"Philippe Katerine \u201cnu\u201d aux JO : Tony Estanguet\u2026 tombe des nues !"},"content":{"rendered":"<p>Peint en bleu et quasi nu, incarnant un Dionysos fac\u00e9tieux, <a href=\"https:\/\/www.public.fr\/julien-dore-philippe-katerine-damiano-david-grosse-polemique-aux-vieilles-charrues-les-bretons-appellent-au-boycott\" target=\"_blank\" rel=\"noopener\">l\u2019artiste a cr\u00e9\u00e9 la surprise<\/a>. M\u00eame Tony Estanguet, pr\u00e9sident du Comit\u00e9 d\u2019organisation, n\u2019avait pas vu venir ce projet pour le moins\u2026 divin.<br \/>Un an apr\u00e8s, la magie op\u00e8re toujours. <\/p>\n<p>Samedi 26 juillet 2025 \u00e0 21h, le documentaire \u00ab\u00a0La Grande Seine\u00a0\u00bb diffus\u00e9 sur France 4 nous replongeait dans <strong>les coulisses de cette c\u00e9r\u00e9monie hors norme<\/strong>. On y d\u00e9couvre la gen\u00e8se de ce tableau culte, de la vid\u00e9o surprise envoy\u00e9e \u00e0 Tony Estanguet aux r\u00e9p\u00e9titions sous la pluie. <strong>Une plong\u00e9e dans l\u2019esprit libre et joyeusement fou de Philippe Katerine<\/strong>, qui aura marqu\u00e9 l\u2019histoire des JO comme personne avant lui.<\/p>\n<p>Quand Tony Estanguet re\u00e7oit la vid\u00e9o choc<\/p>\n<p><a href=\"https:\/\/www.public.fr\/tony-estanguet-son-fils-titouan-contraint-a-une-lourde-operation\" target=\"_blank\" rel=\"noopener\">Tony Estanguet<\/a>, le pr\u00e9sident du Comit\u00e9 d\u2019organisation des JO 2024, a d\u00e9couvert la prestation de Philippe Katerine non pas sur sc\u00e8ne, mais <strong>via une vid\u00e9o envoy\u00e9e par le chanteur lui-m\u00eame<\/strong> avec une maquette de son titre \u00ab\u00a0Nu\u00a0\u00bb. On y voit l&rsquo;artiste, connu pour ses fac\u00e9ties, dans une sorte de performance improvis\u00e9e, d\u00e9j\u00e0 torse nu et bonnet en laine sur la t\u00eate.<\/p>\n<p>D\u2019abord m\u00e9dus\u00e9, l&rsquo;athl\u00e8te fran\u00e7ais aurait mis quelques secondes \u00e0 r\u00e9aliser que ce projet \u00e9tait s\u00e9rieux.<br \/>\u00ab\u00a0J\u2019ai cru que c\u2019\u00e9tait une blague. Et puis, j\u2019ai compris que c\u2019\u00e9tait typiquement Katerine, un artiste qui ose tout en restant sinc\u00e8re\u00a0\u00bb aurait-il confi\u00e9 en coulisses. Cette audace a fini par convaincre tout le monde. Thomas Jolly, <a href=\"https:\/\/www.public.fr\/thomas-jolly-le-directeur-artistique-de-la-ceremonie-de-jo-de-paris-2024-face-a-la-justice\" target=\"_blank\" rel=\"noopener\">directeur artistique de cet \u00e9v\u00e9nement plan\u00e9taire,<\/a> a \u00e9t\u00e9 s\u00e9duit par cette proposition \u00ab\u00a0\u00e0 la fois burlesque et mythologique\u00a0\u00bb et a imm\u00e9diatement valid\u00e9 l\u2019id\u00e9e, voyant en <strong>Philippe Katerine la figure parfaite pour incarner la f\u00eate olympique<\/strong>.<\/p>\n<p>La performance de Philippe Katerine : entre pol\u00e9miques et triomphe plan\u00e9taire<\/p>\n<p>Le tableau a fait le tour du monde, d\u00e9clenchant une avalanche de commentaires. Certaines cha\u00eenes \u00e9trang\u00e8res, notamment am\u00e9ricaines, ont choisi de <strong>censurer les images jug\u00e9es trop os\u00e9es<\/strong>. En France, si quelques voix conservatrices se sont \u00e9lev\u00e9es, la majorit\u00e9 a salu\u00e9 un moment de libert\u00e9 artistique rare.<\/p>\n<p>Philippe Katerine, fid\u00e8le \u00e0 lui-m\u00eame, n\u2019a pas cherch\u00e9 \u00e0 d\u00e9samorcer la pol\u00e9mique : \u00ab\u00a0Je ne pr\u00e9sente pas mes excuses. Je demande pardon si j\u2019ai offens\u00e9, mais je suis tr\u00e8s fier de ce tableau\u00a0\u00bb a-t-il expliqu\u00e9 sur CNN, ajoutant que \u00ab\u00a0le pardon est le soleil du catholicisme\u00a0\u00bb.<\/p>\n<p>Avec ses <strong>23,2 millions de t\u00e9l\u00e9spectateurs<\/strong>, la c\u00e9r\u00e9monie a sign\u00e9 un record historique. Et si l\u2019on devait retenir une image de cette soir\u00e9e, outre les feux d\u2019artifice et la Seine transform\u00e9e en sc\u00e8ne mondiale, ce serait probablement celle de ce Dionysos bleu, improbable et lumineux.<\/p>\n<p>      Mentionn\u00e9s dans cet article<\/p>\n<p>\u00c0 lire aussi<\/p>\n","protected":false},"excerpt":{"rendered":"Peint en bleu et quasi nu, incarnant un Dionysos fac\u00e9tieux, l\u2019artiste a cr\u00e9\u00e9 la surprise. M\u00eame Tony Estanguet,&hellip;\n","protected":false},"author":2,"featured_media":277078,"comment_status":"","ping_status":"","sticky":false,"template":"","format":"standard","meta":{"footnotes":""},"categories":[8],"tags":[58,59,1011,27,41631,9381],"class_list":{"0":"post-277077","1":"post","2":"type-post","3":"status-publish","4":"format-standard","5":"has-post-thumbnail","7":"category-divertissement","8":"tag-divertissement","9":"tag-entertainment","10":"tag-fr","11":"tag-france","12":"tag-jeux-olympiques-dete-de-2024","13":"tag-philippe-katerine"},"share_on_mastodon":{"url":"https:\/\/pubeurope.com\/@fr\/114924414822837776","error":""},"_links":{"self":[{"href":"https:\/\/www.europesays.com\/fr\/wp-json\/wp\/v2\/posts\/277077","targetHints":{"allow":["GET"]}}],"collection":[{"href":"https:\/\/www.europesays.com\/fr\/wp-json\/wp\/v2\/posts"}],"about":[{"href":"https:\/\/www.europesays.com\/fr\/wp-json\/wp\/v2\/types\/post"}],"author":[{"embeddable":true,"href":"https:\/\/www.europesays.com\/fr\/wp-json\/wp\/v2\/users\/2"}],"replies":[{"embeddable":true,"href":"https:\/\/www.europesays.com\/fr\/wp-json\/wp\/v2\/comments?post=277077"}],"version-history":[{"count":0,"href":"https:\/\/www.europesays.com\/fr\/wp-json\/wp\/v2\/posts\/277077\/revisions"}],"wp:featuredmedia":[{"embeddable":true,"href":"https:\/\/www.europesays.com\/fr\/wp-json\/wp\/v2\/media\/277078"}],"wp:attachment":[{"href":"https:\/\/www.europesays.com\/fr\/wp-json\/wp\/v2\/media?parent=277077"}],"wp:term":[{"taxonomy":"category","embeddable":true,"href":"https:\/\/www.europesays.com\/fr\/wp-json\/wp\/v2\/categories?post=277077"},{"taxonomy":"post_tag","embeddable":true,"href":"https:\/\/www.europesays.com\/fr\/wp-json\/wp\/v2\/tags?post=277077"}],"curies":[{"name":"wp","href":"https:\/\/api.w.org\/{rel}","templated":true}]}}