{"id":277079,"date":"2025-07-27T09:09:15","date_gmt":"2025-07-27T09:09:15","guid":{"rendered":"https:\/\/www.europesays.com\/fr\/277079\/"},"modified":"2025-07-27T09:09:15","modified_gmt":"2025-07-27T09:09:15","slug":"luca-a-42-milliards-dannees-la-decouverte-qui-repousse-les-origines-de-la-vie-sur-terre-dans-des-eaux-extremes-et-brulantes","status":"publish","type":"post","link":"https:\/\/www.europesays.com\/fr\/277079\/","title":{"rendered":"\u00ab LUCA a 4,2 milliards d\u2019ann\u00e9es \u00bb : la d\u00e9couverte qui repousse les origines de la vie sur Terre dans des eaux extr\u00eames et br\u00fblantes"},"content":{"rendered":"<tr>\n<td><strong>EN BREF<\/strong><\/td>\n<\/tr>\n<tr>\n<td>\n<ul>\n<li>\ud83c\udf0d D\u00e9couverte majeure : LUCA, le <strong>Dernier Anc\u00eatre Commun Universel<\/strong>, aurait exist\u00e9 il y a environ 4,2 milliards d\u2019ann\u00e9es.<\/li>\n<li>\ud83d\udd2c M\u00e9thode scientifique : l\u2019usage de l\u2019<strong>analyse phylog\u00e9n\u00e9tique<\/strong> a permis de repousser l\u2019\u00e2ge estim\u00e9 de LUCA.<\/li>\n<li>\ud83c\udf0a Environnement extr\u00eame : LUCA vivait dans des conditions <strong>aquatiques riches en m\u00e9taux<\/strong> et soumis \u00e0 des temp\u00e9ratures \u00e9lev\u00e9es.<\/li>\n<li>\u2753 Questions ouvertes : cette d\u00e9couverte soul\u00e8ve de nouvelles interrogations sur l\u2019origine et l\u2019\u00e9volution de la vie sur Terre.<\/li>\n<\/ul>\n<\/td>\n<\/tr>\n<p>L\u2019origine de la vie sur notre plan\u00e8te est un sujet qui suscite depuis toujours une grande fascination. Les r\u00e9centes d\u00e9couvertes scientifiques nous \u00e9clairent sur l\u2019histoire de cet \u00e9v\u00e9nement marquant. Une \u00e9quipe de chercheurs internationaux vient de r\u00e9v\u00e9ler que la vie sur Terre pourrait \u00eatre bien plus ancienne qu\u2019on ne le pensait. En effet, selon leurs travaux, le Dernier Anc\u00eatre Commun Universel (LUCA) aurait v\u00e9cu il y a environ 4,2 milliards d\u2019ann\u00e9es, soit 400 millions d\u2019ann\u00e9es plus t\u00f4t que les pr\u00e9c\u00e9dentes estimations. Ces r\u00e9sultats, issus de recherches minutieuses, changent notre perspective sur l\u2019\u00e9volution et les origines m\u00eames de la vie.<\/p>\n<p>LUCA : Le parent de tous les \u00eatres vivants<\/p>\n<p>LUCA, ou Dernier Anc\u00eatre Commun Universel, est consid\u00e9r\u00e9 comme l\u2019origine de toutes les formes de vie sur Terre. Cet anc\u00eatre primitif relie chaque \u00eatre vivant, des bact\u00e9ries microscopiques \u00e0 l\u2019Homme moderne, par un fil g\u00e9n\u00e9tique invisible mais ind\u00e9niable. LUCA \u00e9tait un organisme procaryote, une simple cellule sans noyau, vivant il y a environ 4 milliards d\u2019ann\u00e9es. Bien qu\u2019il soit simple dans sa structure, il a pos\u00e9 les bases de la biodiversit\u00e9 que nous observons aujourd\u2019hui. Avant cette \u00e9tude r\u00e9cente, la communaut\u00e9 scientifique pensait que LUCA \u00e9tait apparu il y a environ 3,8 milliards d\u2019ann\u00e9es. Toutefois, une \u00e9quipe dirig\u00e9e par le pal\u00e9og\u00e9n\u00e9ticien Edmund Moody a repouss\u00e9 cette date de 400 millions d\u2019ann\u00e9es, apportant un nouvel \u00e9clairage sur les d\u00e9buts de la vie.<\/p>\n<blockquote class=\"wp-embedded-content\" data-secret=\"4r4VR8AdIl\">\n<p><a href=\"https:\/\/www.innovant.fr\/2025\/06\/29\/cette-ia-de-google-lit-ladn-a-une-vitesse-inedite-un-million-de-lettres-analysees-dun-seul-trait-bouleverse-la-biologie\/\" rel=\"nofollow noopener\" target=\"_blank\">Cette IA de Google lit l\u2019ADN \u00e0 une vitesse in\u00e9dite : un million de lettres analys\u00e9es d\u2019un seul trait bouleverse la biologie<\/a><\/p>\n<\/blockquote>\n<p>Comment d\u00e9terminer son \u00e2ge ?<\/p>\n<p>D\u00e9terminer l\u2019\u00e2ge de LUCA repose sur une m\u00e9thode scientifique rigoureuse appel\u00e9e analyse phylog\u00e9n\u00e9tique. Cette technique \u00e9tudie l\u2019\u00e9volution des g\u00e8nes \u00e0 travers diff\u00e9rentes esp\u00e8ces. Les mutations g\u00e9n\u00e9tiques, ces modifications de la s\u00e9quence ADN qui surviennent lentement au fil des g\u00e9n\u00e9rations, servent d\u2019horloge mol\u00e9culaire. En comparant les g\u00e8nes d\u2019organismes aussi vari\u00e9s que les humains, les bact\u00e9ries ou les plantes, les scientifiques peuvent retracer l\u2019\u00e9volution et identifier l\u2019\u00e9poque \u00e0 laquelle les esp\u00e8ces ont diverg\u00e9 de leur anc\u00eatre commun. Ce mod\u00e8le math\u00e9matique permet ainsi d\u2019estimer que LUCA a v\u00e9cu il y a 4,2 milliards d\u2019ann\u00e9es, bien plus t\u00f4t que ce que l\u2019on croyait auparavant.<\/p>\n<blockquote class=\"wp-embedded-content\" data-secret=\"ZyMayQ3rEe\">\n<p><a href=\"https:\/\/www.innovant.fr\/2025\/06\/28\/cette-couleur-ne-devrait-pas-exister-des-chats-affichent-un-pelage-que-la-genetique-jugeait-impossible\/\" rel=\"nofollow noopener\" target=\"_blank\">\u00ab Cette couleur ne devrait pas exister \u00bb : des chats affichent un pelage que la g\u00e9n\u00e9tique jugeait impossible<\/a><\/p>\n<\/blockquote>\n<p>\u00c0 quoi ressemblait-il ?<\/p>\n<p>Bien qu\u2019il n\u2019existe pas de fossiles de LUCA, les scientifiques ont formul\u00e9 des hypoth\u00e8ses bas\u00e9es sur les caract\u00e9ristiques des \u00eatres vivants actuels. Il est probable que LUCA poss\u00e9dait un syst\u00e8me immunitaire rudimentaire, capable de se d\u00e9fendre contre des menaces telles que les virus. Cet organisme primitif vivait probablement dans un environnement aquatique, riche en m\u00e9taux et en substances chimiques, et soumis \u00e0 des conditions extr\u00eames de temp\u00e9rature et de pression. <strong>LUCA n\u2019\u00e9tait pas isol\u00e9<\/strong> : il faisait partie d\u2019un \u00e9cosyst\u00e8me primitif, o\u00f9 ses d\u00e9chets nourrissaient d\u2019autres microbes, \u00e9tablissant ainsi un cycle naturel de recyclage.<\/p>\n<blockquote class=\"wp-embedded-content\" data-secret=\"J2O4cX3uWb\">\n<p><a href=\"https:\/\/www.innovant.fr\/2025\/07\/06\/il-revient-a-la-vie-apres-7-000-ans-des-scientifiques-reveillent-un-organisme-millenaire-jamais-vu-auparavant\/\" rel=\"nofollow noopener\" target=\"_blank\">\u00ab Il revient \u00e0 la vie apr\u00e8s 7 000 ans \u00bb : des scientifiques r\u00e9veillent un organisme mill\u00e9naire jamais vu auparavant<\/a><\/p>\n<\/blockquote>\n<p>Une porte d\u2019entr\u00e9e vers notre histoire<\/p>\n<p>La d\u00e9couverte de l\u2019\u00e2ge de LUCA \u00e0 4,2 milliards d\u2019ann\u00e9es est une avanc\u00e9e majeure pour comprendre les origines de la vie terrestre. Cet organisme n\u2019\u00e9tait pas seulement une cellule primitive, mais l\u2019anc\u00eatre d\u2019une incroyable diversit\u00e9 d\u2019esp\u00e8ces qui ont \u00e9volu\u00e9 au fil des milliards d\u2019ann\u00e9es. Cette \u00e9tude souligne l\u2019importance de la g\u00e9n\u00e9tique et de l\u2019\u00e9volution pour mieux comprendre notre pass\u00e9. Cependant, de nombreuses questions subsistent : comment LUCA est-il apparu initialement ? Quelles conditions ont permis son \u00e9mergence ? En explorant ces myst\u00e8res, nous pourrions un jour d\u00e9couvrir les secrets de notre propre existence. Quelles autres r\u00e9v\u00e9lations pourraient encore se cacher dans les recoins de notre histoire \u00e9volutive ?<\/p>\n<p>Cet article s\u2019appuie sur des sources v\u00e9rifi\u00e9es et l\u2019assistance de technologies \u00e9ditoriales.<\/p>\n<p id=\"rating\">\u00c7a vous a plu ?\u00a04.4\/5 (28)<\/p>\n","protected":false},"excerpt":{"rendered":"EN BREF \ud83c\udf0d D\u00e9couverte majeure : LUCA, le Dernier Anc\u00eatre Commun Universel, aurait exist\u00e9 il y a environ&hellip;\n","protected":false},"author":2,"featured_media":277080,"comment_status":"","ping_status":"","sticky":false,"template":"","format":"standard","meta":{"footnotes":""},"categories":[7],"tags":[1011,27,43,40,41,39,42,44],"class_list":{"0":"post-277079","1":"post","2":"type-post","3":"status-publish","4":"format-standard","5":"has-post-thumbnail","7":"category-sciences-et-technologies","8":"tag-fr","9":"tag-france","10":"tag-science","11":"tag-science-and-technology","12":"tag-sciences","13":"tag-sciences-et-technologies","14":"tag-technologies","15":"tag-technology"},"share_on_mastodon":{"url":"https:\/\/pubeurope.com\/@fr\/114924418808630393","error":""},"_links":{"self":[{"href":"https:\/\/www.europesays.com\/fr\/wp-json\/wp\/v2\/posts\/277079","targetHints":{"allow":["GET"]}}],"collection":[{"href":"https:\/\/www.europesays.com\/fr\/wp-json\/wp\/v2\/posts"}],"about":[{"href":"https:\/\/www.europesays.com\/fr\/wp-json\/wp\/v2\/types\/post"}],"author":[{"embeddable":true,"href":"https:\/\/www.europesays.com\/fr\/wp-json\/wp\/v2\/users\/2"}],"replies":[{"embeddable":true,"href":"https:\/\/www.europesays.com\/fr\/wp-json\/wp\/v2\/comments?post=277079"}],"version-history":[{"count":0,"href":"https:\/\/www.europesays.com\/fr\/wp-json\/wp\/v2\/posts\/277079\/revisions"}],"wp:featuredmedia":[{"embeddable":true,"href":"https:\/\/www.europesays.com\/fr\/wp-json\/wp\/v2\/media\/277080"}],"wp:attachment":[{"href":"https:\/\/www.europesays.com\/fr\/wp-json\/wp\/v2\/media?parent=277079"}],"wp:term":[{"taxonomy":"category","embeddable":true,"href":"https:\/\/www.europesays.com\/fr\/wp-json\/wp\/v2\/categories?post=277079"},{"taxonomy":"post_tag","embeddable":true,"href":"https:\/\/www.europesays.com\/fr\/wp-json\/wp\/v2\/tags?post=277079"}],"curies":[{"name":"wp","href":"https:\/\/api.w.org\/{rel}","templated":true}]}}