{"id":277099,"date":"2025-07-27T09:22:18","date_gmt":"2025-07-27T09:22:18","guid":{"rendered":"https:\/\/www.europesays.com\/fr\/277099\/"},"modified":"2025-07-27T09:22:18","modified_gmt":"2025-07-27T09:22:18","slug":"mercato-yann-lienard-debarque-a-montpellier","status":"publish","type":"post","link":"https:\/\/www.europesays.com\/fr\/277099\/","title":{"rendered":"[Mercato] Yann Li\u00e9nard d\u00e9barque \u00e0 Montpellier"},"content":{"rendered":"<p>Montpellier a trouv\u00e9 son nouveau gardien apr\u00e8s le d\u00e9part de Benjamin Lecomte \u00e0 Fulham. D\u2019apr\u00e8s Mohamed Toubache Ter sur Twitter, Yann Li\u00e9nard va s\u2019engager avec le MHSC prochainement. Ce portier de 22 ans \u00e9volue du c\u00f4t\u00e9 de l\u2019AS Monaco o\u00f9 il a effectu\u00e9 une partie de sa formation. Actuel num\u00e9ro trois dans la hi\u00e9rarchie des gardiens de l\u2019ASM, il arrive \u00e0 Montpellier pour \u00eatre num\u00e9ro 1 et donc enfin lancer sa carri\u00e8re. Du haut de son 1.94m, il n\u2019a particip\u00e9 qu\u2019\u00e0 un seul match pro avec la diagonale (en Coupe de France vs Union Saint-Jean).<\/p>\n<p><img loading=\"lazy\" title=\"AS Saint-Etienne v AS Monaco - Ligue 1 McDonalds 20242025 | AllezPaillade.com\" decoding=\"async\" width=\"1024\" height=\"683\" src=\"https:\/\/www.europesays.com\/fr\/wp-content\/uploads\/2025\/07\/ICONSPORT_259270_0018-1024x683.jpg\" alt=\"\" class=\"wp-image-179318\"  \/><\/p>\n<p>Au total, il a particip\u00e9 \u00e0 17 matchs dans sa carri\u00e8re pour 27 buts encaiss\u00e9s et 1 clean sheet TCC (CDF, U19 NAT, N2). Il arrivera sous la forme d\u2019un pr\u00eat dans l\u2019H\u00e9rault. Ce choix aurait \u00e9t\u00e9 confirm\u00e9 par Magno Novaes qui connait parfaitement le joueur d\u2019apr\u00e8s le Twittos.<\/p>\n<blockquote class=\"twitter-tweet\">\n<p lang=\"fr\" dir=\"ltr\">Yann Fran\u00e7ois Li\u00e9nard va d\u00e9barquer \u00e0 Montpellier !!<\/p>\n<p>\u00c7a sera le gardien num\u00e9ro 1 de Montpellier !! <a href=\"https:\/\/twitter.com\/hashtag\/MHSC?src=hash&amp;ref_src=twsrc%5Etfw\" rel=\"nofollow noopener\" target=\"_blank\">#MHSC<\/a> <a href=\"https:\/\/twitter.com\/hashtag\/ASMonaco?src=hash&amp;ref_src=twsrc%5Etfw\" rel=\"nofollow noopener\" target=\"_blank\">#ASMonaco<\/a><\/p>\n<p>\u2014 Mohamed TOUBACHE-TER (@MohamedTERParis) <a href=\"https:\/\/twitter.com\/MohamedTERParis\/status\/1949372702155808950?ref_src=twsrc%5Etfw\" rel=\"nofollow noopener\" target=\"_blank\">July 27, 2025<\/a><\/p>\n<\/blockquote>\n<p>  <script async src=\"https:\/\/platform.twitter.com\/widgets.js\" charset=\"utf-8\"><\/script><\/p>\n","protected":false},"excerpt":{"rendered":"Montpellier a trouv\u00e9 son nouveau gardien apr\u00e8s le d\u00e9part de Benjamin Lecomte \u00e0 Fulham. D\u2019apr\u00e8s Mohamed Toubache Ter&hellip;\n","protected":false},"author":2,"featured_media":277100,"comment_status":"","ping_status":"","sticky":false,"template":"","format":"standard","meta":{"footnotes":""},"categories":[9599],"tags":[328,1111,11,1777,674,1011,27,1434,2208,12,2680,25],"class_list":{"0":"post-277099","1":"post","2":"type-post","3":"status-publish","4":"format-standard","5":"has-post-thumbnail","7":"category-montpellier","8":"tag-a-la-une","9":"tag-actu","10":"tag-actualites","11":"tag-eu","12":"tag-europe","13":"tag-fr","14":"tag-france","15":"tag-mercato","16":"tag-montpellier","17":"tag-news","18":"tag-occitanie","19":"tag-republique-francaise"},"share_on_mastodon":{"url":"https:\/\/pubeurope.com\/@fr\/114924469853132178","error":""},"_links":{"self":[{"href":"https:\/\/www.europesays.com\/fr\/wp-json\/wp\/v2\/posts\/277099","targetHints":{"allow":["GET"]}}],"collection":[{"href":"https:\/\/www.europesays.com\/fr\/wp-json\/wp\/v2\/posts"}],"about":[{"href":"https:\/\/www.europesays.com\/fr\/wp-json\/wp\/v2\/types\/post"}],"author":[{"embeddable":true,"href":"https:\/\/www.europesays.com\/fr\/wp-json\/wp\/v2\/users\/2"}],"replies":[{"embeddable":true,"href":"https:\/\/www.europesays.com\/fr\/wp-json\/wp\/v2\/comments?post=277099"}],"version-history":[{"count":0,"href":"https:\/\/www.europesays.com\/fr\/wp-json\/wp\/v2\/posts\/277099\/revisions"}],"wp:featuredmedia":[{"embeddable":true,"href":"https:\/\/www.europesays.com\/fr\/wp-json\/wp\/v2\/media\/277100"}],"wp:attachment":[{"href":"https:\/\/www.europesays.com\/fr\/wp-json\/wp\/v2\/media?parent=277099"}],"wp:term":[{"taxonomy":"category","embeddable":true,"href":"https:\/\/www.europesays.com\/fr\/wp-json\/wp\/v2\/categories?post=277099"},{"taxonomy":"post_tag","embeddable":true,"href":"https:\/\/www.europesays.com\/fr\/wp-json\/wp\/v2\/tags?post=277099"}],"curies":[{"name":"wp","href":"https:\/\/api.w.org\/{rel}","templated":true}]}}