{"id":277105,"date":"2025-07-27T09:33:10","date_gmt":"2025-07-27T09:33:10","guid":{"rendered":"https:\/\/www.europesays.com\/fr\/277105\/"},"modified":"2025-07-27T09:33:10","modified_gmt":"2025-07-27T09:33:10","slug":"nice-jazz-fest-le-feu-dartifice-final","status":"publish","type":"post","link":"https:\/\/www.europesays.com\/fr\/277105\/","title":{"rendered":"Nice Jazz Fest\u2019 : le feu d\u2019artifice final !"},"content":{"rendered":"<p>                    <img loading=\"lazy\" decoding=\"async\" src=\"https:\/\/www.europesays.com\/fr\/wp-content\/uploads\/2025\/07\/2b40a2f331435c56c2882c571789a2.png\" class=\"img-responsive post-image\" width=\"680\" height=\"510\" alt=\"Nice Jazz Fest' : le (\u2026)\" title=\"Nice Jazz Fest' : le feu d'artifice final !\"\/><\/p>\n<p class=\"texte\">On les a d\u00e9couverts il y a deux ans \u00e0 l\u2019occasion de Jammin\u2019Juan, le rendez-vous automnal des tourneurs et programmateurs de salles et de festivals. Un \u00e9v\u00e9nement qui fait bien le job puisque maintenant \u00ab\u00a0<strong>\u00a0Monsieur M\u00e2l\u00e2<\/strong>\u00a0\u00bb se produit un peu partout o\u00f9 l\u2019on trouve le jazz et les musiques voisines. Il est donc normal que ce groupe fasse escale au Nice Jazz Fest\u2019 d\u2019autant plus qu\u2019il est tout r\u00e9cemment aur\u00e9ol\u00e9 du prix r\u00e9v\u00e9lation aux derni\u00e8res Victoires du jazz. On le retrouvera avec plaisir et curiosit\u00e9 sur la sc\u00e8ne du th\u00e9\u00e2tre de Verdure (19h15) en ouverture de la derni\u00e8re soir\u00e9e. Au programme, un cocktail jazz-rock-funk-\u00e9lectro-cara\u00efbes bien secou\u00e9, pour un groove endiabl\u00e9 et rafra\u00eechissant. Bref, on est fan, vous l\u2019avez compris, d\u2019autant que les gaillards de \u00ab\u00a0Monsieur M\u00e2l\u00e2\u00a0\u00bb sont simples et sympas dans la vie.<\/p>\n<p>On d\u00e9couvrira au m\u00eame endroit (20h30) la chanteuse am\u00e9ricaine <strong>Ekep Nkwelle<\/strong> qui, de Washington \u00e0 New York, a servi comme choriste ou leader des gens comme <strong>Wynton Marsalis<\/strong> et <strong>Russell Malone<\/strong>. Elle a obtenu un \u00ab\u00a0Juilliard Career Advancement Grant\u00a0\u00bb, distinction qui n\u2019est pas accord\u00e9e \u00e0 la premi\u00e8re venue. On peut donc en esp\u00e9rer le meilleur.<\/p>\n<p>Place sera ensuite donn\u00e9e (21h45) \u00e0 <strong>Avisha\u00ef Cohen<\/strong> qui se pr\u00e9sente comme \u00e0 chaque fois avec un nouveau groupe, voire un nouveau style. Apr\u00e8s une escapade du c\u00f4t\u00e9 des Cara\u00efbes dont il a rapport\u00e9 un groupe et des airs jazz afro-cubains, le voici cette ann\u00e9e en quintet pour un nouveau projet que l\u2019on a h\u00e2te d\u2019ou\u00efr et de ressentir dans une ambiance forc\u00e9ment caliente.<\/p>\n<p>Clap de fin avec une \u00ab\u00a0c\u00e9l\u00e9bration\u00a0\u00bb qui r\u00e9unira les voix <strong>Hugh Coltman,<\/strong> <strong>China Moses, Robin Mckelle<\/strong>, le sax<strong> Jowee Omicil<\/strong>, et peut-\u00eatre des surprises pour redonner vie aux standards du jazz. Ce sera le bouquet d\u2019un feu d\u2019artifice de quatre soir\u00e9es et seize concerts au th\u00e9\u00e2tre de Verdure, l\u2019endroit o\u00f9 l\u2019on a plong\u00e9 dans les racines de la musique m\u00e9tiss\u00e9e et explor\u00e9 de nouvelles pistes, en compagnie des puristes et aussi d\u2019une nouvelle g\u00e9n\u00e9ration de festivaliers.<\/p>\n<p>Et sur la grande sc\u00e8ne Massena, l\u2019\u00e9nergique groupe <strong>Feu\u00a0! Chatterton <\/strong> (21h30) passera avant la locale de l\u2019\u00e9tape, la franco-am\u00e9ricaine <strong>Santa<\/strong> (23 heures), issue du groupe Hyphen-Hyphen, multi instrumentiste, toute aur\u00e9ol\u00e9e de l\u2019Album de l\u2019ann\u00e9e aux Victoires de la musique 2025.<\/p>\n<p>Photo de Une\u00a0: Santa la ni\u00e7oise de l\u2019\u00e9tape que l\u2019on attend avec impatience\u00a0! Arrivera-t-elle comme aux Francos du haut du ciel\u00a0?\u00a0!! \u00a9DR<\/p>\n","protected":false},"excerpt":{"rendered":"On les a d\u00e9couverts il y a deux ans \u00e0 l\u2019occasion de Jammin\u2019Juan, le rendez-vous automnal des tourneurs&hellip;\n","protected":false},"author":2,"featured_media":277106,"comment_status":"","ping_status":"","sticky":false,"template":"","format":"standard","meta":{"footnotes":""},"categories":[2819],"tags":[1111,11,2408,1777,674,1011,27,12,2401,882,25],"class_list":{"0":"post-277105","1":"post","2":"type-post","3":"status-publish","4":"format-standard","5":"has-post-thumbnail","7":"category-nice","8":"tag-actu","9":"tag-actualites","10":"tag-appels-d","11":"tag-eu","12":"tag-europe","13":"tag-fr","14":"tag-france","15":"tag-news","16":"tag-nice","17":"tag-provence-alpes-cote-dazur","18":"tag-republique-francaise"},"share_on_mastodon":{"url":"https:\/\/pubeurope.com\/@fr\/114924513099053398","error":""},"_links":{"self":[{"href":"https:\/\/www.europesays.com\/fr\/wp-json\/wp\/v2\/posts\/277105","targetHints":{"allow":["GET"]}}],"collection":[{"href":"https:\/\/www.europesays.com\/fr\/wp-json\/wp\/v2\/posts"}],"about":[{"href":"https:\/\/www.europesays.com\/fr\/wp-json\/wp\/v2\/types\/post"}],"author":[{"embeddable":true,"href":"https:\/\/www.europesays.com\/fr\/wp-json\/wp\/v2\/users\/2"}],"replies":[{"embeddable":true,"href":"https:\/\/www.europesays.com\/fr\/wp-json\/wp\/v2\/comments?post=277105"}],"version-history":[{"count":0,"href":"https:\/\/www.europesays.com\/fr\/wp-json\/wp\/v2\/posts\/277105\/revisions"}],"wp:featuredmedia":[{"embeddable":true,"href":"https:\/\/www.europesays.com\/fr\/wp-json\/wp\/v2\/media\/277106"}],"wp:attachment":[{"href":"https:\/\/www.europesays.com\/fr\/wp-json\/wp\/v2\/media?parent=277105"}],"wp:term":[{"taxonomy":"category","embeddable":true,"href":"https:\/\/www.europesays.com\/fr\/wp-json\/wp\/v2\/categories?post=277105"},{"taxonomy":"post_tag","embeddable":true,"href":"https:\/\/www.europesays.com\/fr\/wp-json\/wp\/v2\/tags?post=277105"}],"curies":[{"name":"wp","href":"https:\/\/api.w.org\/{rel}","templated":true}]}}