{"id":277111,"date":"2025-07-27T09:37:12","date_gmt":"2025-07-27T09:37:12","guid":{"rendered":"https:\/\/www.europesays.com\/fr\/277111\/"},"modified":"2025-07-27T09:37:12","modified_gmt":"2025-07-27T09:37:12","slug":"fc-nantes-luis-castro-debriefe-la-defaite-face-au-stade-rennais-et-evoque-le-depart-de-zeze","status":"publish","type":"post","link":"https:\/\/www.europesays.com\/fr\/277111\/","title":{"rendered":"FC Nantes : Luis Castro d\u00e9briefe la d\u00e9faite face au Stade Rennais et \u00e9voque le d\u00e9part de Z\u00e9z\u00e9"},"content":{"rendered":"<p><strong>Apr\u00e8s la d\u00e9faite du FC Nantes face au Stade Rennais en amical, Luis Castro a livr\u00e9 sa r\u00e9action.<\/strong><\/p>\n<p>Ce samedi, <a href=\"https:\/\/www.butfootballclub.fr\/fc-nantes-stade-rennais-le-srfc-soffre-les-canaris-en-amical\" rel=\"noreferrer noopener nofollow\" target=\"_blank\">le FC Nantes s\u2019est inclin\u00e9 3-2 face \u00e0 son voisin breton, le Stade Rennais<\/a>, lors d\u2019un match amical disput\u00e9 \u00e0 huis clos \u00e0 la Joneli\u00e8re. Malgr\u00e9 la d\u00e9faite, l\u2019entra\u00eeneur des Canaris, Luis Castro, a soulign\u00e9 plusieurs points positifs issus de cette rencontre, tout en pointant des axes \u00e0 am\u00e9liorer en vue de la reprise en Ligue 1.<\/p>\n<p>\u00ab Le positif, c\u2019est qu\u2019on a cr\u00e9\u00e9 pas mal de situations. Dans l\u2019aspect d\u00e9fensif, on d\u00e9bute bien, on prend un but sur une situation o\u00f9 on n\u2019est pas concentr\u00e9s, on doit corriger \u00e7a. Sur une touche, ce n\u2019est pas possible\u2026 Notre premier but vient d\u2019une bonne construction offensive, on sort de derri\u00e8re (une minute de possession et but de Leroux apr\u00e8s une ouverture de Tabibou et un centre de Guirassy). Apr\u00e8s, je pense que l\u2019\u00e9quipe de Rennes a pas mal de joueurs capables de ma\u00eetriser le match, de nous fatiguer \u00bb, a-t-il comment\u00e9, dans des propos rapport\u00e9s par <a href=\"https:\/\/www.lequipe.fr\/Football\/Actualites\/Luis-castro-et-habib-beye-entre-satisfactions-et-axes-de-travail-a-venir-apres-l-amical-entre-nantes-et-rennes\/1581066\" rel=\"noreferrer noopener nofollow\" target=\"_blank\">L\u2019\u00c9quipe<\/a>.<\/p>\n<p>Luis Castro \u00e9voque le d\u00e9part de Nathan Z\u00e9z\u00e9<\/p>\n<p>Sur le choix tactique de presser haut, qui laisse parfois des espaces, le technicien portugais reste lucide : \u00ab On d\u00e9fend avec un bloc compact. Si tu veux presser, tu ne peux pas presser avec 50 m de distance (entre les joueurs). Apr\u00e8s, c\u2019est le d\u00e9but, c\u2019est normal qu\u2019il reste des choses \u00e0 travailler. \u00bb<\/p>\n<p>Luis Castro a \u00e9galement \u00e9voqu\u00e9 l\u2019int\u00e9gration des jeunes dans le groupe : \u00ab Les jeunes n\u2019ont pas \u00e9t\u00e9 mal aujourd\u2019hui (samedi). Beaucoup de bonnes surprises. Apr\u00e8s, c\u2019est normal de faire un mix. Je suis content du groupe de travail. C\u2019est une page diff\u00e9rente (avec les d\u00e9parts <a href=\"https:\/\/www.butfootballclub.fr\/fc-nantes-mercato-comment-neom-a-double-villarreal-pour-nathan-zeze\" rel=\"noreferrer noopener nofollow\" target=\"_blank\">dont celui \u00e0 venir de Nathan Z\u00e9z\u00e9<\/a>), un challenge pour moi, j\u2019aime faire des choses diff\u00e9rentes. \u00bb<\/p>\n<p>Samedi prochain, le FC Nantes poursuivra sa pr\u00e9paration avec un match contre Angers \u00e0 17h.<\/p>\n","protected":false},"excerpt":{"rendered":"Apr\u00e8s la d\u00e9faite du FC Nantes face au Stade Rennais en amical, Luis Castro a livr\u00e9 sa r\u00e9action.&hellip;\n","protected":false},"author":2,"featured_media":277112,"comment_status":"","ping_status":"","sticky":false,"template":"","format":"standard","meta":{"footnotes":""},"categories":[2818],"tags":[1111,11,448,1777,674,63,1011,27,66,3388,766,12,2636,25,10662],"class_list":{"0":"post-277111","1":"post","2":"type-post","3":"status-publish","4":"format-standard","5":"has-post-thumbnail","7":"category-nantes","8":"tag-actu","9":"tag-actualites","10":"tag-champions-league","11":"tag-eu","12":"tag-europe","13":"tag-football","14":"tag-fr","15":"tag-france","16":"tag-ligue-1","17":"tag-matchs","18":"tag-nantes","19":"tag-news","20":"tag-pays-de-la-loire","21":"tag-republique-francaise","22":"tag-transferts"},"share_on_mastodon":{"url":"https:\/\/pubeurope.com\/@fr\/114924528822168849","error":""},"_links":{"self":[{"href":"https:\/\/www.europesays.com\/fr\/wp-json\/wp\/v2\/posts\/277111","targetHints":{"allow":["GET"]}}],"collection":[{"href":"https:\/\/www.europesays.com\/fr\/wp-json\/wp\/v2\/posts"}],"about":[{"href":"https:\/\/www.europesays.com\/fr\/wp-json\/wp\/v2\/types\/post"}],"author":[{"embeddable":true,"href":"https:\/\/www.europesays.com\/fr\/wp-json\/wp\/v2\/users\/2"}],"replies":[{"embeddable":true,"href":"https:\/\/www.europesays.com\/fr\/wp-json\/wp\/v2\/comments?post=277111"}],"version-history":[{"count":0,"href":"https:\/\/www.europesays.com\/fr\/wp-json\/wp\/v2\/posts\/277111\/revisions"}],"wp:featuredmedia":[{"embeddable":true,"href":"https:\/\/www.europesays.com\/fr\/wp-json\/wp\/v2\/media\/277112"}],"wp:attachment":[{"href":"https:\/\/www.europesays.com\/fr\/wp-json\/wp\/v2\/media?parent=277111"}],"wp:term":[{"taxonomy":"category","embeddable":true,"href":"https:\/\/www.europesays.com\/fr\/wp-json\/wp\/v2\/categories?post=277111"},{"taxonomy":"post_tag","embeddable":true,"href":"https:\/\/www.europesays.com\/fr\/wp-json\/wp\/v2\/tags?post=277111"}],"curies":[{"name":"wp","href":"https:\/\/api.w.org\/{rel}","templated":true}]}}