{"id":277115,"date":"2025-07-27T09:39:16","date_gmt":"2025-07-27T09:39:16","guid":{"rendered":"https:\/\/www.europesays.com\/fr\/277115\/"},"modified":"2025-07-27T09:39:16","modified_gmt":"2025-07-27T09:39:16","slug":"girondins-ce-quil-faut-retenir-de-lopposition-interne-a-capbreton-sous-loeil-de-john-williams","status":"publish","type":"post","link":"https:\/\/www.europesays.com\/fr\/277115\/","title":{"rendered":"Girondins : ce qu&rsquo;il faut retenir de l&rsquo;opposition interne \u00e0 Capbreton sous l&rsquo;\u0153il de John Williams"},"content":{"rendered":"<p><img decoding=\"async\" src=\"https:\/\/www.europesays.com\/fr\/wp-content\/uploads\/2025\/07\/671_94c99966c2f2cceb69e6ee6c7a558e63.jpg\" alt=\"Girondins : ce qu'il faut retenir de l'opposition interne \u00e0 Capbreton sous l'\u0153il de John Williams\" class=\"img-responsive mt-3\"\/><\/p>\n<p class=\"text-center mb-3\" style=\"font-size: 14px\">\u00a9 Iconsport<\/p>\n<p style=\"text-align: justify;\">Six joueurs que nous n\u2019avons pas identifi\u00e9s sont venus compl\u00e9ter l&rsquo;effectif bordelais en stage \u00e0 Capbreton, trop juste pour organiser un 11 contre 11.<\/p>\n<p style=\"text-align: justify;\">Cette rencontre a dur\u00e9 60 minutes : une mi-temps de 45 minutes et une deuxi\u00e8me mite-ms de 15 minutes. C&rsquo;est l\u2019\u00e9quipe 2 qui a gagn\u00e9 avec des buts d&rsquo;Openda et de Rizaldos contre un p\u00e9nalty de Sahibbedine.<\/p>\n<p style=\"text-align: center;\"><img decoding=\"async\" src=\"https:\/\/www.europesays.com\/fr\/wp-content\/uploads\/2025\/07\/capbreton.png\" alt=\"capbreton.png (4.06 MB)\" style=\"width:700px;max-width:100%;\"\/><br \/>Mi-temps de l&rsquo;opposition samedi 26 juillet @Matt-FCGB<\/p>\n<p style=\"text-align: justify;\">En tribune, les joueurs bless\u00e9s ou hors de forme ont assist\u00e9 \u00e0 cette opposition : Bahassa, Ba, Jousselin, Mana\u00ef et Ciss\u00e9.<\/p>\n<p style=\"text-align: justify;\"><strong>\u00c9quipe 1<\/strong> : <strong>l&rsquo;attaque titulaire<\/strong><\/p>\n<p style=\"text-align: justify;\">Gardien : Agossa<br \/>D\u00e9fenseurs : 4 d\u00e9fenseurs non identifi\u00e9s\u00a0<br \/>Milieu : Odu, Diop et Sahibbedine<br \/>Attaque : Shamal, Villette, \u00c9tonde<\/p>\n<p style=\"text-align: justify;\"><strong>\u00c9quipe 2<\/strong> : <strong>la d\u00e9fense titulaire<\/strong><\/p>\n<p style=\"text-align: justify;\">Gardien : Hoekstra<br \/>D\u00e9fenseurs : Grillot, Vendenabeele, Doehnl\u00e9<br \/>Pistons : Trichard et Feuillet<br \/>Milieux : Ramon et 2 joueurs non identifi\u00e9s\u00a0<br \/>Attaque : Rizaldos, Openda<\/p>\n<p style=\"text-align: justify;\">Bordeaux termine ce stage avec une bonne opposition. \u00c0 noter que le directeur sportif des Girondins de Bordeaux, John Williams, est venu assister \u00e0 cette s\u00e9ance en famille. Les joueurs et le staff rentrent \u00e0 Bordeaux ce samedi. Dimanche est une journ\u00e9e de repos.<\/p>\n<p>Contribution de Matthieu, supporter bordelais pr\u00e9sent \u00e0 Capbreton, avec N.P<\/p>\n<p>\u00c0 voir aussi &gt;&gt; <strong><a href=\"https:\/\/www.webgirondins.com\/actualite-girondins-n2-outsiders-favoris-promus-decouvrez-les-forces-du-groupe-a-face-aux-girondins-129821\" target=\"_blank\" rel=\"noopener nofollow\">D\u00e9couvrez ici notre s\u00e9rie de podcasts courts sur les effectifs des clubs de National 2 du groupe A.<\/a><\/strong><\/p>\n<p>Notre podcast court \u00e0 \u00e9couter :<\/p>\n<p>\u00a0<\/p>\n<p>R\u00e9\u00e9dition article du 26\/07\/2025.<\/p>\n","protected":false},"excerpt":{"rendered":"\u00a9 Iconsport Six joueurs que nous n\u2019avons pas identifi\u00e9s sont venus compl\u00e9ter l&rsquo;effectif bordelais en stage \u00e0 Capbreton,&hellip;\n","protected":false},"author":2,"featured_media":277116,"comment_status":"","ping_status":"","sticky":false,"template":"","format":"standard","meta":{"footnotes":""},"categories":[2817],"tags":[1111,11,4612,1997,41211,22854,1777,674,4815,8290,28962,1011,27,1987,20056,7041,3289,12,2219,419,25,18252,3982,3107,3866,2771],"class_list":{"0":"post-277115","1":"post","2":"type-post","3":"status-publish","4":"format-standard","5":"has-post-thumbnail","7":"category-bordeaux","8":"tag-actu","9":"tag-actualites","10":"tag-adversaire","11":"tag-bordeaux","12":"tag-capbreton","13":"tag-cloture","14":"tag-eu","15":"tag-europe","16":"tag-exterieur","17":"tag-faut","18":"tag-faute","19":"tag-fr","20":"tag-france","21":"tag-girondins","22":"tag-interne","23":"tag-john","24":"tag-leur","25":"tag-news","26":"tag-nouvelle-aquitaine","27":"tag-opposition","28":"tag-republique-francaise","29":"tag-retenir","30":"tag-samedi","31":"tag-sous","32":"tag-stage","33":"tag-williams"},"share_on_mastodon":{"url":"https:\/\/pubeurope.com\/@fr\/114924536759323881","error":""},"_links":{"self":[{"href":"https:\/\/www.europesays.com\/fr\/wp-json\/wp\/v2\/posts\/277115","targetHints":{"allow":["GET"]}}],"collection":[{"href":"https:\/\/www.europesays.com\/fr\/wp-json\/wp\/v2\/posts"}],"about":[{"href":"https:\/\/www.europesays.com\/fr\/wp-json\/wp\/v2\/types\/post"}],"author":[{"embeddable":true,"href":"https:\/\/www.europesays.com\/fr\/wp-json\/wp\/v2\/users\/2"}],"replies":[{"embeddable":true,"href":"https:\/\/www.europesays.com\/fr\/wp-json\/wp\/v2\/comments?post=277115"}],"version-history":[{"count":0,"href":"https:\/\/www.europesays.com\/fr\/wp-json\/wp\/v2\/posts\/277115\/revisions"}],"wp:featuredmedia":[{"embeddable":true,"href":"https:\/\/www.europesays.com\/fr\/wp-json\/wp\/v2\/media\/277116"}],"wp:attachment":[{"href":"https:\/\/www.europesays.com\/fr\/wp-json\/wp\/v2\/media?parent=277115"}],"wp:term":[{"taxonomy":"category","embeddable":true,"href":"https:\/\/www.europesays.com\/fr\/wp-json\/wp\/v2\/categories?post=277115"},{"taxonomy":"post_tag","embeddable":true,"href":"https:\/\/www.europesays.com\/fr\/wp-json\/wp\/v2\/tags?post=277115"}],"curies":[{"name":"wp","href":"https:\/\/api.w.org\/{rel}","templated":true}]}}