{"id":277123,"date":"2025-07-27T09:44:13","date_gmt":"2025-07-27T09:44:13","guid":{"rendered":"https:\/\/www.europesays.com\/fr\/277123\/"},"modified":"2025-07-27T09:44:13","modified_gmt":"2025-07-27T09:44:13","slug":"le-futur-du-rap-marseillais-vous-donne-rendez-vous-pour-un-concert-gratuit-a-martigues","status":"publish","type":"post","link":"https:\/\/www.europesays.com\/fr\/277123\/","title":{"rendered":"le futur du rap marseillais vous donne rendez-vous pour un concert gratuit \u00e0 Martigues"},"content":{"rendered":"<p>Cinq ans de tremplin, cinq ans d&rsquo;histoires \u00e0 \u00e9crire. Le 28 juillet prochain, Marsatac c\u00e9l\u00e8bre l&rsquo;anniversaire de son dispositif phare d\u00e9di\u00e9 \u00e0 l&rsquo;\u00e9mergence hip-hop marseillaise avec un concert gratuit en plein air : \u00ab\u00a0La Frappe All Stars\u00a0\u00bb. Dans la cour de l&rsquo;\u00eele, d\u00e8s 21h30, le public retrouvera Anan, Ekloz, Khara, STLR, CRAMS, ainsi que RCZ, laur\u00e9at 2025 du concours Plan\u00e8te Mars. Tous et toutes ont marqu\u00e9 les \u00e9ditions pr\u00e9c\u00e9dentes par leur \u00e9nergie, leur originalit\u00e9, leur proximit\u00e9 avec le public. \u00ab\u00a0Quand on voit la force de certains artistes d\u00e8s leurs premi\u00e8res sc\u00e8nes, on ne peut que se dire qu&rsquo;on est sur la bonne voie. La Frappe, ce n&rsquo;est pas un concours, c&rsquo;est un espace de r\u00e9v\u00e9lation\u00a0\u00bb, affirme <a href=\"https:\/\/www.laprovence.com\/article\/culture-loisirs\/1197724632403714\/beatrice-desgranges-marsatac-est-la-vitrine-de-tout-ce-qu-on-fait\" target=\"_blank\" rel=\"noopener\">B\u00e9atrice Desgranges<\/a>, co-fondatrice du <a href=\"https:\/\/www.laprovence.com\/article\/culture-loisirs\/1256396990703415\/marsatac-2025-le-rap-et-l-electro-ont-percute-les-milliers-de-festivaliers-ce-vendredi-soir\" target=\"_blank\" rel=\"noopener\">festival<\/a>.\u00a0<\/p>\n<p>Une sc\u00e8ne, six noms, une \u00e9nergie<\/p>\n<p>Au-del\u00e0 du simple concert, c&rsquo;est une heure de show pens\u00e9 collectivement, avec pour fil rouge le mentorat fid\u00e8le de <a href=\"https:\/\/www.laprovence.com\/article\/region\/1915805574574414\/faf-larage-revient-sur-son-parcours-au-theatre-de-loeuvre-a-marseille\" target=\"_blank\" rel=\"noopener\">Faf Larage<\/a>, parrain du dispositif depuis sa cr\u00e9ation. \u00ab\u00a0On a voulu cr\u00e9er un spectacle \u00e0 part enti\u00e8re. Ces artistes qu&rsquo;on a vu na\u00eetre, on les remet sur sc\u00e8ne ensemble. C&rsquo;est un moment de retrouvailles, mais aussi un acte de confiance : on croit en eux, on croit en cette sc\u00e8ne\u00a0\u00bb, insiste l&rsquo;organisatrice. Depuis sa cr\u00e9ation en 2019, La Frappe est devenue un mod\u00e8le d&rsquo;accompagnement artistique, unique en France. S\u00e9lectionn\u00e9s par des professionnels de la fili\u00e8re, les artistes b\u00e9n\u00e9ficient de r\u00e9sidences, d&rsquo;ateliers, d&rsquo;un parrainage rapproch\u00e9, et surtout, d&rsquo;un vrai passage \u00e0 l&rsquo;action : monter sur sc\u00e8ne dans des conditions professionnelles.<\/p>\n","protected":false},"excerpt":{"rendered":"Cinq ans de tremplin, cinq ans d&rsquo;histoires \u00e0 \u00e9crire. Le 28 juillet prochain, Marsatac c\u00e9l\u00e8bre l&rsquo;anniversaire de son&hellip;\n","protected":false},"author":2,"featured_media":277124,"comment_status":"","ping_status":"","sticky":false,"template":"","format":"standard","meta":{"footnotes":""},"categories":[2814],"tags":[17,1111,11,10343,1777,674,1011,27,11731,5852,761,884,12,882,3616,16,25,3287,4568],"class_list":{"0":"post-277123","1":"post","2":"type-post","3":"status-publish","4":"format-standard","5":"has-post-thumbnail","7":"category-marseille","8":"tag-17","9":"tag-actu","10":"tag-actualites","11":"tag-all","12":"tag-eu","13":"tag-europe","14":"tag-fr","15":"tag-france","16":"tag-frappe","17":"tag-futur","18":"tag-marseillais","19":"tag-marseille","20":"tag-news","21":"tag-provence-alpes-cote-dazur","22":"tag-rap","23":"tag-region","24":"tag-republique-francaise","25":"tag-stars","26":"tag-vous"},"share_on_mastodon":{"url":"https:\/\/pubeurope.com\/@fr\/114924556376482646","error":""},"_links":{"self":[{"href":"https:\/\/www.europesays.com\/fr\/wp-json\/wp\/v2\/posts\/277123","targetHints":{"allow":["GET"]}}],"collection":[{"href":"https:\/\/www.europesays.com\/fr\/wp-json\/wp\/v2\/posts"}],"about":[{"href":"https:\/\/www.europesays.com\/fr\/wp-json\/wp\/v2\/types\/post"}],"author":[{"embeddable":true,"href":"https:\/\/www.europesays.com\/fr\/wp-json\/wp\/v2\/users\/2"}],"replies":[{"embeddable":true,"href":"https:\/\/www.europesays.com\/fr\/wp-json\/wp\/v2\/comments?post=277123"}],"version-history":[{"count":0,"href":"https:\/\/www.europesays.com\/fr\/wp-json\/wp\/v2\/posts\/277123\/revisions"}],"wp:featuredmedia":[{"embeddable":true,"href":"https:\/\/www.europesays.com\/fr\/wp-json\/wp\/v2\/media\/277124"}],"wp:attachment":[{"href":"https:\/\/www.europesays.com\/fr\/wp-json\/wp\/v2\/media?parent=277123"}],"wp:term":[{"taxonomy":"category","embeddable":true,"href":"https:\/\/www.europesays.com\/fr\/wp-json\/wp\/v2\/categories?post=277123"},{"taxonomy":"post_tag","embeddable":true,"href":"https:\/\/www.europesays.com\/fr\/wp-json\/wp\/v2\/tags?post=277123"}],"curies":[{"name":"wp","href":"https:\/\/api.w.org\/{rel}","templated":true}]}}