{"id":277125,"date":"2025-07-27T09:45:18","date_gmt":"2025-07-27T09:45:18","guid":{"rendered":"https:\/\/www.europesays.com\/fr\/277125\/"},"modified":"2025-07-27T09:45:18","modified_gmt":"2025-07-27T09:45:18","slug":"marseille-va-faire-une-offre-pour-wallace-yan","status":"publish","type":"post","link":"https:\/\/www.europesays.com\/fr\/277125\/","title":{"rendered":"Marseille va faire une offre pour Wallace Yan"},"content":{"rendered":"<p style=\"text-align: justify;\"><strong>TRANSFERTS \u2013 Selon Julio Miguel Neto, l\u2019Olympique de Marseille pr\u00e9pare une offre pour recruter le Br\u00e9silien Wallace Yan.<\/strong><\/p>\n<p style=\"text-align: justify;\">Le secteur offensif de l\u2019<strong>Olympique de Marseille<\/strong> n\u2019a pas encore \u00e9t\u00e9 renforc\u00e9, mais cela ne serait tard\u00e9. En effet, <strong>Pierre-Emerick Aubameyang<\/strong> est attendu dans les jours \u00e0 venir, comme l\u2019a confirm\u00e9 <strong>Robert De Zerbi<\/strong> \u00e0 l\u2019issue de la victoire face \u00e0 <strong>Girona<\/strong>. Un ailier est toujours attendu alors que le dossier <strong>Igor<\/strong> <strong>Paixao<\/strong> n\u2019est toujours pas finalis\u00e9.<\/p>\n<p>Le pari Wallace Yan ?<\/p>\n<p style=\"text-align: justify;\">Mais comme depuis le d\u00e9but du mercato, <strong>Medhi Benatia<\/strong> n\u2019h\u00e9site pas \u00e0 multiplier les pistes pour offrir \u00e0 son entra\u00eeneur un effectif en accord avec ses attentes. <strong>Wallace<\/strong> <strong>Yan<\/strong> aurait tap\u00e9 dans l\u2019\u0153il du directeur sportif de l\u2019OM pendant la Coupe du monde des clubs. Il a notamment inscrit un joli but lors de la rencontre face au futur vainqueur, Chelsea.<\/p>\n<p style=\"text-align: justify;\">\u00c0 seulement 20 ans, cet attaquant polyvalent poss\u00e8de d\u00e9j\u00e0 une belle maturit\u00e9. Rapide et capable d\u2019\u00e9liminer des adversaires, il est aussi en mesure de faire jouer \u00e0 une touche. L\u2019<strong>Olympique de Marseille<\/strong> serait en passe de formuler une premi\u00e8re offre pour <strong>Wallace<\/strong> <strong>Yan<\/strong> alors que <strong>Wolverhampton<\/strong> est aussi int\u00e9ress\u00e9 par son profil.<\/p>\n<p>\u00c0 ce sujet<br \/>\n<a href=\"https:\/\/dicodusport.fr\/blog\/mercato-om-2025-2026-le-tableau-complet-des-transferts-arrivees-et-departs\/\" class=\"vlp-link\" title=\"Mercato OM 2025-2026 : Le tableau complet des transferts, arriv\u00e9es et d\u00e9parts\" target=\"_blank\" rel=\"noopener\"><img loading=\"lazy\" decoding=\"async\" style=\"max-width: 792px;\" width=\"792\" height=\"445\" class=\"attachment-800x445 size-800x445 perfmatters-lazy\" alt=\"Mercato OM 2025-2026 Le tableau complet des transferts, arriv\u00e9es et d\u00e9parts\" src=\"https:\/\/www.europesays.com\/fr\/wp-content\/uploads\/2025\/06\/Mercato-OM-2025-2026-Le-tableau-complet-des-transferts-arrivees-et-departs.png\"  data-\/><\/p>\n<p>Mercato OM 2025-2026 : Le tableau complet des transferts, arriv\u00e9es et d\u00e9parts<\/p>\n<p>TRANSFERTS OM &#8211; Retrouvez tous les mouvements de l&rsquo;Olympique de Marseille pour l&rsquo;intersaison 2025 en Ligue 1. Arriv\u00e9es, d\u00e9part, pr\u00eats, transferts d\u00e9finitifs, ne ratez rien du mercato estival.\u00a0<\/p>\n<p>Lire l&rsquo;article<\/p>\n<p>dicodusport.fr<\/p>\n","protected":false},"excerpt":{"rendered":"TRANSFERTS \u2013 Selon Julio Miguel Neto, l\u2019Olympique de Marseille pr\u00e9pare une offre pour recruter le Br\u00e9silien Wallace Yan.&hellip;\n","protected":false},"author":2,"featured_media":277126,"comment_status":"","ping_status":"","sticky":false,"template":"","format":"standard","meta":{"footnotes":""},"categories":[2814],"tags":[1111,11,2113,1777,674,1011,27,884,23100,12,1176,882,25],"class_list":{"0":"post-277125","1":"post","2":"type-post","3":"status-publish","4":"format-standard","5":"has-post-thumbnail","7":"category-marseille","8":"tag-actu","9":"tag-actualites","10":"tag-breve","11":"tag-eu","12":"tag-europe","13":"tag-fr","14":"tag-france","15":"tag-marseille","16":"tag-mercato-football","17":"tag-news","18":"tag-olympique-de-marseille","19":"tag-provence-alpes-cote-dazur","20":"tag-republique-francaise"},"share_on_mastodon":{"url":"https:\/\/pubeurope.com\/@fr\/114924560407851810","error":""},"_links":{"self":[{"href":"https:\/\/www.europesays.com\/fr\/wp-json\/wp\/v2\/posts\/277125","targetHints":{"allow":["GET"]}}],"collection":[{"href":"https:\/\/www.europesays.com\/fr\/wp-json\/wp\/v2\/posts"}],"about":[{"href":"https:\/\/www.europesays.com\/fr\/wp-json\/wp\/v2\/types\/post"}],"author":[{"embeddable":true,"href":"https:\/\/www.europesays.com\/fr\/wp-json\/wp\/v2\/users\/2"}],"replies":[{"embeddable":true,"href":"https:\/\/www.europesays.com\/fr\/wp-json\/wp\/v2\/comments?post=277125"}],"version-history":[{"count":0,"href":"https:\/\/www.europesays.com\/fr\/wp-json\/wp\/v2\/posts\/277125\/revisions"}],"wp:featuredmedia":[{"embeddable":true,"href":"https:\/\/www.europesays.com\/fr\/wp-json\/wp\/v2\/media\/277126"}],"wp:attachment":[{"href":"https:\/\/www.europesays.com\/fr\/wp-json\/wp\/v2\/media?parent=277125"}],"wp:term":[{"taxonomy":"category","embeddable":true,"href":"https:\/\/www.europesays.com\/fr\/wp-json\/wp\/v2\/categories?post=277125"},{"taxonomy":"post_tag","embeddable":true,"href":"https:\/\/www.europesays.com\/fr\/wp-json\/wp\/v2\/tags?post=277125"}],"curies":[{"name":"wp","href":"https:\/\/api.w.org\/{rel}","templated":true}]}}