{"id":277128,"date":"2025-07-27T09:47:11","date_gmt":"2025-07-27T09:47:11","guid":{"rendered":"https:\/\/www.europesays.com\/fr\/277128\/"},"modified":"2025-07-27T09:47:11","modified_gmt":"2025-07-27T09:47:11","slug":"le-corps-retrouve-est-bien-celui-du-lyonnais","status":"publish","type":"post","link":"https:\/\/www.europesays.com\/fr\/277128\/","title":{"rendered":"le corps retrouv\u00e9 est bien celui du Lyonnais"},"content":{"rendered":"<p>            Par<br \/>\n        <strong><br \/>\n            <a href=\"https:\/\/actu.fr\/auteur\/nicolas-zaugra\" title=\"Consulter tous les articles de Nicolas Zaugra\" target=\"_blank\" rel=\"noopener\">Nicolas Zaugra<\/a><br \/>\n        <\/strong><\/p>\n<p>        Publi\u00e9 le<\/p>\n<p>            27 juil. 2025 \u00e0 11h19<br \/>\n        ; mis \u00e0 jour le 27 juil. 2025 \u00e0 11h20    <\/p>\n<p>Il \u00e9tait port\u00e9 disparu depuis le lundi de Pentec\u00f4te, le lundi 9 juin 2025. <a href=\"https:\/\/actu.fr\/auvergne-rhone-alpes\/lyon_69123\/un-habitant-de-lyon-disparait-l-inquietude-monte-les-gendarmes-sortent-les-grands-moyens_62767679.html\" target=\"_blank\" rel=\"noopener\">Vincent Prat, un Lyonnais<\/a> p\u00e8re de famille, avait disparu en Savoie lors d\u2019une sortie trail.<\/p>\n<p class=\" wall-content\">Son <a href=\"https:\/\/actu.fr\/auvergne-rhone-alpes\/lyon_69123\/vincent-habitant-de-lyon-disparu-un-corps-retrouve-par-des-benevoles-ce-que-l-on-sait_62777014.html\" target=\"_blank\" rel=\"noopener\">corps avait \u00e9t\u00e9 retrouv\u00e9<\/a> plusieurs jours plus tard au pied d\u2019une barre rocheuse de la commune Drumettaz-Clarafond, toujours en Savoie.<\/p>\n<p>    <a href=\"https:\/\/www.google.com\/maps\/embed?pb=!1m18!1m12!1m3!1d481394.48347213294!2d5.7015520989624555!3d45.630433681169215!2m3!1f0!2f0!3f0!3m2!1i1024!2i768!4f13.1!3m3!1m2!1s0x478ba6d89ee31147%3A0x408ab2ae4bab3d0!2s73420%20Drumettaz-Clarafond!5e1!3m2!1sfr!2sfr!4v1753607621438!5m2!1sfr!2sfr\" title=\"Ouvrie le lien\" target=\"_blank\" rel=\"noopener\">Cliquez ici pour visualiser le contenu<\/a><\/p>\n<p>L\u2019ADN a permis d\u2019identifier la victime<\/p>\n<p class=\" wall-content\">Le corps retrouv\u00e9 samedi 14 juin a \u00e9t\u00e9 identifi\u00e9 par les enqu\u00eateurs et il s\u2019agit bien de Vincent Prat. La famille a confirm\u00e9 que les analyses ADN effectu\u00e9es sur l\u2019homme retrouv\u00e9 a permis de l\u2019identifier et qu\u2019il s\u2019agit du p\u00e8re de famille.<\/p>\n<p class=\" wall-content\">La gendarmerie de Chamb\u00e9ry avait lanc\u00e9 un <a href=\"https:\/\/actu.fr\/tag\/appel-a-temoins\" target=\"_blank\" rel=\"noopener\">appel \u00e0 t\u00e9moins<\/a> qui avait permis une large mobilisation sur place et sur les r\u00e9seaux sociaux.\u00a0<\/p>\n<p class=\" wall-content\">Une c\u00e9l\u00e9bration aura lieu vendredi 1er ao\u00fbt \u00e0 13 heures en l\u2019\u00e9glise Notre Dame de Bon Secours \u00e0 Lyon.\u00a0<\/p>\n<p class=\" wall-content\">Suivez toute l\u2019actualit\u00e9 de vos villes et m\u00e9dias favoris en vous inscrivant \u00e0 <a href=\"https:\/\/moncompte.actu.fr\" title=\"D\u00e9couvez Mon Actu\" rel=\"nofollow noopener\" data-trk=\"{&quot;cta&quot;:{&quot;action&quot;:&quot;https:\\\/\\\/moncompte.actu.fr&quot;,&quot;category&quot;:&quot;mon compte&quot;,&quot;from&quot;:&quot;article footer&quot;,&quot;name&quot;:&quot;Mon actu&quot;,&quot;type&quot;:&quot;cta&quot;}}\" target=\"_blank\">Mon Actu<\/a>.<\/p>\n<ul class=\"ac-article-tag wall-content\">\n<li><a href=\"https:\/\/actu.fr\/tag\/disparition\" data-trk=\"{&quot;cta&quot;:{&quot;action&quot;:&quot;Disparition inqui\\u00e9tante&quot;,&quot;category&quot;:&quot;tag&quot;,&quot;from&quot;:&quot;article footer&quot;,&quot;name&quot;:&quot;Disparition inqui\\u00e9tante&quot;,&quot;type&quot;:&quot;cta&quot;}}\" target=\"_blank\" rel=\"noopener\">#Disparition inqui\u00e9tante<\/a><\/li>\n<\/ul>\n","protected":false},"excerpt":{"rendered":"Par Nicolas Zaugra Publi\u00e9 le 27 juil. 2025 \u00e0 11h19 ; mis \u00e0 jour le 27 juil. 2025&hellip;\n","protected":false},"author":2,"featured_media":180468,"comment_status":"","ping_status":"","sticky":false,"template":"","format":"standard","meta":{"footnotes":""},"categories":[1889],"tags":[1111,11,2430,3676,1777,674,118,1011,27,2428,12,25],"class_list":{"0":"post-277128","1":"post","2":"type-post","3":"status-publish","4":"format-standard","5":"has-post-thumbnail","7":"category-lyon","8":"tag-actu","9":"tag-actualites","10":"tag-auvergne-rhone-alpes","11":"tag-disparition-inquietante","12":"tag-eu","13":"tag-europe","14":"tag-faits-divers","15":"tag-fr","16":"tag-france","17":"tag-lyon","18":"tag-news","19":"tag-republique-francaise"},"share_on_mastodon":{"url":"https:\/\/pubeurope.com\/@fr\/114924568170846202","error":""},"_links":{"self":[{"href":"https:\/\/www.europesays.com\/fr\/wp-json\/wp\/v2\/posts\/277128","targetHints":{"allow":["GET"]}}],"collection":[{"href":"https:\/\/www.europesays.com\/fr\/wp-json\/wp\/v2\/posts"}],"about":[{"href":"https:\/\/www.europesays.com\/fr\/wp-json\/wp\/v2\/types\/post"}],"author":[{"embeddable":true,"href":"https:\/\/www.europesays.com\/fr\/wp-json\/wp\/v2\/users\/2"}],"replies":[{"embeddable":true,"href":"https:\/\/www.europesays.com\/fr\/wp-json\/wp\/v2\/comments?post=277128"}],"version-history":[{"count":0,"href":"https:\/\/www.europesays.com\/fr\/wp-json\/wp\/v2\/posts\/277128\/revisions"}],"wp:featuredmedia":[{"embeddable":true,"href":"https:\/\/www.europesays.com\/fr\/wp-json\/wp\/v2\/media\/180468"}],"wp:attachment":[{"href":"https:\/\/www.europesays.com\/fr\/wp-json\/wp\/v2\/media?parent=277128"}],"wp:term":[{"taxonomy":"category","embeddable":true,"href":"https:\/\/www.europesays.com\/fr\/wp-json\/wp\/v2\/categories?post=277128"},{"taxonomy":"post_tag","embeddable":true,"href":"https:\/\/www.europesays.com\/fr\/wp-json\/wp\/v2\/tags?post=277128"}],"curies":[{"name":"wp","href":"https:\/\/api.w.org\/{rel}","templated":true}]}}