{"id":277133,"date":"2025-07-27T09:51:12","date_gmt":"2025-07-27T09:51:12","guid":{"rendered":"https:\/\/www.europesays.com\/fr\/277133\/"},"modified":"2025-07-27T09:51:12","modified_gmt":"2025-07-27T09:51:12","slug":"negociations-avancees-entre-paris-et-lucas-chevalier","status":"publish","type":"post","link":"https:\/\/www.europesays.com\/fr\/277133\/","title":{"rendered":"N\u00e9gociations avanc\u00e9es entre Paris et Lucas Chevalier"},"content":{"rendered":"<p><strong>\u00c7a chauffe &#8211; Le Paris Saint-Germain discute pour une arriv\u00e9e du gardien de but du Losc alors que Gianluigi Donnarumma serait sur le d\u00e9part<\/strong><\/p>\n<p>En y repensant, \u00e7a sonne comme une \u00e9vidence. Lors de son dernier passage par la zone mixte du Parc des Princes, en mars, <a href=\"https:\/\/www.20minutes.fr\/sport\/football\/ligue-1\/4141346-20250302-psg-losc-paris-transcendant-gagne-droit-etre-ambitieux-avant-liverpool?at_medium=RSS%20feed&amp;at_campaign=ynews&amp;utm_source=yahoo&amp;utm_medium=rss&amp;utm_campaign=news_feed&amp;utm_content=in_article_link\" rel=\"nofollow noopener\" target=\"_blank\" data-ylk=\"slk:au d\u00e9tour d\u2019une d\u00e9faite lilloise contre le PSG en Ligue 1;elm:context_link;itc:0;sec:content-canvas\" class=\"link \">au d\u00e9tour d\u2019une d\u00e9faite lilloise contre le PSG en Ligue 1<\/a>, Lucas Chevalier souriait sans nier les rumeurs qui l\u2019envoyaient d\u00e9j\u00e0 \u00e0 Paris. Pas \u00e9tonnant d\u2019apprendre du quotidien L\u2019Equipe, quelques mois plus tard, que <a href=\"https:\/\/www.lequipe.fr\/Football\/Actualites\/Mercato-lucas-chevalier-de-plus-en-plus-proche-du-psg\/1581025?at_medium=RSS%20feed&amp;at_campaign=ynews&amp;utm_source=yahoo&amp;utm_medium=rss&amp;utm_campaign=news_feed&amp;utm_content=in_article_link\" rel=\"nofollow noopener\" target=\"_blank\" data-ylk=\"slk:le gardien de but du Losc discute avec le Paris Saint-Germain;elm:context_link;itc:0;sec:content-canvas\" class=\"link \">le gardien de but du Losc discute avec le Paris Saint-Germain<\/a> d\u2019une \u00e9ventuelle arriv\u00e9e cet \u00e9t\u00e9.<\/p>\n<p>Discussions qui seraient par ailleurs bien avanc\u00e9es, bien que le dossier soit li\u00e9 \u00e0 <a href=\"https:\/\/www.20minutes.fr\/sport\/gianluigi-donnarumma\/?at_medium=RSS%20feed&amp;at_campaign=ynews&amp;utm_source=yahoo&amp;utm_medium=rss&amp;utm_campaign=news_feed&amp;utm_content=in_article_link\" rel=\"nofollow noopener\" target=\"_blank\" data-ylk=\"slk:l\u2019\u00e9pineux cas Gianluigi Donnarumma;elm:context_link;itc:0;sec:content-canvas\" class=\"link \">l\u2019\u00e9pineux cas Gianluigi Donnarumma<\/a>, grand artisan du titre en Ligue des champions et annonc\u00e9 sur le d\u00e9part dans la mesure o\u00f9 les n\u00e9gociations concernant sa prolongation n\u2019avancent pas. Un accord \u00ab\u00a0dans les grandes lignes\u00a0\u00bb aurait d\u00e9j\u00e0 \u00e9t\u00e9 trouv\u00e9 entre le PSG et Lucas Chevalier bien que des d\u00e9tails restent \u00e0 r\u00e9gler.<\/p>\n<p>Lille demande 40\u00a0millions d\u2019euros<\/p>\n<p>Pour ce qui est de l\u2019indemnit\u00e9 de transfert \u00e0 verser au club nordiste, l\u2019addition est sal\u00e9e mais ne posera pas de probl\u00e8me \u00e0 Paris\u00a0: Olivier L\u00e9tang demande 40\u00a0millions d\u2019euros pour son gardien de but de 23 ans. Quitte \u00e0 renforcer le club le plus puissant de France, autant en tirer un bon prix. Se posera ensuite pour Lille la question de la succession au poste de gardien de but.<\/p>\n<p><a href=\"https:\/\/www.20minutes.fr\/sport\/football\/mercato\/4165469-20250727-mercato-psg-negociations-avancees-entre-paris-lucas-chevalier?at_medium=RSS%20feed&amp;at_campaign=ynews&amp;utm_source=yahoo&amp;utm_medium=rss&amp;utm_campaign=news_feed&amp;utm_content=read_more_link&quot;\" rel=\"nofollow noopener\" target=\"_blank\" data-ylk=\"slk:Lire la suite sur 20minutes;elm:context_link;itc:0;sec:content-canvas\" class=\"link \">Lire la suite sur 20minutes<\/a><\/p>\n<p>\u00c0 lire aussi :<br \/><a href=\"https:\/\/www.20minutes.fr\/sport\/football\/ligue-1\/4163608-20250715-coupe-monde-clubs-2025-pactole-psg-finalement-empoche-etats-unis?at_medium=RSS%20feed&amp;at_campaign=ynews&amp;utm_source=yahoo&amp;utm_medium=rss&amp;utm_campaign=news_feed&amp;utm_content=related_content_link\" rel=\"nofollow noopener\" target=\"_blank\" data-ylk=\"slk:Coupe du monde des clubs 2025\u00a0: Quel pactole le PSG a-t-il finalement empoch\u00e9 aux Etats-Unis\u00a0?;elm:context_link;itc:0;sec:content-canvas\" class=\"link \">Coupe du monde des clubs 2025\u00a0: Quel pactole le PSG a-t-il finalement empoch\u00e9 aux Etats-Unis\u00a0?<\/a><br \/><a href=\"https:\/\/www.20minutes.fr\/sport\/football\/4163554-20250714-psg-chelsea-situation-evitable-tout-monde-risque-luis-enrique-apres-coup-sang-finale?at_medium=RSS%20feed&amp;at_campaign=ynews&amp;utm_source=yahoo&amp;utm_medium=rss&amp;utm_campaign=news_feed&amp;utm_content=related_content_link\" rel=\"nofollow noopener\" target=\"_blank\" data-ylk=\"slk:PSG - Chelsea\u00a0: \u00ab\u00a0Une situation \u00e9vitable pour tout le monde\u00a0\u00bb\u2026 Que risque Luis Enrique apr\u00e8s son coup de sang en finale\u00a0?;elm:context_link;itc:0;sec:content-canvas\" class=\"link \">PSG &#8211; Chelsea\u00a0: \u00ab\u00a0Une situation \u00e9vitable pour tout le monde\u00a0\u00bb\u2026 Que risque Luis Enrique apr\u00e8s son coup de sang en finale\u00a0?<\/a><\/p>\n","protected":false},"excerpt":{"rendered":"\u00c7a chauffe &#8211; Le Paris Saint-Germain discute pour une arriv\u00e9e du gardien de but du Losc alors que&hellip;\n","protected":false},"author":2,"featured_media":277134,"comment_status":"","ping_status":"","sticky":false,"template":"","format":"standard","meta":{"footnotes":""},"categories":[1888],"tags":[1111,1928,11,1927,1777,674,1011,27,10528,1307,2267,4668,12,1926,626,1925,41632,93,25],"class_list":{"0":"post-277133","1":"post","2":"type-post","3":"status-publish","4":"format-standard","5":"has-post-thumbnail","7":"category-paris","8":"tag-actu","9":"tag-actu-paris","10":"tag-actualites","11":"tag-actualites-paris","12":"tag-eu","13":"tag-europe","14":"tag-fr","15":"tag-france","16":"tag-gianluigi-donnarumma","17":"tag-lille","18":"tag-losc","19":"tag-lucas-chevalier","20":"tag-news","21":"tag-news-paris","22":"tag-paris","23":"tag-paris-news","24":"tag-pas-de-probleme","25":"tag-psg","26":"tag-republique-francaise"},"share_on_mastodon":{"url":"https:\/\/pubeurope.com\/@fr\/114924583848415799","error":""},"_links":{"self":[{"href":"https:\/\/www.europesays.com\/fr\/wp-json\/wp\/v2\/posts\/277133","targetHints":{"allow":["GET"]}}],"collection":[{"href":"https:\/\/www.europesays.com\/fr\/wp-json\/wp\/v2\/posts"}],"about":[{"href":"https:\/\/www.europesays.com\/fr\/wp-json\/wp\/v2\/types\/post"}],"author":[{"embeddable":true,"href":"https:\/\/www.europesays.com\/fr\/wp-json\/wp\/v2\/users\/2"}],"replies":[{"embeddable":true,"href":"https:\/\/www.europesays.com\/fr\/wp-json\/wp\/v2\/comments?post=277133"}],"version-history":[{"count":0,"href":"https:\/\/www.europesays.com\/fr\/wp-json\/wp\/v2\/posts\/277133\/revisions"}],"wp:featuredmedia":[{"embeddable":true,"href":"https:\/\/www.europesays.com\/fr\/wp-json\/wp\/v2\/media\/277134"}],"wp:attachment":[{"href":"https:\/\/www.europesays.com\/fr\/wp-json\/wp\/v2\/media?parent=277133"}],"wp:term":[{"taxonomy":"category","embeddable":true,"href":"https:\/\/www.europesays.com\/fr\/wp-json\/wp\/v2\/categories?post=277133"},{"taxonomy":"post_tag","embeddable":true,"href":"https:\/\/www.europesays.com\/fr\/wp-json\/wp\/v2\/tags?post=277133"}],"curies":[{"name":"wp","href":"https:\/\/api.w.org\/{rel}","templated":true}]}}