{"id":277135,"date":"2025-07-27T09:52:10","date_gmt":"2025-07-27T09:52:10","guid":{"rendered":"https:\/\/www.europesays.com\/fr\/277135\/"},"modified":"2025-07-27T09:52:10","modified_gmt":"2025-07-27T09:52:10","slug":"les-collegiens-de-seine-saint-denis-pourront-finalement-postuler-au-lycee-bergson-a-paris","status":"publish","type":"post","link":"https:\/\/www.europesays.com\/fr\/277135\/","title":{"rendered":"Les coll\u00e9giens de Seine-Saint-Denis pourront finalement postuler au lyc\u00e9e Bergson \u00e0 Paris"},"content":{"rendered":"<p>Des familles de coll\u00e9giens de Seine-Saint-Denis, refus\u00e9s dans une classe de seconde \u201cSciences Po\u201d d\u2019un lyc\u00e9en parisien et qui contestaient un changement des r\u00e8gles d\u2019admission, pourront finalement y acc\u00e9der dans le respect des crit\u00e8res de s\u00e9lection sur dossier, a indiqu\u00e9 vendredi le minist\u00e8re de l\u2019Education \u00e0 l\u2019AFP.<\/p>\n<p>Les familles de sept coll\u00e9giens de Pantin et des Lilas avaient saisi la semaine derni\u00e8re le tribunal administratif de Paris en r\u00e9f\u00e9r\u00e9 contre le rectorat de Paris.<\/p>\n<p>Ces \u00e9l\u00e8ves avaient postul\u00e9 pour un cursus sp\u00e9cifique du lyc\u00e9e Bergson, dans le 19e arrondissement de Paris, qui s\u2019inscrit dans le cadre d\u2019une convention \u201c\u00c9ducation prioritaire\u201d entre ce lyc\u00e9e et Sciences Po Paris.<\/p>\n<p>\u201cMais cette ann\u00e9e, contre toute attente, la tr\u00e8s grande majorit\u00e9 des \u00e9l\u00e8ves s\u00e9lectionn\u00e9s, tous r\u00e9sidant en Seine-Saint-Denis, ont vu leur affectation refus\u00e9e par le rectorat de Paris, au nom d\u2019une circulaire restrictive diffus\u00e9e apr\u00e8s la cl\u00f4ture officielle des candidatures\u201d, explique le collectif des familles dans une lettre ouverte adress\u00e9e \u00e0 Elisabeth Borne.<\/p>\n<p>\u201cCelle-ci r\u00e9servait soudainement le cursus aux seuls \u00e9l\u00e8ves parisiens. Une d\u00e9cision unilat\u00e9rale, opaque, sans concertation, ni information pr\u00e9alable aux familles\u201d, pr\u00e9cise-t-il.<\/p>\n<p>Dans sa lettre, sign\u00e9e par plus de 40 enseignants et \u00e9lus de Seine-Saint-Denis et Paris (St\u00e9phane Troussel, pr\u00e9sident socialiste du Conseil d\u00e9partement de la Seine-Saint-Denis, Alexis Corbi\u00e8re, d\u00e9put\u00e9 ex LFI de la Seine-Saint-Denis, Yannick Jadot, s\u00e9nateur \u00e9cologiste, David Belliard, adjoint \u00e9cologiste \u00e0 la maire de Paris\u2026), le collectif demandait \u00e0 la ministre \u201cd\u2019intervenir pour r\u00e9tablir une situation injuste\u201d.<\/p>\n<p>\u201cL\u2019\u00e9cole publique a pour vocation d\u2019\u00eatre un ascenseur social, un lieu d\u2019ouverture et de confiance. Mon minist\u00e8re est pleinement engag\u00e9 en faveur de l\u2019\u00e9galit\u00e9 des chances et de la mobilit\u00e9 sociale\u201d, a r\u00e9agi vendredi la ministre Elisabeth Borne dans une d\u00e9claration transmise \u00e0 l\u2019AFP.<\/p>\n<p>\u201cJ\u2019ai demand\u00e9 \u00e0 mes services de r\u00e9tablir la possibilit\u00e9 pour les \u00e9l\u00e8ves de Seine-Saint-Denis d\u2019acc\u00e9der \u00e0 la classe Sciences Po de ce lyc\u00e9e, dans le respect des crit\u00e8res de s\u00e9lection sur dossier\u201d, a-t-elle ajout\u00e9, disant vouloir \u201cveiller \u00e0 ce que notre syst\u00e8me \u00e9ducatif favorise les ponts et les coop\u00e9rations entre territoires\u201d.<\/p>\n<p>La ministre a pr\u00e9cis\u00e9 avoir demand\u00e9 le r\u00e9examen de \u201cla situation des \u00e9l\u00e8ves de Seine-Saint-Denis qui auraient pu acc\u00e9der \u00e0 cette classe si les r\u00e8gles n\u2019avaient pas \u00e9t\u00e9 modifi\u00e9es\u201d.<\/p>\n","protected":false},"excerpt":{"rendered":"Des familles de coll\u00e9giens de Seine-Saint-Denis, refus\u00e9s dans une classe de seconde \u201cSciences Po\u201d d\u2019un lyc\u00e9en parisien et&hellip;\n","protected":false},"author":2,"featured_media":277136,"comment_status":"","ping_status":"","sticky":false,"template":"","format":"standard","meta":{"footnotes":""},"categories":[1888],"tags":[11,1057,41633,5757,11271,1777,674,1011,27,2633,41634,12,25668,626,36972,25,1945,15051],"class_list":{"0":"post-277135","1":"post","2":"type-post","3":"status-publish","4":"format-standard","5":"has-post-thumbnail","7":"category-paris","8":"tag-actualites","9":"tag-education","10":"tag-egalite-des-chances","11":"tag-elisabeth-borne","12":"tag-enseignants","13":"tag-eu","14":"tag-europe","15":"tag-fr","16":"tag-france","17":"tag-lycee","18":"tag-ministere-de-leducation","19":"tag-news","20":"tag-pantin","21":"tag-paris","22":"tag-rectorat","23":"tag-republique-francaise","24":"tag-seine-saint-denis","25":"tag-tribunal-administratif"},"share_on_mastodon":{"url":"https:\/\/pubeurope.com\/@fr\/114924587867321339","error":""},"_links":{"self":[{"href":"https:\/\/www.europesays.com\/fr\/wp-json\/wp\/v2\/posts\/277135","targetHints":{"allow":["GET"]}}],"collection":[{"href":"https:\/\/www.europesays.com\/fr\/wp-json\/wp\/v2\/posts"}],"about":[{"href":"https:\/\/www.europesays.com\/fr\/wp-json\/wp\/v2\/types\/post"}],"author":[{"embeddable":true,"href":"https:\/\/www.europesays.com\/fr\/wp-json\/wp\/v2\/users\/2"}],"replies":[{"embeddable":true,"href":"https:\/\/www.europesays.com\/fr\/wp-json\/wp\/v2\/comments?post=277135"}],"version-history":[{"count":0,"href":"https:\/\/www.europesays.com\/fr\/wp-json\/wp\/v2\/posts\/277135\/revisions"}],"wp:featuredmedia":[{"embeddable":true,"href":"https:\/\/www.europesays.com\/fr\/wp-json\/wp\/v2\/media\/277136"}],"wp:attachment":[{"href":"https:\/\/www.europesays.com\/fr\/wp-json\/wp\/v2\/media?parent=277135"}],"wp:term":[{"taxonomy":"category","embeddable":true,"href":"https:\/\/www.europesays.com\/fr\/wp-json\/wp\/v2\/categories?post=277135"},{"taxonomy":"post_tag","embeddable":true,"href":"https:\/\/www.europesays.com\/fr\/wp-json\/wp\/v2\/tags?post=277135"}],"curies":[{"name":"wp","href":"https:\/\/api.w.org\/{rel}","templated":true}]}}