{"id":277143,"date":"2025-07-27T09:56:16","date_gmt":"2025-07-27T09:56:16","guid":{"rendered":"https:\/\/www.europesays.com\/fr\/277143\/"},"modified":"2025-07-27T09:56:16","modified_gmt":"2025-07-27T09:56:16","slug":"un-appel-a-la-pitie-qui-derange","status":"publish","type":"post","link":"https:\/\/www.europesays.com\/fr\/277143\/","title":{"rendered":"Un appel \u00e0 la piti\u00e9 qui d\u00e9range"},"content":{"rendered":"<p class=\"lead textModule textModule--type-lead \" style=\"\">L\u2019appel est survenu en janvier, au lendemain de l\u2019investiture de Donald Trump, alors que le politicien savourait son retour \u00e0 la pr\u00e9sidence apr\u00e8s une longue travers\u00e9e du d\u00e9sert.<\/p>\n<p>                    Publi\u00e9 \u00e0 5\u00a0h\u00a000<\/p>\n<p>    <a class=\"print\" href=\"https:\/\/www.lapresse.ca\/international\/etats-unis\/droite-americaine\/l-empathie-un-peche\/2025-07-27\/javascript:window.print();\" title=\"Imprimer la page\" rel=\"nofollow noopener\" target=\"_blank\"><\/p>\n<p>        <img loading=\"lazy\" decoding=\"async\" width=\"16\" height=\"18\" src=\"https:\/\/www.europesays.com\/fr\/wp-content\/uploads\/2025\/04\/share-icon.png\" alt=\"Partager\"\/><\/p>\n<p class=\"paragraph textModule textModule--type-paragraph \" style=\"\">\u00ab\u00a0Je vous demande d\u2019avoir piti\u00e9 des gens de notre pays qui ont peur en ce moment\u00a0\u00bb, a lanc\u00e9 \u00e0 l\u2019issue de son sermon l\u2019\u00e9v\u00eaque protestante Mariann Edgar Budde en \u00e9voquant express\u00e9ment les immigrants en situation irr\u00e9guli\u00e8re et les personnes transgenres.<\/p>\n<p>    <video id=\"video-6885f7b9519b3\" class=\"video-js vjs-default-skin vjs-fluid vjs-big-play-centered&#10;                 vjs-16-9&#10;                \" data-article-ids=\"[\" data-video-id=\"a03d2085e2f342f8b97e4d8434547155\" data-video-title=\"Extrait du sermon de l\u2019\u00e9v\u00eaque Mariann Budde\" data-video-should-skip-pub=\"true\" data-video-duration=\"64\" data-video-ad-keywords=\"video61-90\" data-video-position=\"2\" data-page-type=\"article\" data-page-view=\"desktop\" data-is-header=\"false\" poster=\"https:\/\/mobile-img.lpcdn.ca\/v2\/828x\/r6b66\/53dceafafcdc37e4af677163e10d555f.jpg\" data-video-encodings=\"{\" application=\"\" data-controls=\"true\" data-muted=\"false\" data-autoplay-setting=\"NO_AUTOPLAY\" data-loop=\"false\" controls=\"\" width=\"654\" height=\"367\"><br \/>\n        D\u00e9sol\u00e9, votre navigateur ne supporte pas les videos<br \/>\n    <\/video>\n<\/p>\n<p class=\"paragraph textModule textModule--type-paragraph \" style=\"\">Le nouveau chef d\u2019\u00c9tat, visiblement agac\u00e9, n\u2019a pas mis de temps \u00e0 la pourfendre, soulignant qu\u2019elle n\u2019\u00e9tait rien de plus qu\u2019une \u00ab\u00a0gauchiste radicale\u00a0\u00bb motiv\u00e9e par la haine plut\u00f4t que par la compassion.<\/p>\n<p>                                        <img decoding=\"async\" src=\"https:\/\/www.europesays.com\/fr\/wp-content\/uploads\/2025\/07\/72df2df742cf32f3944186df2edadbbb.jpg\" alt=\"\" class=\"photoModule__visual\" itemprop=\"contentUrl url\"\/><\/p>\n<p class=\"description photoModule__caption photoModule__caption--description\" style=\"\">\n                    La suppos\u00e9e \u00e9v\u00eaque qui a parl\u00e9 au service de pri\u00e8re national mardi est une gauchiste radicale qui d\u00e9teste Trump. Elle a fait entrer son \u00e9glise dans le monde de la politique d\u2019une mani\u00e8re extr\u00eamement in\u00e9l\u00e9gante. Elle \u00e9tait m\u00e9chante, et pas du tout convaincante ou \u00e9loquente. Elle n\u2019a pas mentionn\u00e9 le nombre important d\u2019immigrants ill\u00e9gaux qui sont entr\u00e9s dans notre pays et qui ont tu\u00e9 des gens. Plusieurs venaient de prisons ou d\u2019institutions psychiatriques. Une gigantesque vague de criminalit\u00e9 frappe les \u00c9tats-Unis. Outre ses commentaires inappropri\u00e9s, la messe \u00e9tait profond\u00e9ment ennuyante et peu inspirante. Elle n\u2019est pas tr\u00e8s dou\u00e9e pour son travail\u00a0! Son \u00e9glise et elle doivent des excuses au public\u00a0!\n                <\/p>\n<p class=\"paragraph textModule textModule--type-paragraph \" style=\"\">D\u2019autres voix de la communaut\u00e9 protestante ont pris le relais pour d\u00e9fendre le politicien et son administration et d\u00e9peindre le discours de l\u2019\u00e9v\u00eaque de 65\u00a0ans comme une illustration des p\u00e9rils de l\u2019empathie.<\/p>\n<p class=\"paragraph textModule textModule--type-paragraph \" style=\"\">Joe Rigney, professeur de th\u00e9ologie rattach\u00e9 au New Saint Andrews College, un \u00e9tablissement chr\u00e9tien de l\u2019Idaho, est all\u00e9 jusqu\u2019\u00e0 parler de \u00ab\u00a0p\u00e9ch\u00e9\u00a0\u00bb dans une publication \u00e9vang\u00e9lique.<\/p>\n<p class=\"paragraph textModule textModule--type-paragraph \" style=\"\">La capacit\u00e9 des femmes d\u2019appr\u00e9hender et de partager les \u00e9motions d\u2019autrui, qui est, affirme-t-il, plus grande que celle des hommes, peut repr\u00e9senter une \u00ab\u00a0b\u00e9n\u00e9diction\u00a0\u00bb dans certains cas, mais une damnation dans d\u2019autres.<\/p>\n<p>                                        <img decoding=\"async\" src=\"https:\/\/www.europesays.com\/fr\/wp-content\/uploads\/2025\/07\/4353f301abe6324c8ebfd2ab952bb8d4.jpg\" alt=\"\" class=\"photoModule__visual\" itemprop=\"contentUrl url\"\/><\/p>\n<p class=\"credit photoModule__caption photoModule__caption--credit\" style=\"\">\n                    PHOTO TIR\u00c9E DU SITE WEB DU NEW SAINT ANDREWS COLLEGE\n                <\/p>\n<p class=\"description photoModule__caption photoModule__caption--description\" style=\"\">\n                    Joe Rigney, professeur de th\u00e9ologie rattach\u00e9 au New Saint Andrews College\n                <\/p>\n<p class=\"quoteText\" style=\"\">Lorsqu\u2019il est question de faire respecter les standards de justice, l\u2019empathie est une nuisance, pas un atout.<\/p>\n<p class=\"quoteSource\" style=\"\">\n            Joe Rigney, professeur de th\u00e9ologie rattach\u00e9\u00a0au\u00a0New Saint Andrews College, dans une publication \u00e9vang\u00e9lique\n        <\/p>\n<p class=\"paragraph textModule textModule--type-paragraph \" style=\"\">M.\u00a0Rigney a \u00e9galement avanc\u00e9 que les hommes \u00e9taient mieux plac\u00e9s que les femmes pour prot\u00e9ger la population contre les \u00ab\u00a0menaces physiques, mais aussi spirituelles\u00a0\u00bb.<\/p>\n<p class=\"paragraph textModule textModule--type-paragraph \" style=\"\">Il est revenu \u00e0 la charge un mois plus tard en publiant un livre intitul\u00e9 Le p\u00e9ch\u00e9 de l\u2019empathie r\u00e9cemment \u00e9pingl\u00e9 par le quotidien The Guardian dans un long article sur le ph\u00e9nom\u00e8ne.<\/p>\n<p class=\"paragraph textModule textModule--type-paragraph \" style=\"\">L\u2019auteur avance que l\u2019empathie peut devenir un p\u00e9ch\u00e9 si elle outrepasse \u00ab\u00a0la v\u00e9rit\u00e9 biblique\u00a0\u00bb sur des questions comme l\u2019homosexualit\u00e9 et l\u2019identit\u00e9 de genre.<\/p>\n<p class=\"paragraph textModule textModule--type-paragraph \" style=\"\">Les textes sacr\u00e9s soulignent, conc\u00e8de-t-il, qu\u2019il est n\u00e9cessaire de veiller sur son prochain, mais les croyants doivent prendre garde de ne pas se laisser emporter par un \u00ab\u00a0exc\u00e8s de compassion\u00a0\u00bb susceptible de \u00ab\u00a0leur faire perdre pied\u00a0\u00bb.<\/p>\n<p class=\"paragraph textModule textModule--type-paragraph \" style=\"\">Le croyant revient \u00e0 la charge sur le r\u00f4le des femmes, arguant que les politiques progressistes qu\u2019il d\u00e9nonce en mati\u00e8re de lutte contre la criminalit\u00e9 ou de gestion de l\u2019immigration d\u00e9coulent d\u2019une \u00ab\u00a0culture de la victime\u00a0\u00bb li\u00e9e \u00e0 une \u00ab\u00a0empathie f\u00e9minine toxique\u00a0\u00bb.<\/p>\n<p class=\"paragraph textModule textModule--type-paragraph \" style=\"\">Tout en \u00e9vitant ces envol\u00e9es misogynes, une populaire animatrice de balado s\u2019identifiant comme chr\u00e9tienne \u00e9vang\u00e9lique reprend des th\u00e8ses similaires dans un autre livre r\u00e9cent intitul\u00e9 L\u2019empathie toxique \u2013 Comment les progressistes exploitent la compassion chr\u00e9tienne.<\/p>\n<p class=\"paragraph textModule textModule--type-paragraph \" style=\"\">Allie Beth Stuckey affirme que les manifestations empathiques peuvent repr\u00e9senter ni plus ni moins que des actes \u00ab\u00a0haineux\u00a0\u00bb s\u2019ils d\u00e9rogent aux enseignements bibliques.<\/p>\n<p>                                        <img decoding=\"async\" src=\"https:\/\/www.europesays.com\/fr\/wp-content\/uploads\/2025\/07\/ec22846b0a95343d8a1d7c37ae1b34ea.jpg\" alt=\"\" class=\"photoModule__visual\" itemprop=\"contentUrl url\"\/><\/p>\n<p class=\"credit photoModule__caption photoModule__caption--credit\" style=\"\">\n                    PHOTO SAM HODDE, ARCHIVES THE WASHINGTON POST\n                <\/p>\n<p class=\"description photoModule__caption photoModule__caption--description\" style=\"\">\n                    Allie Beth Stuckey prend la parole lors d\u2019une conf\u00e9rence.\n                <\/p>\n<p class=\"quoteText\" style=\"\">Oui, l\u2019empathie toxique est satanique\u2026 Elle rend ses victimes faibles d\u2019esprit et fragiles en les convainquant que la lutte contre le mal est m\u00e9chante et que la bont\u00e9 peut se substituer \u00e0 l\u2019ob\u00e9issance envers Dieu.<\/p>\n<p class=\"quoteSource\" style=\"\">\n            Allie Beth Stuckey, dans son livre L\u2019empathie toxique \u2013 Comment les progressistes exploitent la compassion chr\u00e9tienne\n        <\/p>\n<p class=\"paragraph textModule textModule--type-paragraph \" style=\"\">L\u2019auteure passe en revue plusieurs enjeux de soci\u00e9t\u00e9 en reprenant dans chaque cas, exemples \u00e0 l\u2019appui, la m\u00eame structure argumentaire.<\/p>\n<p class=\"paragraph textModule textModule--type-paragraph \" style=\"\">Dans le cas de l\u2019avortement, par exemple, elle constate qu\u2019on peut s\u2019\u00e9mouvoir de la situation d\u2019une femme qui apprend tardivement qu\u2019elle porte un f\u0153tus malform\u00e9 et ne pourra obtenir un avortement.<\/p>\n<p class=\"paragraph textModule textModule--type-paragraph \" style=\"\">La v\u00e9ritable empathie doit cependant aller au f\u0153tus, d\u00e9crit comme un \u00eatre humain \u00e0 part enti\u00e8re qui est \u00ab\u00a0assassin\u00e9\u00a0\u00bb en cas d\u2019interruption volontaire de grossesse. Elle d\u00e9crit ensuite longuement les proc\u00e9dures inh\u00e9rentes \u00e0 un avortement tardif, allant jusqu\u2019\u00e0 \u00e9tablir un lien quasi direct entre la r\u00e9gulation des naissances, l\u2019eug\u00e9nisme et le nazisme.<\/p>\n<p class=\"paragraph textModule textModule--type-paragraph \" style=\"\">Sur la question de l\u2019identit\u00e9 de genre, elle note que les croyants ne doivent pas oublier que \u00ab\u00a0nos corps ont \u00e9t\u00e9 con\u00e7us de certaines fa\u00e7ons\u00a0\u00bb et que le fait de le rejeter \u00ab\u00a0a un co\u00fbt important\u00a0\u00bb, peu importe la sympathie ressentie pour des personnes \u00ab\u00a0souffrant de confusion\u00a0\u00bb \u00e0 ce sujet.<\/p>\n<p class=\"paragraph textModule textModule--type-paragraph \" style=\"\">Sur l\u2019immigration, l\u2019auteure note qu\u2019on peut s\u2019\u00e9mouvoir d\u2019une m\u00e8re d\u2019origine mexicaine \u00e9tablie de longue date qui est renvoy\u00e9e au Mexique et forc\u00e9e de vivre loin de ses enfants. Il faut cependant aussi prendre en compte, dit-elle, les meurtres sordides li\u00e9s \u00e0 des migrants sans papiers et consid\u00e9rer que Dieu demande que les choses soient ordonn\u00e9es, y compris les fronti\u00e8res.<\/p>\n<p class=\"paragraph textModule textModule--type-paragraph \" style=\"\">\u00ab\u00a0Il faut montrer de l\u2019empathie, mais seulement la \u201cbonne\u201d sorte d\u2019empathie\u00a0\u00bb, conclut Mme\u00a0Stuckey.<\/p>\n<p class=\"paragraph textModule textModule--type-paragraph \" style=\"\">Susan Lanzoni, historienne des sciences qui a \u00e9crit un livre sur l\u2019histoire de l\u2019empathie, note qu\u2019elle est g\u00e9n\u00e9ralement jug\u00e9e positive et susceptible de mener \u00e0 des actions louables.<\/p>\n<p class=\"paragraph textModule textModule--type-paragraph \" style=\"\">La connotation n\u00e9gative que certains auteurs veulent aujourd\u2019hui lui associer semble avoir pour objectif d\u2019\u00e9touffer la compassion pouvant \u00eatre \u00e9prouv\u00e9e pour les victimes des politiques de l\u2019administration Trump.<\/p>\n<p class=\"paragraph textModule textModule--type-paragraph \" style=\"\">\u00ab\u00a0Ces politiques visent manifestement \u00e0 vilipender certains groupes de la population. Renoncer \u00e0 l\u2019empathie dans ce contexte est un pi\u00e8ge qui peut nous mener collectivement sur un chemin dangereux\u00a0\u00bb, pr\u00e9vient-elle.<\/p>\n<p class=\"paragraph textModule textModule--type-paragraph \" style=\"\">John Compton, professeur de science politique qui a \u00e9crit en 2020 un ouvrage intitul\u00e9 The End of Empathy\u00a0: Why White Protestants Stopped Loving Their Neighbors, est aussi d\u2019avis que les \u00e9crits r\u00e9cents sur l\u2019impact potentiellement n\u00e9gatif de l\u2019empathie ont des vis\u00e9es politiques.<\/p>\n<p class=\"paragraph textModule textModule--type-paragraph \" style=\"\">Pr\u00e8s de 80\u00a0% des croyants li\u00e9s aux \u00e9glises protestantes \u00e9vang\u00e9liques ont vot\u00e9 pour Donald Trump. Beaucoup sont susceptibles, en voyant les politiques les plus dures de l\u2019administration, de ressentir une forme de \u00ab\u00a0dissonance cognitive\u00a0\u00bb par rapport aux enseignements chr\u00e9tiens traditionnels pr\u00f4nant l\u2019amour de son prochain, rel\u00e8ve le chercheur.<\/p>\n<p class=\"quoteText\" style=\"\">L\u2019id\u00e9e que l\u2019empathie est dangereuse est vraiment \u00e9loign\u00e9e de ce qu\u2019on associe \u00e0 la chr\u00e9tient\u00e9\u2026 Il para\u00eet difficile dans ce contexte de trouver des arguments th\u00e9ologiques appuyant cette vision des choses.<\/p>\n<p class=\"quoteSource\" style=\"\">\n            John Compton, professeur de science politique\n        <\/p>\n<p>                                        <img decoding=\"async\" src=\"https:\/\/www.europesays.com\/fr\/wp-content\/uploads\/2025\/07\/e055ed1e7bc1378f83407ea2d06775c5.jpg\" alt=\"\" class=\"photoModule__visual\" itemprop=\"contentUrl url\"\/><\/p>\n<p class=\"credit photoModule__caption photoModule__caption--credit\" style=\"\">\n                    PHOTO HAIYUN JIANG, ARCHIVES THE NEW YORK TIMES\n                <\/p>\n<p class=\"description photoModule__caption photoModule__caption--description\" style=\"\">\n                    Le vice-pr\u00e9sident J.D.\u00a0Vance\n                <\/p>\n<p class=\"paragraph textModule textModule--type-paragraph \" style=\"\">Le vice-pr\u00e9sident J.D.\u00a0Vance, qui s\u2019est converti au catholicisme, a montr\u00e9 que l\u2019exercice est p\u00e9rilleux en tentant d\u2019\u00e9voquer un concept th\u00e9ologique datant du Moyen\u00a0\u00c2ge pour d\u00e9fendre l\u2019id\u00e9e qu\u2019il est appropri\u00e9 de traiter des migrants moins g\u00e9n\u00e9reusement que ses voisins, les membres de sa communaut\u00e9 imm\u00e9diate et de son pays. Le pape Fran\u00e7ois l\u2019a rabrou\u00e9 publiquement \u00e0 ce sujet peu de temps avant sa mort.<\/p>\n<p>                    La croyance \u00e0 la carte<\/p>\n<p class=\"paragraph textModule textModule--type-paragraph \" style=\"\">Il faut prendre garde, note M.\u00a0Compton, de ne pas exag\u00e9rer la port\u00e9e des livres r\u00e9cemment parus \u00e0 ce sujet ou leur influence potentielle, en particulier chez les protestants \u00e9vang\u00e9liques.<\/p>\n<p class=\"paragraph textModule textModule--type-paragraph \" style=\"\">Les \u00c9glises protestantes traditionnelles qui pr\u00e9valaient dans la premi\u00e8re moiti\u00e9 du XXe\u00a0si\u00e8cle ont jou\u00e9 un r\u00f4le important sur le plan social en promouvant des r\u00e9formes marquantes pour lutter contre les in\u00e9galit\u00e9s sociales.<\/p>\n<p class=\"paragraph textModule textModule--type-paragraph \" style=\"\">Elles ont cependant perdu beaucoup d\u2019influence dans les ann\u00e9es\u00a01960, c\u00e9dant du terrain face aux \u00c9glises \u00e9vang\u00e9liques qui permettent une pratique plus \u00ab\u00a0personnelle\u00a0\u00bb de la religion, moins contraignante que celles des \u00c9glises traditionnelles.<\/p>\n<p class=\"paragraph textModule textModule--type-paragraph \" style=\"\">\u00ab\u00a0Aujourd\u2019hui, c\u2019est le consommateur qui d\u00e9cide. Si une personne n\u2019aime pas ce que dit un pasteur, elle va aller voir ailleurs\u00a0\u00bb, rel\u00e8ve le chercheur.<\/p>\n<p class=\"paragraph textModule textModule--type-paragraph \" style=\"\">L\u2019\u00e9volution id\u00e9ologique de ces \u00c9glises, qui ont progressivement gliss\u00e9 vers la droite, refl\u00e8te d\u2019abord et avant tout l\u2019\u00e9volution des positions de la population blanche sans \u00e9ducation universitaire, dit-il.<\/p>\n<p class=\"paragraph textModule textModule--type-paragraph \" style=\"\">Elles ont suivi plut\u00f4t que dict\u00e9 la ligne de pens\u00e9e, validant des tendances individualistes qui trouvent \u00e9cho dans de nombreuses politiques d\u00e9fendues par l\u2019administration Trump.<\/p>\n<p class=\"paragraph textModule textModule--type-paragraph \" style=\"\">L\u2019engagement social est aujourd\u2019hui plus un choix personnel qu\u2019un diktat venu de leaders religieux, note M.\u00a0Compton, qui ne s\u2019\u00e9tonne pas, dans ce contexte, de voir des personnes se centrer sur leurs propres besoins sans \u00e9gard \u00e0 ce qui peut arriver aux personnes marginalis\u00e9es.<\/p>\n<p class=\"paragraph textModule textModule--type-paragraph \" style=\"\">\u00ab\u00a0Je suis plut\u00f4t un pessimiste en ce qui a trait \u00e0 la nature humaine\u00a0\u00bb, dit-il.<\/p>\n","protected":false},"excerpt":{"rendered":"L\u2019appel est survenu en janvier, au lendemain de l\u2019investiture de Donald Trump, alors que le politicien savourait son&hellip;\n","protected":false},"author":2,"featured_media":277144,"comment_status":"","ping_status":"","sticky":false,"template":"","format":"standard","meta":{"footnotes":""},"categories":[1589],"tags":[11,73,1866,12,1864,1865,1863,308],"class_list":{"0":"post-277143","1":"post","2":"type-post","3":"status-publish","4":"format-standard","5":"has-post-thumbnail","7":"category-etats-unis","8":"tag-actualites","9":"tag-etats-unis","10":"tag-etats-unis-damerique","11":"tag-news","12":"tag-united-states","13":"tag-united-states-of-america","14":"tag-us","15":"tag-usa"},"share_on_mastodon":{"url":"https:\/\/pubeurope.com\/@fr\/114924603645949079","error":""},"_links":{"self":[{"href":"https:\/\/www.europesays.com\/fr\/wp-json\/wp\/v2\/posts\/277143","targetHints":{"allow":["GET"]}}],"collection":[{"href":"https:\/\/www.europesays.com\/fr\/wp-json\/wp\/v2\/posts"}],"about":[{"href":"https:\/\/www.europesays.com\/fr\/wp-json\/wp\/v2\/types\/post"}],"author":[{"embeddable":true,"href":"https:\/\/www.europesays.com\/fr\/wp-json\/wp\/v2\/users\/2"}],"replies":[{"embeddable":true,"href":"https:\/\/www.europesays.com\/fr\/wp-json\/wp\/v2\/comments?post=277143"}],"version-history":[{"count":0,"href":"https:\/\/www.europesays.com\/fr\/wp-json\/wp\/v2\/posts\/277143\/revisions"}],"wp:featuredmedia":[{"embeddable":true,"href":"https:\/\/www.europesays.com\/fr\/wp-json\/wp\/v2\/media\/277144"}],"wp:attachment":[{"href":"https:\/\/www.europesays.com\/fr\/wp-json\/wp\/v2\/media?parent=277143"}],"wp:term":[{"taxonomy":"category","embeddable":true,"href":"https:\/\/www.europesays.com\/fr\/wp-json\/wp\/v2\/categories?post=277143"},{"taxonomy":"post_tag","embeddable":true,"href":"https:\/\/www.europesays.com\/fr\/wp-json\/wp\/v2\/tags?post=277143"}],"curies":[{"name":"wp","href":"https:\/\/api.w.org\/{rel}","templated":true}]}}