{"id":277146,"date":"2025-07-27T09:58:11","date_gmt":"2025-07-27T09:58:11","guid":{"rendered":"https:\/\/www.europesays.com\/fr\/277146\/"},"modified":"2025-07-27T09:58:11","modified_gmt":"2025-07-27T09:58:11","slug":"lallemagne-defend-a-nouveau-le-thermique-2","status":"publish","type":"post","link":"https:\/\/www.europesays.com\/fr\/277146\/","title":{"rendered":"L\u2019Allemagne d\u00e9fend \u00e0 nouveau le thermique"},"content":{"rendered":"<p>Un mod\u00e8le \u00ab\u202f\u00e0 la <a href=\"https:\/\/www.20minutes.fr\/dossier\/belge\" class=\"color-ultramarine c-link\" rel=\"nofollow noopener\" target=\"_blank\">belge<\/a>\u202f\u00bb pour toute l\u2019Europe\u202f? C\u2019est ce que rapporte le journal allemand Bild, qui tiendrait l\u2019information de sources anonymes au sein de l\u2019institution. Mais \u00e0 la diff\u00e9rence de la <a href=\"https:\/\/www.20minutes.fr\/dossier\/belgique\" class=\"color-ultramarine c-link\" rel=\"nofollow noopener\" target=\"_blank\">Belgique<\/a>, o\u00f9 les entreprises sont incit\u00e9es \u00e0 adopter la voiture \u00e9lectrique au moyen de cons\u00e9quents avantages fiscaux, l\u2019id\u00e9e de la <a href=\"https:\/\/www.20minutes.fr\/dossier\/commission\" class=\"color-ultramarine c-link\" rel=\"nofollow noopener\" target=\"_blank\">Commission<\/a> serait de purement et simplement interdire aux entreprises de location, de leasing et aux grandes flottes d\u2019acheter des v\u00e9hicules \u00e0 moteur <a href=\"https:\/\/www.20minutes.fr\/magazine\/isolation-thermique-mag\/\" class=\"color-ultramarine c-link\" rel=\"nofollow noopener\" target=\"_blank\">thermique<\/a>.<\/p>\n<p>L\u2019\u00e9ch\u00e9ance\u202f? 2030, soit cinq ans avant la fameuse date butoir de 2035. Cette proposition, qui vise \u00e0 acc\u00e9l\u00e9rer la transition \u00e9lectrique de l\u2019Europe, est en cours d\u2019\u00e9laboration pour \u00eatre pr\u00e9sent\u00e9e \u00e0 la fin de l\u2019\u00e9t\u00e9, affirme le journal. Mais d\u00e9j\u00e0, \u00e7a coince.<\/p>\n<p>Merz dit non<\/p>\n<p>D\u00e8s la publication de cette information, le chancelier allemand Friedrich Merz a critiqu\u00e9 la proposition\u202f: \u00ab\u202fCela passe compl\u00e8tement \u00e0 c\u00f4t\u00e9 des besoins communs de l\u2019Europe\u202f\u00bb, a-t-il d\u00e9clar\u00e9, rappelant que l\u2019industrie automobile \u00e9tait l\u2019une des plus importantes du continent. Il a ajout\u00e9 que se concentrer sur une seule technologie, qui ne serait pas suffisamment m\u00fbre \u00e0 une date d\u00e9finie, pourrait d\u00e9truire cette industrie. <\/p>\n<p>\u00ab\u202fNous devons rester ouverts \u00e0 d\u2019autres technologies. L\u2019Europe n\u2019est pas assez ouverte, pas assez rapide, pas assez dynamique, et je veux aider \u00e0 changer cela\u202f\u00bb, a-t-il conclu. Des d\u00e9clarations qui vont dans le m\u00eame sens que celles tenues r\u00e9cemment par les patrons de <a href=\"https:\/\/www.20minutes.fr\/dossier\/bmw\" class=\"color-ultramarine c-link\" rel=\"nofollow noopener\" target=\"_blank\">BMW<\/a> et <a href=\"https:\/\/www.20minutes.fr\/dossier\/mercedes\" class=\"color-ultramarine c-link\" rel=\"nofollow noopener\" target=\"_blank\">Mercedes<\/a>\u202f: ces derniers se montrent de plus en plus certains que l\u2019Europe finira par annuler cette \u00e9ch\u00e9ance de 2035. \u00c0 suivre\u2026<\/p>\n","protected":false},"excerpt":{"rendered":"Un mod\u00e8le \u00ab\u202f\u00e0 la belge\u202f\u00bb pour toute l\u2019Europe\u202f? C\u2019est ce que rapporte le journal allemand Bild, qui tiendrait&hellip;\n","protected":false},"author":2,"featured_media":277147,"comment_status":"","ping_status":"","sticky":false,"template":"","format":"standard","meta":{"footnotes":""},"categories":[1587],"tags":[47,11,672,646,1804,1805,1803,1777,674,1801,12,1802],"class_list":{"0":"post-277146","1":"post","2":"type-post","3":"status-publish","4":"format-standard","5":"has-post-thumbnail","7":"category-allemagne","8":"tag-actualite","9":"tag-actualites","10":"tag-allemagne","11":"tag-automobile","12":"tag-bundesrepublik-deutschland","13":"tag-de","14":"tag-deutschland","15":"tag-eu","16":"tag-europe","17":"tag-germany","18":"tag-news","19":"tag-republique-federale-dallemagne"},"share_on_mastodon":{"url":"https:\/\/pubeurope.com\/@fr\/114924611449994633","error":""},"_links":{"self":[{"href":"https:\/\/www.europesays.com\/fr\/wp-json\/wp\/v2\/posts\/277146","targetHints":{"allow":["GET"]}}],"collection":[{"href":"https:\/\/www.europesays.com\/fr\/wp-json\/wp\/v2\/posts"}],"about":[{"href":"https:\/\/www.europesays.com\/fr\/wp-json\/wp\/v2\/types\/post"}],"author":[{"embeddable":true,"href":"https:\/\/www.europesays.com\/fr\/wp-json\/wp\/v2\/users\/2"}],"replies":[{"embeddable":true,"href":"https:\/\/www.europesays.com\/fr\/wp-json\/wp\/v2\/comments?post=277146"}],"version-history":[{"count":0,"href":"https:\/\/www.europesays.com\/fr\/wp-json\/wp\/v2\/posts\/277146\/revisions"}],"wp:featuredmedia":[{"embeddable":true,"href":"https:\/\/www.europesays.com\/fr\/wp-json\/wp\/v2\/media\/277147"}],"wp:attachment":[{"href":"https:\/\/www.europesays.com\/fr\/wp-json\/wp\/v2\/media?parent=277146"}],"wp:term":[{"taxonomy":"category","embeddable":true,"href":"https:\/\/www.europesays.com\/fr\/wp-json\/wp\/v2\/categories?post=277146"},{"taxonomy":"post_tag","embeddable":true,"href":"https:\/\/www.europesays.com\/fr\/wp-json\/wp\/v2\/tags?post=277146"}],"curies":[{"name":"wp","href":"https:\/\/api.w.org\/{rel}","templated":true}]}}