{"id":277150,"date":"2025-07-27T10:00:14","date_gmt":"2025-07-27T10:00:14","guid":{"rendered":"https:\/\/www.europesays.com\/fr\/277150\/"},"modified":"2025-07-27T10:00:14","modified_gmt":"2025-07-27T10:00:14","slug":"vih-un-nouveau-traitement-preventif-autorise-par-lunion-europeenne-actualites","status":"publish","type":"post","link":"https:\/\/www.europesays.com\/fr\/277150\/","title":{"rendered":"VIH : un nouveau traitement pr\u00e9ventif autoris\u00e9 par l\u2019Union europ\u00e9enne : Actualit\u00e9s"},"content":{"rendered":"<p class=\"lead \"><strong>L\u2019Agence europ\u00e9enne du m\u00e9dicament vient d\u2019approuver un traitement injectable \u00e0 longue dur\u00e9e d\u2019action, administr\u00e9 deux fois par an. Ce traitement pourrait \u00eatre disponible en 2027.<\/strong><\/p>\n<p class=\"lead \">Un nouvel espoir dans la lutte contre le VIH ? Vendredi 25 juillet, l&rsquo;Agence europ\u00e9enne des m\u00e9dicaments a transmis un avis favorable pour l&rsquo;utilisation d&rsquo;un traitement contre le VIH appel\u00e9 Yeytuo (mol\u00e9cule lenacapavir) en prophylaxie pr\u00e9-exposition (PrEP). Ce traitement pr\u00e9ventif pourrait r\u00e9duire radicalement le nombre de contaminations.<\/p>\n<p class=\"lead \">Comme l\u2019explique <a href=\"https:\/\/www.bfmtv.com\/sante\/un-nouvel-espoir-pour-lutter-contre-le-vih-l-union-europeenne-donne-son-feu-vert-pour-un-nouveau-traitement-preventif_AV-202507270124.html\" target=\"_blank\" rel=\"nofollow noopener\">BFMTV<\/a>, le lenacapavir est un traitement pour les personnes qui ne sont pas atteintes par le VIH mais qui ont des comportements jug\u00e9s \u00e0 risque. En bloquant la multiplication du VIH dans les cellules, le traitement r\u00e9duit \u00e0 pr\u00e8s de 100 % le risque de contamination.<\/p>\n<p class=\"lead \">\u00ab\u00a0Cette \u00e9pid\u00e9mie sera termin\u00e9e avec ce type de traitement\u00a0\u00bb<\/p>\n<p class=\"lead \">Pour Marc Dixneuf, directeur g\u00e9n\u00e9ral de AIDES, l\u2019avis favorable de l\u2019UE \u00ab\u00a0peut tout changer en France, en Europe et au niveau mondial\u00a0\u00bb. \u00ab\u00a0C&rsquo;est une bonne nouvelle car c&rsquo;est un traitement qui peut vraiment changer les choses contre l&rsquo;\u00e9pid\u00e9mie de VIH (\u2026) Cette \u00e9pid\u00e9mie qui se d\u00e9veloppe, qui est extr\u00eamement dynamique, sera termin\u00e9e avec ce type de traitement-l\u00e0\u00a0\u00bb, a affirm\u00e9 le docteur en science politique sur <a href=\"https:\/\/www.franceinfo.fr\/sante\/sida\/sidaction\/l-agence-europeenne-des-medicaments-donne-son-feu-vert-pour-un-nouveau-traitement-preventif-contre-le-vih-cela-peut-tout-changer-assure-le-directeur-general-de-aides_7399141.html\" target=\"_blank\" rel=\"nofollow noopener\">franceinfo<\/a>, qui esp\u00e8re d\u00e9sormais que l&rsquo;Union europ\u00e9enne d\u00e9veloppe l\u2019acc\u00e8s \u00e0 ce traitement.<\/p>\n<p class=\"lead \">Le VIH circule encore beaucoup dans le monde. En 2024, 1,3 million de personnes ont \u00e9t\u00e9 contamin\u00e9es par le VIH. \u00ab\u00a0Le souci maintenant, c&rsquo;est que les personnes jeunes ou moins jeunes ne se prot\u00e8gent pas suffisamment. On esp\u00e8re qu&rsquo;avec une dur\u00e9e d&rsquo;efficacit\u00e9 plus importante, les personnes vont plus aller vers ce type d\u2019outils\u00a0\u00bb, souligne Florence Thune, directrice g\u00e9n\u00e9rale du Sidaction, sur BFMTV.<\/p>\n<p class=\"lead \">Le co\u00fbt du traitement est tr\u00e8s on\u00e9reux. Selon franceinfo, il s&rsquo;\u00e9l\u00e8ve \u00e0 environ 25 000 euros par an et par patient aux \u00c9tats-Unis. Pour \u00eatre sur le march\u00e9 fran\u00e7ais, la Haute Autorit\u00e9 de sant\u00e9 (HAS) devra donner son feu vert. Plus de 140 000 personnes pourraient b\u00e9n\u00e9ficier de ce nouveau traitement pr\u00e9ventif.<\/p>\n<p class=\"small font-weight-bold text-gray3 \"> publi\u00e9 le 27 juillet \u00e0 11h50, Justin Schroeder, 6M\u00e9dias<\/p>\n<p>                             Partager<\/p>\n","protected":false},"excerpt":{"rendered":"L\u2019Agence europ\u00e9enne du m\u00e9dicament vient d\u2019approuver un traitement injectable \u00e0 longue dur\u00e9e d\u2019action, administr\u00e9 deux fois par an.&hellip;\n","protected":false},"author":2,"featured_media":277151,"comment_status":"","ping_status":"","sticky":false,"template":"","format":"standard","meta":{"footnotes":""},"categories":[1586],"tags":[11,1777,674,1779,1011,27,12,25,1778,364],"class_list":{"0":"post-277150","1":"post","2":"type-post","3":"status-publish","4":"format-standard","5":"has-post-thumbnail","7":"category-europe","8":"tag-actualites","9":"tag-eu","10":"tag-europe","11":"tag-european-union","12":"tag-fr","13":"tag-france","14":"tag-news","15":"tag-republique-francaise","16":"tag-ue","17":"tag-union-europeenne"},"share_on_mastodon":{"url":"https:\/\/pubeurope.com\/@fr\/114924619232432399","error":""},"_links":{"self":[{"href":"https:\/\/www.europesays.com\/fr\/wp-json\/wp\/v2\/posts\/277150","targetHints":{"allow":["GET"]}}],"collection":[{"href":"https:\/\/www.europesays.com\/fr\/wp-json\/wp\/v2\/posts"}],"about":[{"href":"https:\/\/www.europesays.com\/fr\/wp-json\/wp\/v2\/types\/post"}],"author":[{"embeddable":true,"href":"https:\/\/www.europesays.com\/fr\/wp-json\/wp\/v2\/users\/2"}],"replies":[{"embeddable":true,"href":"https:\/\/www.europesays.com\/fr\/wp-json\/wp\/v2\/comments?post=277150"}],"version-history":[{"count":0,"href":"https:\/\/www.europesays.com\/fr\/wp-json\/wp\/v2\/posts\/277150\/revisions"}],"wp:featuredmedia":[{"embeddable":true,"href":"https:\/\/www.europesays.com\/fr\/wp-json\/wp\/v2\/media\/277151"}],"wp:attachment":[{"href":"https:\/\/www.europesays.com\/fr\/wp-json\/wp\/v2\/media?parent=277150"}],"wp:term":[{"taxonomy":"category","embeddable":true,"href":"https:\/\/www.europesays.com\/fr\/wp-json\/wp\/v2\/categories?post=277150"},{"taxonomy":"post_tag","embeddable":true,"href":"https:\/\/www.europesays.com\/fr\/wp-json\/wp\/v2\/tags?post=277150"}],"curies":[{"name":"wp","href":"https:\/\/api.w.org\/{rel}","templated":true}]}}