{"id":277155,"date":"2025-07-27T10:03:10","date_gmt":"2025-07-27T10:03:10","guid":{"rendered":"https:\/\/www.europesays.com\/fr\/277155\/"},"modified":"2025-07-27T10:03:10","modified_gmt":"2025-07-27T10:03:10","slug":"cest-lhonneur-de-la-france-de-faire-enfin-ce-quil-faut-par-elie-barnavi-liberation","status":"publish","type":"post","link":"https:\/\/www.europesays.com\/fr\/277155\/","title":{"rendered":"\u00abC\u2019est l\u2019honneur de la France de faire enfin ce qu\u2019il faut\u00bb, par Elie Barnavi \u2013 Lib\u00e9ration"},"content":{"rendered":"<p class=\"sc-ksZaOG ehjQrN text-element\">Il faut savoir gr\u00e9 au pr\u00e9sident de la R\u00e9publique d\u2019avoir enfin pris la d\u00e9cision de reconna\u00eetre un Etat palestinien. La France n\u2019est pas la premi\u00e8re \u00e0 franchir le pas \u2013 pr\u00e8s de 150 pays l\u2019ont pr\u00e9c\u00e9d\u00e9e. Mais c\u2019est le premier pays de cette importance dans le club des Etats d\u00e9mocratiques, ce qui rend son geste particuli\u00e8rement significatif. Symboliquement, et, il faut l\u2019esp\u00e9rer, diplomatiquement, c\u2019est un saut qualitatif. <a href=\"https:\/\/www.liberation.fr\/international\/moyen-orient\/israel-furieux-contre-la-france-autorise-les-largages-daide-humanitaire-a-gaza-20250725_2HVNG65LVZGYTHBFGR45THIXJQ\/\" target=\"_blank\" rel=\"noopener\" title=\"https:\/\/www.liberation.fr\/international\/moyen-orient\/israel-furieux-contre-la-france-autorise-les-largages-daide-humanitaire-a-gaza-20250725_2HVNG65LVZGYTHBFGR45THIXJQ\/\">Les r\u00e9actions hyst\u00e9riques de la coalition au pouvoir \u00e0 J\u00e9rusalem<\/a> sont un hommage involontaire et inconscient \u00e0 ce changement d\u2019\u00e9chelle.<\/p>\n","protected":false},"excerpt":{"rendered":"Il faut savoir gr\u00e9 au pr\u00e9sident de la R\u00e9publique d\u2019avoir enfin pris la d\u00e9cision de reconna\u00eetre un Etat&hellip;\n","protected":false},"author":2,"featured_media":277156,"comment_status":"","ping_status":"","sticky":false,"template":"","format":"standard","meta":{"footnotes":""},"categories":[4],"tags":[11,4947,1073,1011,27,3517,664,12,3518,25],"class_list":{"0":"post-277155","1":"post","2":"type-post","3":"status-publish","4":"format-standard","5":"has-post-thumbnail","7":"category-france","8":"tag-actualites","9":"tag-arabie-saoudite","10":"tag-emmanuel-macron","11":"tag-fr","12":"tag-france","13":"tag-gaza-l-escalade","14":"tag-israel","15":"tag-news","16":"tag-palestine","17":"tag-republique-francaise"},"share_on_mastodon":{"url":"https:\/\/pubeurope.com\/@fr\/114924631020783091","error":""},"_links":{"self":[{"href":"https:\/\/www.europesays.com\/fr\/wp-json\/wp\/v2\/posts\/277155","targetHints":{"allow":["GET"]}}],"collection":[{"href":"https:\/\/www.europesays.com\/fr\/wp-json\/wp\/v2\/posts"}],"about":[{"href":"https:\/\/www.europesays.com\/fr\/wp-json\/wp\/v2\/types\/post"}],"author":[{"embeddable":true,"href":"https:\/\/www.europesays.com\/fr\/wp-json\/wp\/v2\/users\/2"}],"replies":[{"embeddable":true,"href":"https:\/\/www.europesays.com\/fr\/wp-json\/wp\/v2\/comments?post=277155"}],"version-history":[{"count":0,"href":"https:\/\/www.europesays.com\/fr\/wp-json\/wp\/v2\/posts\/277155\/revisions"}],"wp:featuredmedia":[{"embeddable":true,"href":"https:\/\/www.europesays.com\/fr\/wp-json\/wp\/v2\/media\/277156"}],"wp:attachment":[{"href":"https:\/\/www.europesays.com\/fr\/wp-json\/wp\/v2\/media?parent=277155"}],"wp:term":[{"taxonomy":"category","embeddable":true,"href":"https:\/\/www.europesays.com\/fr\/wp-json\/wp\/v2\/categories?post=277155"},{"taxonomy":"post_tag","embeddable":true,"href":"https:\/\/www.europesays.com\/fr\/wp-json\/wp\/v2\/tags?post=277155"}],"curies":[{"name":"wp","href":"https:\/\/api.w.org\/{rel}","templated":true}]}}