{"id":277159,"date":"2025-07-27T10:07:10","date_gmt":"2025-07-27T10:07:10","guid":{"rendered":"https:\/\/www.europesays.com\/fr\/277159\/"},"modified":"2025-07-27T10:07:10","modified_gmt":"2025-07-27T10:07:10","slug":"wta-montreal-eugenie-bouchard-en-fait-des-tonnes-cest-un-melange-de-tristesse-de-joie-de-soulagement-et-de-febrilite-un-soulagement-parce-que-je-naurai-plus-besoin-de-so","status":"publish","type":"post","link":"https:\/\/www.europesays.com\/fr\/277159\/","title":{"rendered":"WTA &#8211; Montr\u00e9al > Eug\u00e9nie Bouchard en fait des \u00ab\u00a0tonnes\u00a0\u00bb : \u00ab\u00a0C\u2019est un m\u00e9lange de tristesse, de joie, de soulagement et de f\u00e9brilit\u00e9. Un soulagement, parce que je n\u2019aurai plus besoin de souffrir\u00a0\u00bb"},"content":{"rendered":"<p>Souvent compar\u00e9 \u00e0 Kournikova qui a une carri\u00e8re un peu simi\u00adlaire, Eug\u00e9nie Bouchard va donc offi\u00adciel\u00adle\u00adment arr\u00eater sa carri\u00e8re m\u00eame si c\u2019\u00e9tait d\u00e9j\u00e0 le cas puiqu\u2019elle a d\u00e9cid\u00e9 de s\u2019im\u00adpli\u00adquer dans le d\u00e9ve\u00adlop\u00adpe\u00adment du pick\u00adlel\u00adball. En conf\u00e9\u00adrence de presse, elle a tenu \u00e0 pr\u00e9ciser les choses et a fait le point sur la situation.<\/p>\n<p>\u00ab\u202f<strong>C\u2019est un m\u00e9lange de tris\u00adtesse, de joie, de soula\u00adge\u00adment et de f\u00e9bri\u00adlit\u00e9. Un soula\u00adge\u00adment, parce que je n\u2019aurai plus besoin de souf\u00adfrir. Avant cette annonce, je ne savais pas \u00e0 quoi m\u2019attendre. Je dois dire que j\u2019ai re\u00e7u beau\u00adcoup de messages. La plupart des articles sont tr\u00e8s posi\u00adtifs. Je ressens beau\u00adcoup d\u2019amour et de respect. C\u2019est un bon feeling de se sentir appr\u00e9\u00adci\u00e9e. C\u2019est ce que je ressens le plus depuis les derni\u00e8res semaines<\/strong>\u202f\u00bb<\/p>\n<p class=\"post-published-date\" style=\"color: silver; font-size: 75%; text-align: left;\">Publi\u00e9 le dimanche 27 juillet 2025 \u00e0 11:14<\/p>\n","protected":false},"excerpt":{"rendered":"Souvent compar\u00e9 \u00e0 Kournikova qui a une carri\u00e8re un peu simi\u00adlaire, Eug\u00e9nie Bouchard va donc offi\u00adciel\u00adle\u00adment arr\u00eater sa&hellip;\n","protected":false},"author":2,"featured_media":277160,"comment_status":"","ping_status":"","sticky":false,"template":"","format":"standard","meta":{"footnotes":""},"categories":[1415],"tags":[41635,1011,27,60,1467],"class_list":{"0":"post-277159","1":"post","2":"type-post","3":"status-publish","4":"format-standard","5":"has-post-thumbnail","7":"category-tennis","8":"tag-bouchard","9":"tag-fr","10":"tag-france","11":"tag-sports","12":"tag-tennis"},"share_on_mastodon":{"url":"https:\/\/pubeurope.com\/@fr\/114924646724562889","error":""},"_links":{"self":[{"href":"https:\/\/www.europesays.com\/fr\/wp-json\/wp\/v2\/posts\/277159","targetHints":{"allow":["GET"]}}],"collection":[{"href":"https:\/\/www.europesays.com\/fr\/wp-json\/wp\/v2\/posts"}],"about":[{"href":"https:\/\/www.europesays.com\/fr\/wp-json\/wp\/v2\/types\/post"}],"author":[{"embeddable":true,"href":"https:\/\/www.europesays.com\/fr\/wp-json\/wp\/v2\/users\/2"}],"replies":[{"embeddable":true,"href":"https:\/\/www.europesays.com\/fr\/wp-json\/wp\/v2\/comments?post=277159"}],"version-history":[{"count":0,"href":"https:\/\/www.europesays.com\/fr\/wp-json\/wp\/v2\/posts\/277159\/revisions"}],"wp:featuredmedia":[{"embeddable":true,"href":"https:\/\/www.europesays.com\/fr\/wp-json\/wp\/v2\/media\/277160"}],"wp:attachment":[{"href":"https:\/\/www.europesays.com\/fr\/wp-json\/wp\/v2\/media?parent=277159"}],"wp:term":[{"taxonomy":"category","embeddable":true,"href":"https:\/\/www.europesays.com\/fr\/wp-json\/wp\/v2\/categories?post=277159"},{"taxonomy":"post_tag","embeddable":true,"href":"https:\/\/www.europesays.com\/fr\/wp-json\/wp\/v2\/tags?post=277159"}],"curies":[{"name":"wp","href":"https:\/\/api.w.org\/{rel}","templated":true}]}}