{"id":277161,"date":"2025-07-27T10:09:18","date_gmt":"2025-07-27T10:09:18","guid":{"rendered":"https:\/\/www.europesays.com\/fr\/277161\/"},"modified":"2025-07-27T10:09:18","modified_gmt":"2025-07-27T10:09:18","slug":"parlons-motogp-alex-marquez-a-sevi-de-nouveau-et-il-faut-en-parler","status":"publish","type":"post","link":"https:\/\/www.europesays.com\/fr\/277161\/","title":{"rendered":"Parlons MotoGP\u00a0: Alex Marquez a s\u00e9vi de nouveau, et il faut en parler"},"content":{"rendered":"<p><strong><a href=\"https:\/\/www.paddock-gp.com\/parlons-motogp-alex-marquez-est-au-coeur-dune-polemique-voici-pourquoi\/\" target=\"_blank\" rel=\"noopener nofollow\">Encore une fois, Alex Marquez \u00e9tait<br \/>\nau c\u0153ur de la pol\u00e9mique \u00e0 Brno\u00a0<\/a>: l\u2019Espagnol a fait tomber<br \/>\nJoan Mir lors de la couse MotoGP, ce qui a valu l\u2019\u00e9nervement de ce<br \/>\ndernier. Le probl\u00e8me, c\u2019est qu\u2019il n\u2019en est pas \u00e0 son coup d\u2019essai,<br \/>\ny compris cette saison. Pour cet accrochage, il \u00e9copera d\u2019un long<br \/>\nlap de p\u00e9nalit\u00e9 \u00e0 purger lors du prochain Grand Prix, pr\u00e9vu en<br \/>\nAutriche mi-ao\u00fbt. Mais au fait, qu\u2019est-ce qu\u2019Alex Marquez faisait<br \/>\nderri\u00e8re Mir\u00a0? Il faut se pencher sur son GP de<br \/>\nTch\u00e9quie.<\/strong><\/p>\n<p>\u00a0<\/p>\n<p>Alex Marquez absent des d\u00e9bats en MotoGP \u00e0 Brno<\/p>\n<p>\u00a0<\/p>\n<p>Avant de commencer, il faut tout de m\u00eame rappeler qu\u2019il est<br \/>\ntoujours bless\u00e9 \u00e0 la main. Suite \u00e0 sa chute d\u2019Assen, Alex Marquez<br \/>\ns\u2019est fractur\u00e9 un doigt, et a tout de suite \u00e9t\u00e9 op\u00e9r\u00e9. Il est bien<br \/>\nrevenu au Sachsenring, mais on sait que le premier Grand Prix<br \/>\ndisput\u00e9 apr\u00e8s une blessure est souvent celui o\u00f9 le pilote donne<br \/>\ntout, quitte \u00e0 souffrir. <strong>En revanche, le suivant est plus<br \/>\ndifficile<\/strong>. C\u2019est un fait qui se v\u00e9rifie assez souvent<br \/>\n(Bezzecchi et Marini au d\u00e9but de la tourn\u00e9e outre-mer 2023, Marini<br \/>\nau Sachsenring \u00e9galement), donc le fait qu\u2019il n\u2019ait pas \u00e9t\u00e9 dans le<br \/>\ncoup n\u2019est pas si \u00e9tonnant que \u00e7a, en r\u00e9alit\u00e9.<\/p>\n<p>\u00a0<\/p>\n<p><img loading=\"lazy\" decoding=\"async\" aria-describedby=\"caption-attachment-1313329\" class=\"size-full wp-image-1313329\" src=\"https:\/\/www.europesays.com\/fr\/wp-content\/uploads\/2025\/07\/Alex-Marquez-2-2.jpg\" alt=\"Alex Marquez MotoGP\" width=\"799\" height=\"533\"  \/><\/p>\n<p id=\"caption-attachment-1313329\" class=\"wp-caption-text\">\u00c7a<br \/>\ncommence \u00e0 faire beaucoup. Photo : Michelin Motorsport<\/p>\n<p>\u00a0<\/p>\n<p>C\u2019est la premi\u00e8re fois, cette saison, <strong>qu\u2019il est si<br \/>\nloin<\/strong>. Qualifi\u00e9 seulement huiti\u00e8me, il n\u2019a jamais pu<br \/>\ns\u2019approcher des meilleures positions. J\u2019ai r\u00e9ellement l\u2019impression<br \/>\nque la Ducati \u00e9tait en difficult\u00e9 \u00e0 Brno, et que Marc Marquez,<br \/>\ncomme \u00e0 Silverstone et lorsqu\u2019il officiait chez Honda, cachait les<br \/>\nlacunes gr\u00e2ce \u00e0 son immense talent. Pendant le Sprint, il \u00e9tait<br \/>\ninexistant, suite \u00e0 un tr\u00e8s mauvais d\u00e9part. C\u2019est \u00e9trange, car il<br \/>\nm\u2019a donn\u00e9 un peu la m\u00eame impression que Di Giannantonio le<br \/>\ndimanche. <strong>Nulle part, \u00e0 l\u2019arri\u00e8re du peloton, sans<br \/>\nexplication.<\/strong><\/p>\n<p>Pour Alex Marquez, c\u2019\u00e9tait mieux pendant le Grand Prix. Mais on<br \/>\nle voyait buter derri\u00e8re Joan Mir, encore et encore, jusqu\u2019\u00e0 cette<br \/>\nchute incroyable dans la chicane en mont\u00e9e. <strong>Ses d\u00e9mons sont<br \/>\nrevenus<\/strong>.<\/p>\n<p>\u00a0<\/p>\n<p>Je vous avais pr\u00e9venu<\/p>\n<p>\u00a0<\/p>\n<p>\u00c0 vrai dire, je n\u2019\u00e9tais pas surpris. J\u2019ai d\u00e9j\u00e0 r\u00e9p\u00e9t\u00e9, \u00e0 de<br \/>\nmaintes et maintes reprises, <strong>qu\u2019Alex Marquez agit toujours<br \/>\nde la sorte lorsqu\u2019il est en difficult\u00e9<\/strong>, ou dans le paquet<br \/>\nde mani\u00e8re g\u00e9n\u00e9rale. C\u2019est quelqu\u2019un qui a \u00e9norm\u00e9ment de mal \u00e0<br \/>\ndoubler proprement, en t\u00e9moignent ses nombreux accrochages avec<br \/>\nplus ou moins tous les pilotes de la grille. En moins d\u2019un an, il a<br \/>\n\u00e9t\u00e9 au c\u0153ur de quatre \u00e9normes incidents qui impliquaient plusieurs<br \/>\n\u00e9l\u00e9ments. \u00c0 Aragon en 2024, d\u2019abord, o\u00f9 <strong>il peut largement<br \/>\n\u00eatre jug\u00e9 responsable de la chute de Pecco Bagnaia<\/strong>. La<br \/>\ngrande majorit\u00e9 de la grille s\u2019accordait \u00e0 dire qu\u2019il \u00e9tait en<br \/>\ntort. Puis, il y eut cette tentative plus que maladroite sur Fabio<br \/>\nDi Giannantonio, au Qatar, qui lui valut d\u00e9j\u00e0 un long lap de<br \/>\np\u00e9nalit\u00e9. Ensuite, la chute d\u2019Assen, o\u00f9 il en vint \u00e0 toucher Pedro<br \/>\nAcosta et s\u2019\u00e9liminer lui-m\u00eame. Et enfin, <strong><a href=\"https:\/\/www.paddock-gp.com\/motogp-brno-j3-joan-mir-honda-ab-pete-un-cable-sur-alex-marquez-il-essaye-de-se-trouver-des-excuses\/\" target=\"_blank\" rel=\"noopener nofollow\">cet attentat sur Joan Mir \u00e0<br \/>\nBrno<\/a><\/strong>. C\u2019est beaucoup trop pour un pilote de son<br \/>\ncalibre.<\/p>\n<p>\u00a0<\/p>\n<blockquote class=\"twitter-tweet\" data-width=\"550\" data-dnt=\"true\">\n<p lang=\"en\" dir=\"ltr\">\ud83d\ude31 <a href=\"https:\/\/twitter.com\/alexmarquez73?ref_src=twsrc%5Etfw\" rel=\"nofollow noopener\" target=\"_blank\">@alexmarquez73<\/a><br \/>\nis OUT of contention<\/p>\n<p>The incident with <a href=\"https:\/\/twitter.com\/JoanMirOfficial?ref_src=twsrc%5Etfw\" rel=\"nofollow noopener\" target=\"_blank\">@JoanMirOfficial<\/a><br \/>\nwill be reviewed after the GP \ud83d\udd0e<a href=\"https:\/\/twitter.com\/hashtag\/CzechGP?src=hash&amp;ref_src=twsrc%5Etfw\" rel=\"nofollow noopener\" target=\"_blank\">#CzechGP<\/a><br \/>\n\ud83c\udde8\ud83c\uddff <a href=\"https:\/\/t.co\/iZicXbs06p\" rel=\"nofollow\">pic.twitter.com\/iZicXbs06p<\/a><\/p>\n<p>\u2014 MotoGP\u2122\ud83c\udfc1 (@MotoGP) <a href=\"https:\/\/twitter.com\/MotoGP\/status\/1946905697351806994?ref_src=twsrc%5Etfw\" rel=\"nofollow noopener\" target=\"_blank\"><br \/>\nJuly 20, 2025<\/a><\/p>\n<\/blockquote>\n<p>\u00a0<\/p>\n<p>Je tiens simplement \u00e0 rappeler que je n\u2019ai rien contre Alex<br \/>\nMarquez. Je n\u2019ai jamais compris comment autant de gens arrivaient \u00e0<br \/>\nle d\u00e9fendre en commentaires, sous mes articles. Quand je le<br \/>\ncritique, beaucoup de fanatiques me ressortent l\u2019\u00e9ternelle<br \/>\nrengaine\u00a0: <strong>\u00ab\u00a0Ah, c\u2019est un<br \/>\npro-Rossi\u00a0\u00bb<\/strong>, comme si la guerre Rossi-Marquez ne<br \/>\nconcernait pas un autre pilote, d\u2019une part, et, de l\u2019autre, n\u2019avait<br \/>\npas d\u00e9j\u00e0 dix ans\u00a0! Il faut arr\u00eater de fabuler et regarder la<br \/>\nr\u00e9alit\u00e9 en face. Alex Marquez multiplie les erreurs, et n\u2019agit pas<br \/>\nde la m\u00eame mani\u00e8re derri\u00e8re son fr\u00e8re, comme on a pu le voir \u00e0 de<br \/>\ndiff\u00e9rentes occasions cette saison. Il n\u2019adopte pas la m\u00eame<br \/>\nagressivit\u00e9, pas le m\u00eame comportement. <strong>C\u2019est ind\u00e9niable<br \/>\npour qui essaie un tant soit peu d\u2019\u00eatre objectif.<\/strong><\/p>\n<p>Nous avons disput\u00e9 douze Grands Prix jusqu\u2019\u00e0 maintenant. Sur ces<br \/>\ndouze courses dominicales, par quatre fois, Alex Marquez n\u2019\u00e9tait<br \/>\npas \u00e0 son niveau habituel\u00a0: au Mans, \u00e0 Silverstone, \u00e0 Assen,<br \/>\net \u00e0 Brno. Sur ces quatre manches, il n\u2019a su en g\u00e9rer qu\u2019une seule,<br \/>\n\u00e0 savoir, le GP de Grande-Bretagne, achev\u00e9 cinqui\u00e8me non sans avoir<br \/>\n\u00e9t\u00e9 sauv\u00e9 par un deuxi\u00e8me d\u00e9part. <strong>Voici ce que disent les<br \/>\nchiffres et la piste<\/strong>.<\/p>\n<p>\u00a0<\/p>\n<p>Une p\u00e9nalit\u00e9 pas assez ferme\u00a0?<\/p>\n<p>\u00a0<\/p>\n<p><img loading=\"lazy\" decoding=\"async\" aria-describedby=\"caption-attachment-1313331\" class=\"size-full wp-image-1313331\" src=\"https:\/\/www.europesays.com\/fr\/wp-content\/uploads\/2025\/07\/Alex-Marquez-1-1.jpg\" alt=\"Alex Marquez MotoGP\" width=\"799\" height=\"533\"  \/><\/p>\n<p id=\"caption-attachment-1313331\" class=\"wp-caption-text\">Pour<br \/>\nceux qui pensent que \u00e7a passait si Alex Marquez ne tombait pas,<br \/>\nregardez la photo de couverture de l\u2019article et le placement des<br \/>\ndeux pilotes. Photo : Michelin Motorsport<\/p>\n<p>\u00a0<\/p>\n<p><strong><a href=\"https:\/\/www.paddock-gp.com\/motogp-brno-j3-joan-mir-honda-ab-pete-un-cable-sur-alex-marquez-il-essaye-de-se-trouver-des-excuses\/\" target=\"_blank\" rel=\"noopener nofollow\">Joan Mir fulminait apr\u00e8s sa<br \/>\nchute<\/a><\/strong>. Non seulement c\u2019est la troisi\u00e8me fois<br \/>\ncons\u00e9cutive qu\u2019on le met par terre, mais Alex Marquez, d\u2019apr\u00e8s ses<br \/>\npropres dires, a essay\u00e9 plusieurs fois de le d\u00e9passer sans succ\u00e8s,<br \/>\nen le touchant, et ne trouvant pas la faille. Un seul long-lap pour<br \/>\nune deuxi\u00e8me agression du genre en neuf courses, n\u2019est-ce pas trop<br \/>\ngentil\u00a0? <strong>Je crois que si<\/strong>.<br \/>\nEffectivement<strong><a href=\"https:\/\/www.paddock-gp.com\/parlons-motogp-franco-morbidelli-a-beau-se-plaindre-mais-la-direction-de-course-a-fait-son-travail\/\" target=\"_blank\" rel=\"noopener nofollow\">, j\u2019aime la coh\u00e9rence du panel de<br \/>\ncommissaires \u00e0 l\u2019\u00e8re Simon Crafar<\/a><\/strong>, car c\u2019est vrai que,<br \/>\npour l\u2019instant, tous les actes sont jug\u00e9s de la m\u00eame mani\u00e8re. C\u2019est<br \/>\nd\u00e9j\u00e0 tr\u00e8s bien et beaucoup mieux que ce que faisait Spencer. L\u00e0<br \/>\nencore, c\u2019est l\u2019action qui \u00e9tait p\u00e9nalis\u00e9e, et pas la cons\u00e9quence.<br \/>\nVoyez-vous, au Qatar, Alex Marquez fait plus ou moins la m\u00eame sur \u00ab<br \/>\nDiggia \u00bb, sauf que ce dernier ne tombe pas, en raison de l\u2019asphalte<br \/>\nautour du circuit. \u00c0 Brno, Mir s\u2019en serait sorti si le d\u00e9gagement<br \/>\n\u00e9tait bitum\u00e9, mais il a chut\u00e9 en raison des graviers. <strong>Et<br \/>\npourtant, malgr\u00e9 la diff\u00e9rence de r\u00e9sultat, la p\u00e9nalit\u00e9 est la<br \/>\nm\u00eame<\/strong>. Bien.<\/p>\n<p>Le probl\u00e8me, c\u2019est qu\u2019un peu comme Morbidelli et ses<br \/>\ninfractions, il est souvent responsable des accrochages ! Ainsi,<br \/>\n<strong>on pourrait imaginer des p\u00e9nalit\u00e9s de plus en plus s\u00e9v\u00e8res<br \/>\npour les r\u00e9cidivistes<\/strong>. Le permis \u00e0 points, qui existe<br \/>\nencore en Formule 1, a \u00e9t\u00e9 abandonn\u00e9 en 2017 en <a href=\"https:\/\/www.motogp.com\/fr\/\" target=\"_blank\" rel=\"noopener nofollow\">MotoGP<\/a>. Quitte \u00e0 s\u2019inspirer de la F1 \u00e0 tout bout de<br \/>\nchamp, pourquoi ne pas r\u00e9-emprunter cette id\u00e9e ?<\/p>\n<p>Dites-moi, en commentaires, <strong>ce que vous avez pens\u00e9 de<br \/>\ncet accrochage entre Joan Mir et Alex Marquez\u00a0!<\/strong><\/p>\n<p>Pour rappel, cet article ne refl\u00e8te que la pens\u00e9e de son auteur,<br \/>\net pas de l\u2019enti\u00e8ret\u00e9 de la r\u00e9daction.<\/p>\n<p>\u00a0<\/p>\n<p><img loading=\"lazy\" decoding=\"async\" aria-describedby=\"caption-attachment-1313333\" class=\"size-full wp-image-1313333\" src=\"https:\/\/www.europesays.com\/fr\/wp-content\/uploads\/2025\/07\/Alex-Marquez-4.jpg\" alt=\"\" width=\"799\" height=\"533\"  \/><\/p>\n<p id=\"caption-attachment-1313333\" class=\"wp-caption-text\">Apr\u00e8s la<br \/>\nchute, il a d\u00e9clar\u00e9 qu\u2019il n\u2019essayait pas de d\u00e9passer, mais qu\u2019il<br \/>\nvoulait voir si \u00e7a pouvait passer ici. Sacr\u00e9e justification. Photo<br \/>\n: Michelin Motorsport<\/p>\n<p>\u00a0<\/p>\n<p>Photo de couverture : Michelin Motorsport<\/p>\n<p><script async src=\"https:\/\/platform.twitter.com\/widgets.js\" charset=\"utf-8\"><\/script><\/p>\n","protected":false},"excerpt":{"rendered":"Encore une fois, Alex Marquez \u00e9tait au c\u0153ur de la pol\u00e9mique \u00e0 Brno\u00a0: l\u2019Espagnol a fait tomber Joan&hellip;\n","protected":false},"author":2,"featured_media":277162,"comment_status":"","ping_status":"","sticky":false,"template":"","format":"standard","meta":{"footnotes":""},"categories":[1413],"tags":[1011,27,1457,1456,60],"class_list":{"0":"post-277161","1":"post","2":"type-post","3":"status-publish","4":"format-standard","5":"has-post-thumbnail","7":"category-moto","8":"tag-fr","9":"tag-france","10":"tag-moto","11":"tag-motocycle","12":"tag-sports"},"share_on_mastodon":{"url":"https:\/\/pubeurope.com\/@fr\/114924654796711461","error":""},"_links":{"self":[{"href":"https:\/\/www.europesays.com\/fr\/wp-json\/wp\/v2\/posts\/277161","targetHints":{"allow":["GET"]}}],"collection":[{"href":"https:\/\/www.europesays.com\/fr\/wp-json\/wp\/v2\/posts"}],"about":[{"href":"https:\/\/www.europesays.com\/fr\/wp-json\/wp\/v2\/types\/post"}],"author":[{"embeddable":true,"href":"https:\/\/www.europesays.com\/fr\/wp-json\/wp\/v2\/users\/2"}],"replies":[{"embeddable":true,"href":"https:\/\/www.europesays.com\/fr\/wp-json\/wp\/v2\/comments?post=277161"}],"version-history":[{"count":0,"href":"https:\/\/www.europesays.com\/fr\/wp-json\/wp\/v2\/posts\/277161\/revisions"}],"wp:featuredmedia":[{"embeddable":true,"href":"https:\/\/www.europesays.com\/fr\/wp-json\/wp\/v2\/media\/277162"}],"wp:attachment":[{"href":"https:\/\/www.europesays.com\/fr\/wp-json\/wp\/v2\/media?parent=277161"}],"wp:term":[{"taxonomy":"category","embeddable":true,"href":"https:\/\/www.europesays.com\/fr\/wp-json\/wp\/v2\/categories?post=277161"},{"taxonomy":"post_tag","embeddable":true,"href":"https:\/\/www.europesays.com\/fr\/wp-json\/wp\/v2\/tags?post=277161"}],"curies":[{"name":"wp","href":"https:\/\/api.w.org\/{rel}","templated":true}]}}