{"id":277173,"date":"2025-07-27T10:15:10","date_gmt":"2025-07-27T10:15:10","guid":{"rendered":"https:\/\/www.europesays.com\/fr\/277173\/"},"modified":"2025-07-27T10:15:10","modified_gmt":"2025-07-27T10:15:10","slug":"un-ouvrage-unique-dedie-aux-artisans-ivoiriers-de-dieppe","status":"publish","type":"post","link":"https:\/\/www.europesays.com\/fr\/277173\/","title":{"rendered":"Un ouvrage unique d\u00e9di\u00e9 aux artisans ivoiriers de Dieppe"},"content":{"rendered":"<p>            Par<br \/>\n        <strong><br \/>\n            <a href=\"https:\/\/actu.fr\/auteur\/lucile-roger\" title=\"Consulter tous les articles de Lucile Roger\" target=\"_blank\" rel=\"noopener\">Lucile Roger<\/a><br \/>\n        <\/strong><\/p>\n<p>        Publi\u00e9 le<\/p>\n<p>            27 juil. 2025 \u00e0 11h08        <\/p>\n<p>Apr\u00e8s 15\u00a0ann\u00e9es de recherches minutieuses, <b>Pascal Lagadec<\/b> signe un <b>ouvrage unique<\/b> : Le dictionnaire biographique des ivoiriers de Dieppe du XVIIe\u00a0si\u00e8cle \u00e0 aujourd\u2019hui. Publi\u00e9 chez Illustria \u2013 La librairie des Mus\u00e9es, ce travail consacre l\u2019excellence d\u2019un <b>savoir-faire dieppois<\/b>, plusieurs fois centenaire, longtemps rest\u00e9 dans l\u2019ombre.<\/p>\n<p class=\" wall-content\">\u00ab J\u2019ai tant aim\u00e9 les ivoiriers que je les ai d\u00e9test\u00e9s \u00bb, confie-t-il en souriant, apr\u00e8s 15\u00a0ann\u00e9es plong\u00e9es dans les <b>registres paroissiaux<\/b> et l\u2019\u00e9tat civil.<\/p>\n<p>Des anecdotes bouleversantes<\/p>\n<p class=\" wall-content\">En 368 pages richement illustr\u00e9es, l\u2019auteur, ancien r\u00e9gisseur des collections du mus\u00e9e de <a href=\"https:\/\/actu.fr\/normandie\/dieppe_76217\" target=\"_blank\" rel=\"noopener\">Dieppe (Seine-Maritime)<\/a>, redonne vie \u00e0 pr\u00e8s de<b> 2 000 artisans<\/b> ayant travaill\u00e9 <b>l\u2019ivoire,<\/b> l\u2019os ou autres mati\u00e8res animales \u00e0 Dieppe et dans sa r\u00e9gion.<\/p>\n<p class=\" wall-content\">Ce dictionnaire est une v\u00e9ritable biographie historique d\u2019un m\u00e9tier d\u2019art embl\u00e9matique qui a fait rayonner la ville au-del\u00e0 de ses fronti\u00e8res, en France comme \u00e0 <b>l\u2019international.<\/b><\/p>\n<p class=\" wall-content\">Malgr\u00e9 quelques publications comme\u00a0Ivoires et ivoiriers de Dieppe, d\u2019Ambroise Milet, ou les Cahiers de l\u2019ivoire dirig\u00e9s par Pierre Ickowicz au mus\u00e9e de Dieppe, aucun ouvrage n\u2019avait jusqu\u2019ici recens\u00e9 les <b>professionnels<\/b> <b>de l\u2019ivoirerie dieppoise <\/b>de mani\u00e8re aussi exhaustive.<\/p>\n<p>Vid\u00e9os : en ce moment sur Actu<\/p>\n<p class=\" wall-content\">C\u2019est d\u00e9sormais chose faite gr\u00e2ce au travail passionn\u00e9 de Pascal Lagadec, nourri d\u2019archives publiques, priv\u00e9es, mus\u00e9ales et locales, qui a n\u00e9cessit\u00e9 <b>deux ans de relecture<\/b>.<\/p>\n<p class=\" wall-content\">L\u2019id\u00e9e, venue d\u2019une conversation lors d\u2019une exposition en 2008, s\u2019est peu \u00e0 peu transform\u00e9e en v\u00e9ritable <b>projet de r\u00e9f\u00e9rence.<\/b> \u00ab Au d\u00e9part, je voulais simplement r\u00e9pondre aux questions des visiteurs. Mais il n\u2019y avait rien \u00e0 leur offrir, sinon des erreurs. Alors, on m\u2019a soumis l\u2019id\u00e9e de recenser tous les ivoiriers de la r\u00e9gion \u00bb, dit-il.<\/p>\n<p class=\" wall-content\">Ainsi, l\u2019ouvrage permet de corriger des <b>erreurs historiques,<\/b> mais pas seulement. Il permet aussi de reconstituer les filiations et dynasties d\u2019artisans qui ont fa\u00e7onn\u00e9 le paysage artistique dieppois et d\u2019en apprendre davantage sur les <b>modes<\/b> <b>de vie <\/b>de l\u2019\u00e9poque.<\/p>\n<p class=\" wall-content\">\u00ab J\u2019ai d\u00e9couvert des destins bouleversants, comme celui d\u2019un jeune gar\u00e7on qui avait commenc\u00e9 \u00e0 sculpter \u00e0 15 ans, mort au bagne. On ne peut pas rester insensible, on se met \u00e0 leurs places \u00bb, confie Pascal lagadec.<\/p>\n<p class=\" wall-content\">Le maire, Nicolas Langlois, a salu\u00e9 un <b>travail \u00e9panoui,<\/b> qui permet de grandir, d\u2019\u00e9voluer. Il a \u00e9galement tenu \u00e0 rappeler que la culture rassemble et aide \u00e0 comprendre qui l\u2019on est.<\/p>\n<p>\u00ab Je suis d\u00e9vast\u00e9 d\u2019\u00e9motion \u00bb<\/p>\n<p class=\" wall-content\">De son c\u00f4t\u00e9, Pierre Ickowicz, conservateur en chef du mus\u00e9e de Dieppe, a insist\u00e9 sur le <b>r\u00f4le scientifique<\/b> de cette publication, qui \u00ab corrige des impasses, des erreurs fondamentales et clarifie l\u2019histoire d\u2019un artisanat embl\u00e9matique \u00bb.<\/p>\n<p class=\" wall-content\">Pour mener \u00e0 bien son projet, l\u2019auteur a b\u00e9n\u00e9fici\u00e9 du <b>soutien<\/b> de la Direction r\u00e9gionale des affaires culturelles de Normandie, de la fondation Winkler, m\u00e9c\u00e8ne de longue date du mus\u00e9e de Dieppe, et de la Ville de Dieppe elle-m\u00eame.<\/p>\n<p class=\" wall-content\">Ce dictionnaire s\u2019adresse autant aux <b>chercheurs<\/b> et historiens qu\u2019aux professionnels du patrimoine, artisans d\u2019art, mus\u00e9ographes ou <b>simples amateurs,<\/b> amoureux de la ville de Dieppe. Illustr\u00e9 par les pi\u00e8ces exceptionnelles conserv\u00e9es au mus\u00e9e de Dieppe, il s\u2019impose d\u00e9j\u00e0 comme une <b>publication de<\/b> <b>r\u00e9f\u00e9rence.<\/b><\/p>\n<p class=\" wall-content\">Questionn\u00e9 sur ses \u00e9motions, l\u2019auteur confie : \u00ab Je suis fier, oui, mais on ne peut pas dire que je suis triste, car je ne m\u2019en d\u00e9tacherai jamais. En fait, on peut dire que je suis d\u00e9vast\u00e9 d\u2019\u00e9motion \u00bb.<\/p>\n<p class=\" wall-content\">Enfin, Pascal Lagadec a laiss\u00e9 entendre qu\u2019il travaillait peut-\u00eatre sur un <b>nouvel ouvrage.<\/b> \u00ab Mais cela ne reste qu\u2019une hypoth\u00e8se \u00bb, conclut-il.<\/p>\n<p>Prix de l\u2019ouvrage : 49\u00a0\u20ac, disponible \u00e0 la boutique du mus\u00e9e, en librairie et sur Internet : librairie-des-musees.fr.<\/p>\n<p class=\" wall-content\">Suivez toute l\u2019actualit\u00e9 de vos villes et m\u00e9dias favoris en vous inscrivant \u00e0 <a href=\"https:\/\/moncompte.actu.fr\" title=\"D\u00e9couvez Mon Actu\" rel=\"nofollow noopener\" data-trk=\"{&quot;cta&quot;:{&quot;action&quot;:&quot;https:\\\/\\\/moncompte.actu.fr&quot;,&quot;category&quot;:&quot;mon compte&quot;,&quot;from&quot;:&quot;article footer&quot;,&quot;name&quot;:&quot;Mon actu&quot;,&quot;type&quot;:&quot;cta&quot;}}\" target=\"_blank\">Mon Actu<\/a>.<\/p>\n","protected":false},"excerpt":{"rendered":"Par Lucile Roger Publi\u00e9 le 27 juil. 2025 \u00e0 11h08 Apr\u00e8s 15\u00a0ann\u00e9es de recherches minutieuses, Pascal Lagadec signe&hellip;\n","protected":false},"author":2,"featured_media":277174,"comment_status":"","ping_status":"","sticky":false,"template":"","format":"standard","meta":{"footnotes":""},"categories":[1357],"tags":[1379,58,59,1011,27,937,1380,41636,104],"class_list":{"0":"post-277173","1":"post","2":"type-post","3":"status-publish","4":"format-standard","5":"has-post-thumbnail","7":"category-livres","8":"tag-books","9":"tag-divertissement","10":"tag-entertainment","11":"tag-fr","12":"tag-france","13":"tag-histoire","14":"tag-livres","15":"tag-musee-de-dieppe","16":"tag-societe"},"share_on_mastodon":{"url":"https:\/\/pubeurope.com\/@fr\/114924678383291316","error":""},"_links":{"self":[{"href":"https:\/\/www.europesays.com\/fr\/wp-json\/wp\/v2\/posts\/277173","targetHints":{"allow":["GET"]}}],"collection":[{"href":"https:\/\/www.europesays.com\/fr\/wp-json\/wp\/v2\/posts"}],"about":[{"href":"https:\/\/www.europesays.com\/fr\/wp-json\/wp\/v2\/types\/post"}],"author":[{"embeddable":true,"href":"https:\/\/www.europesays.com\/fr\/wp-json\/wp\/v2\/users\/2"}],"replies":[{"embeddable":true,"href":"https:\/\/www.europesays.com\/fr\/wp-json\/wp\/v2\/comments?post=277173"}],"version-history":[{"count":0,"href":"https:\/\/www.europesays.com\/fr\/wp-json\/wp\/v2\/posts\/277173\/revisions"}],"wp:featuredmedia":[{"embeddable":true,"href":"https:\/\/www.europesays.com\/fr\/wp-json\/wp\/v2\/media\/277174"}],"wp:attachment":[{"href":"https:\/\/www.europesays.com\/fr\/wp-json\/wp\/v2\/media?parent=277173"}],"wp:term":[{"taxonomy":"category","embeddable":true,"href":"https:\/\/www.europesays.com\/fr\/wp-json\/wp\/v2\/categories?post=277173"},{"taxonomy":"post_tag","embeddable":true,"href":"https:\/\/www.europesays.com\/fr\/wp-json\/wp\/v2\/tags?post=277173"}],"curies":[{"name":"wp","href":"https:\/\/api.w.org\/{rel}","templated":true}]}}