{"id":277177,"date":"2025-07-27T10:17:09","date_gmt":"2025-07-27T10:17:09","guid":{"rendered":"https:\/\/www.europesays.com\/fr\/277177\/"},"modified":"2025-07-27T10:17:09","modified_gmt":"2025-07-27T10:17:09","slug":"justin-bieber-poste-des-videos-intrigantes-sur-x-qui-inquietent-les-fans","status":"publish","type":"post","link":"https:\/\/www.europesays.com\/fr\/277177\/","title":{"rendered":"Justin Bieber poste des vid\u00e9os intrigantes sur X qui inqui\u00e8tent les fans"},"content":{"rendered":"<p>      R\u00e9sum\u00e9<\/p>\n<p>Justin Bieber suscite l&rsquo;inqui\u00e9tude avec une vid\u00e9o surprenante sur X, alors que ses difficult\u00e9s de sant\u00e9 et ses combats personnels sont toujours tr\u00e8s pr\u00e9sents dans sa vie.<\/p>\n<p>        Sommaire<\/p>\n<p><a href=\"https:\/\/www.public.fr\/justin-bieber-sappreterait-a-sortir-son-septieme-album-apres-3-ans-de-silence-musical\" target=\"_blank\" rel=\"noopener\">Justin Bieber <\/a>est l\u2019un des artistes les plus suivis de sa g\u00e9n\u00e9ration et chacun de ses posts est scrut\u00e9 \u00e0 la loupe. Sa derni\u00e8re vid\u00e9o publi\u00e9e sur le r\u00e9seau X, ce 26 juillet, ne fait pas exception. Sur les images, le chanteur appara\u00eet fatigu\u00e9 et hagard.<\/p>\n<p>Justin Bieber : cette vid\u00e9o qui d\u00e9clenche la panique sur X<\/p>\n<p>Sur l&rsquo;extrait, <a href=\"https:\/\/www.public.fr\/pape-leon-xiv-justin-bieber-et-madonna-parmi-ses-cousins\" target=\"_blank\" rel=\"noopener\">l&rsquo;artiste de 31 ans<\/a> semble visiblement inspir\u00e9 et impr\u00e9gn\u00e9 par l&rsquo;un de ses titres phare \u00ab\u00a0Butterflies\u00a0\u00bb entour\u00e9 de trois personnes dont il semble assez proche. Une chanson aux paroles plut\u00f4t \u00e9vocatrices : \u00ab\u00a0Tu veux juste de l&rsquo;argent&#8230;argent, c&rsquo;est tout ce que tu veux, tu ne te soucies pas des \u00eatres humains&#8230;\u00a0\u00bb. <\/p>\n<p>Rapidement, les r\u00e9actions de ses fans affluent : \u00a0\u00bb What is happening with Justin\u202f? He looks sick\u00a0\u00bb ou encore \u00ab\u00a0Stop with drugs baby Justin\u00a0\u00bb peut-on lire. Et ce n\u2019est pas la premi\u00e8re fois que Justin Bieber poste du <strong>contenu qui laisse ses fans perplexes<\/strong>. Entre rumeurs sur sa sant\u00e9 et images troublantes, la \u00ab\u00a0Bieber fever\u00a0\u00bb se transforme trop souvent en <strong>une vague d\u2019inqui\u00e9tude mondiale<\/strong>.<\/p>\n<p>Justin Bieber : une sant\u00e9 fragile et des comportements qui interrogent<\/p>\n<p>L\u2019inqui\u00e9tude des fans ne sort pas de nulle part. Depuis plusieurs ann\u00e9es, Justin Bieber parle ouvertement de ses probl\u00e8mes de sant\u00e9. On se souvient qu\u2019en 2022, il avait d\u00fb interrompre sa tourn\u00e9e mondiale \u00e0 cause du syndrome de Ramsay Hunt, une maladie neurologique rare qui lui avait provoqu\u00e9 une paralysie faciale partielle. Plus t\u00f4t, en 2020, il avait \u00e9galement r\u00e9v\u00e9l\u00e9 souffrir de maladie de Lyme et de mononucl\u00e9ose chronique, ce qui avait affect\u00e9 son \u00e9nergie et ses performances. Du c\u00f4t\u00e9 psychologique, <a href=\"https:\/\/www.public.fr\/justin-bieber-en-live-dans-un-etat-second-images-inquietantes-et-nouvelles-rumeurs-de-divorce\" target=\"_blank\" rel=\"noopener\">le jeune homme ne cache plus ses vuln\u00e9rabilit\u00e9s<\/a>. <\/p>\n<p>Face \u00e0 ces temp\u00eates r\u00e9currentes, <strong>le camp Bieber tente de calmer le jeu<\/strong>. L\u2019arriv\u00e9e de son premier enfant en 2024 aurait \u00e9t\u00e9 un tournant majeur, le poussant \u00e0 repenser ses priorit\u00e9s. Ses repr\u00e9sentants r\u00e9futeraient par ailleurs les rumeurs de rechute ou de consommation de substances.<\/p>\n<p>En juin dernier, la star s&rsquo;\u00e9tait confi\u00e9 sur <strong>la col\u00e8re qui l&rsquo;habite et qui serait n\u00e9e d&rsquo;un traumatisme<\/strong> : \u00ab\u00a0On n&rsquo;arr\u00eate pas de me dire de gu\u00e9rir. Si j&rsquo;avais pu me gu\u00e9rir, je l&rsquo;aurais d\u00e9j\u00e0 fait, non ? Je sais que je suis bris\u00e9. Je sais que j&rsquo;ai des probl\u00e8mes de col\u00e8re. J&rsquo;ai travaill\u00e9 toute ma vie pour \u00eatre comme les gens me disaient d&rsquo;\u00eatre, que j&rsquo;avais besoin d&rsquo;\u00eatre gu\u00e9ri, comme eux. Et \u00e7a ne fait que me fatiguer et m&rsquo;\u00e9nerver davantage. Plus j&rsquo;essaie de grandir, plus je me concentre sur moi-m\u00eame. J\u00e9sus est la seule personne qui me donne envie de consacrer ma vie aux autres\u00a0\u00bb avait-il d\u00e9clar\u00e9 sur Instagram. <\/p>\n<p>      Mentionn\u00e9s dans cet article<\/p>\n<p>\u00c0 lire aussi<\/p>\n","protected":false},"excerpt":{"rendered":"R\u00e9sum\u00e9 Justin Bieber suscite l&rsquo;inqui\u00e9tude avec une vid\u00e9o surprenante sur X, alors que ses difficult\u00e9s de sant\u00e9 et&hellip;\n","protected":false},"author":2,"featured_media":277178,"comment_status":"","ping_status":"","sticky":false,"template":"","format":"standard","meta":{"footnotes":""},"categories":[1355],"tags":[58,59,1011,27,7317,1361,873],"class_list":{"0":"post-277177","1":"post","2":"type-post","3":"status-publish","4":"format-standard","5":"has-post-thumbnail","7":"category-musique","8":"tag-divertissement","9":"tag-entertainment","10":"tag-fr","11":"tag-france","12":"tag-justin-bieber","13":"tag-music","14":"tag-musique"},"share_on_mastodon":{"url":"https:\/\/pubeurope.com\/@fr\/114924686128166248","error":""},"_links":{"self":[{"href":"https:\/\/www.europesays.com\/fr\/wp-json\/wp\/v2\/posts\/277177","targetHints":{"allow":["GET"]}}],"collection":[{"href":"https:\/\/www.europesays.com\/fr\/wp-json\/wp\/v2\/posts"}],"about":[{"href":"https:\/\/www.europesays.com\/fr\/wp-json\/wp\/v2\/types\/post"}],"author":[{"embeddable":true,"href":"https:\/\/www.europesays.com\/fr\/wp-json\/wp\/v2\/users\/2"}],"replies":[{"embeddable":true,"href":"https:\/\/www.europesays.com\/fr\/wp-json\/wp\/v2\/comments?post=277177"}],"version-history":[{"count":0,"href":"https:\/\/www.europesays.com\/fr\/wp-json\/wp\/v2\/posts\/277177\/revisions"}],"wp:featuredmedia":[{"embeddable":true,"href":"https:\/\/www.europesays.com\/fr\/wp-json\/wp\/v2\/media\/277178"}],"wp:attachment":[{"href":"https:\/\/www.europesays.com\/fr\/wp-json\/wp\/v2\/media?parent=277177"}],"wp:term":[{"taxonomy":"category","embeddable":true,"href":"https:\/\/www.europesays.com\/fr\/wp-json\/wp\/v2\/categories?post=277177"},{"taxonomy":"post_tag","embeddable":true,"href":"https:\/\/www.europesays.com\/fr\/wp-json\/wp\/v2\/tags?post=277177"}],"curies":[{"name":"wp","href":"https:\/\/api.w.org\/{rel}","templated":true}]}}