{"id":277179,"date":"2025-07-27T10:18:22","date_gmt":"2025-07-27T10:18:22","guid":{"rendered":"https:\/\/www.europesays.com\/fr\/277179\/"},"modified":"2025-07-27T10:18:22","modified_gmt":"2025-07-27T10:18:22","slug":"la-bande-annonce-choc-debarque-mais-pas-ou-vous-croyez","status":"publish","type":"post","link":"https:\/\/www.europesays.com\/fr\/277179\/","title":{"rendered":"La bande-annonce choc d\u00e9barque, mais pas o\u00f9 vous croyez !"},"content":{"rendered":"<p>\t\t\t\t\t\t\t\t\t<img width=\"100\" height=\"100\" src=\"https:\/\/www.europesays.com\/fr\/wp-content\/uploads\/2025\/07\/library_1753342395363.webp\" fetchpriority=\"high\" loading=\"eager\" decoding=\"sync\" class=\"no-lazy attachment-full size-full\" alt=\"Avatar 3 : La bande-annonce choc d\u00e9barque, mais pas o\u00f9 vous croyez !\" itemprop=\"image\"  \/><\/p>\n<p>Cr\u00e9dit photo : Credit: 20th Century Studios<\/p>\n<p>La saga <strong>Avatar<\/strong> s\u2019appr\u00eate \u00e0 \u00e9crire un nouveau chapitre flamboyant avec \u00ab Avatar 3 : Fire and Ash \u00bb (de feu et de cendres en fran\u00e7ais), qui d\u00e9barquera dans les salles fran\u00e7aises le 17 d\u00e9cembre prochain. Apr\u00e8s des ann\u00e9es d\u2019attente, la machine \u00e0 r\u00eaves de James Cameron se remet en marche. Mais une surprise de taille attend d\u00e9j\u00e0 les fans les plus impatients\u2026<\/p>\n<p>Un lancement myst\u00e9rieux et une attente insoutenable<\/p>\n<p>Il r\u00e9gnait une excitation palpable autour de la sortie de la <a target=\"_blank\" rel=\"noopener\" href=\"https:\/\/www.francematin.info\/finances\/mauvaise-nouvelle-pour-125-millions-de-francais-detenteurs-du-livret-a-des-la-mi-juillet\">nouvelle<\/a> affiche, d\u00e9voil\u00e9e tout juste hier. On pouvait y d\u00e9couvrir la moiti\u00e9 du visage de Varang, la cheffe charismatique du clan Mangkwan, incarn\u00e9e par Oona Chaplin. Cette premi\u00e8re image, sombre et intense, promettait d\u00e9j\u00e0 un virage radical pour la saga culte. Mais le v\u00e9ritable \u00e9v\u00e9nement du jour, c\u2019est l\u2019arriv\u00e9e tant attendue de la bande-annonce.<\/p>\n<p>Seulement, il existe une condition bien particuli\u00e8re pour d\u00e9couvrir ces premi\u00e8res images in\u00e9dites : il faut se rendre\u2026 au cin\u00e9ma !<\/p>\n<p>Une bande-annonce exclusive, r\u00e9serv\u00e9e aux salles obscures<\/p>\n<p>Alors que les habitu\u00e9s s\u2019attendaient \u00e0 retrouver le trailer sur YouTube, 20th Century Studios a pris tout le monde de court. La premi\u00e8re bande-annonce d\u2019<strong>Avatar 3<\/strong> ne sera visible, dans un premier temps, que sur grand \u00e9cran. Plus pr\u00e9cis\u00e9ment, elle est projet\u00e9e d\u00e8s aujourd\u2019hui en avant-programme du tout dernier volet des 4 Fantastiques.<\/p>\n<p>R\u00e9sultat ? Les fans se pressent dans les salles de cin\u00e9ma fran\u00e7aises pour avoir la primeur de ces images tant esp\u00e9r\u00e9es. Une strat\u00e9gie qui rappelle l\u2019\u00e2ge d\u2019or du cin\u00e9ma, o\u00f9 chaque d\u00e9couverte se m\u00e9ritait, et o\u00f9 l\u2019attente faisait partie int\u00e9grante de l&rsquo;exp\u00e9rience.<\/p>\n<p>Envie de voir la bande-annonce avant tout le monde ? Il vous suffit de prendre votre place pour \u00ab Les 4 Fantastiques \u00bb et de vous laisser emporter par la magie de Pandora, toujours plus sombre et tourment\u00e9e.<\/p>\n<p>Un troisi\u00e8me opus plac\u00e9 sous le signe de la noirceur<\/p>\n<p>Mais que r\u00e9v\u00e8le cette bande-annonce tant attendue ? Tout commence par un retour sur les moments forts du pr\u00e9c\u00e9dent film, histoire de replacer le spectateur dans l\u2019ambiance si particuli\u00e8re de Pandora. Rapidement, le ton change : place aux nouveaut\u00e9s et aux r\u00e9v\u00e9lations fracassantes !<\/p>\n<p>Les spectateurs en prennent plein les yeux avec l\u2019apparition des immenses navires Na\u2019vi, pilot\u00e9s par des cr\u00e9atures gigantesques. La cam\u00e9ra s\u2019attarde ensuite sur le territoire du Peuple des Cendres, les myst\u00e9rieux Mangkwan, dont les terres semblent aussi hostiles qu\u2019intrigantes.<\/p>\n<ul>\n<li>\n<p>Apparition de Varang, la nouvelle antagoniste, plus mena\u00e7ante que jamais.<\/p>\n<\/li>\n<li>\n<p>Pr\u00e9sentation du clan Mangkwan et de leur univers oppressant.<\/p>\n<\/li>\n<li>\n<p>Retour de personnages embl\u00e9matiques comme Jake Sully et la princesse Na\u2019vi.<\/p>\n<\/li>\n<li>\n<p>Mont\u00e9e en puissance de l\u2019action et de la tension, avec des plans de bataille impressionnants.<\/p>\n<\/li>\n<li>\n<p>Un final marquant : \u00ab Votre d\u00e9esse n\u2019a aucune souverainet\u00e9 ici \u00bb \u2013 la d\u00e9claration gla\u00e7ante de Varang.<\/p>\n<\/li>\n<\/ul>\n<p>Des affrontements \u00e0 venir et une ambiance in\u00e9dite<\/p>\n<p>Le trailer laisse entrevoir des conflits d\u2019une rare intensit\u00e9. Varang s\u2019impose d\u2019embl\u00e9e comme une adversaire redoutable. Son affrontement avec les autres clans Na\u2019vi s\u2019annonce aussi spectaculaire que tragique. La pr\u00e9sence du colonel Miles Quaritch, d\u00e9sormais sous forme Na\u2019vi et arborant des peintures rouges, laisse pr\u00e9sager des alliances et des trahisons inattendues.<\/p>\n<p>Peu de dialogues, mais beaucoup de tension et de visuels \u00e0 couper le souffle : la bande-annonce d\u2019Avatar 3 promet un film plus sombre, plus violent, o\u00f9 chaque clan devra d\u00e9fendre sa survie face \u00e0 la mont\u00e9e des cendres.<\/p>\n<p>Attention : la bande-annonce n\u2019est pour l\u2019instant <strong>pas disponible en ligne<\/strong>. Il faudra patienter quelques jours avant sa publication officielle sur les plateformes vid\u00e9o. En attendant, seuls les spectateurs des salles obscures ont ce privil\u00e8ge rare !<\/p>\n<p>Un engouement qui ne faiblit pas<\/p>\n<p>L\u2019annonce de cette diffusion exclusive a d\u00e9clench\u00e9 une v\u00e9ritable ru\u00e9e vers les cin\u00e9mas. Sur les r\u00e9seaux sociaux, les premiers spectateurs partagent d\u00e9j\u00e0 leurs impressions, oscillant entre \u00e9merveillement et impatience. Beaucoup saluent la volont\u00e9 du studio de r\u00e9affirmer la magie du cin\u00e9ma, loin du num\u00e9rique et du streaming imm\u00e9diat.<\/p>\n<p>\u00ab J\u2019ai vu la bande-annonce d\u2019Avatar 3 avant Les 4 Fantastiques, et c\u2019est tout simplement incroyable ! J\u2019en ai des frissons\u2026 \u00bb \u2013 Clara, 24 ans, sur Twitter.<\/p>\n<p>Et apr\u00e8s ?<\/p>\n<p>Pour les fans qui n\u2019auraient pas la chance de se rendre en salle d\u00e8s aujourd\u2019hui, pas d\u2019inqui\u00e9tude : la bande-annonce d\u2019Avatar : de feu et de cendres sera mise en ligne dans les jours \u00e0 venir. D\u2019ici l\u00e0, l\u2019attente ne fait qu\u2019aiguiser la curiosit\u00e9 et l\u2019enthousiasme des amateurs de science-fiction.<\/p>\n<p>James Cameron semble pr\u00eat \u00e0 repousser une nouvelle fois les limites du cin\u00e9ma, tant sur le plan technique que narratif. Ce troisi\u00e8me opus s\u2019annonce comme l\u2019un des \u00e9v\u00e9nements majeurs de la fin d\u2019ann\u00e9e, avec son univers toujours plus riche, ses personnages inoubliables et ses enjeux dramatiques d\u2019une intensit\u00e9 rare.<\/p>\n","protected":false},"excerpt":{"rendered":"Cr\u00e9dit photo : Credit: 20th Century Studios La saga Avatar s\u2019appr\u00eate \u00e0 \u00e9crire un nouveau chapitre flamboyant avec&hellip;\n","protected":false},"author":2,"featured_media":277180,"comment_status":"","ping_status":"","sticky":false,"template":"","format":"standard","meta":{"footnotes":""},"categories":[1354],"tags":[41638,41637,58,28954,41639,59,1346,1011,27,1360],"class_list":{"0":"post-277179","1":"post","2":"type-post","3":"status-publish","4":"format-standard","5":"has-post-thumbnail","7":"category-films","8":"tag-audit-energetique","9":"tag-diagnostic-immobilier","10":"tag-divertissement","11":"tag-dpe","12":"tag-economies-denergies","13":"tag-entertainment","14":"tag-films","15":"tag-fr","16":"tag-france","17":"tag-movies"},"share_on_mastodon":{"url":"https:\/\/pubeurope.com\/@fr\/114924690140842597","error":""},"_links":{"self":[{"href":"https:\/\/www.europesays.com\/fr\/wp-json\/wp\/v2\/posts\/277179","targetHints":{"allow":["GET"]}}],"collection":[{"href":"https:\/\/www.europesays.com\/fr\/wp-json\/wp\/v2\/posts"}],"about":[{"href":"https:\/\/www.europesays.com\/fr\/wp-json\/wp\/v2\/types\/post"}],"author":[{"embeddable":true,"href":"https:\/\/www.europesays.com\/fr\/wp-json\/wp\/v2\/users\/2"}],"replies":[{"embeddable":true,"href":"https:\/\/www.europesays.com\/fr\/wp-json\/wp\/v2\/comments?post=277179"}],"version-history":[{"count":0,"href":"https:\/\/www.europesays.com\/fr\/wp-json\/wp\/v2\/posts\/277179\/revisions"}],"wp:featuredmedia":[{"embeddable":true,"href":"https:\/\/www.europesays.com\/fr\/wp-json\/wp\/v2\/media\/277180"}],"wp:attachment":[{"href":"https:\/\/www.europesays.com\/fr\/wp-json\/wp\/v2\/media?parent=277179"}],"wp:term":[{"taxonomy":"category","embeddable":true,"href":"https:\/\/www.europesays.com\/fr\/wp-json\/wp\/v2\/categories?post=277179"},{"taxonomy":"post_tag","embeddable":true,"href":"https:\/\/www.europesays.com\/fr\/wp-json\/wp\/v2\/tags?post=277179"}],"curies":[{"name":"wp","href":"https:\/\/api.w.org\/{rel}","templated":true}]}}