{"id":27718,"date":"2025-04-15T22:15:08","date_gmt":"2025-04-15T22:15:08","guid":{"rendered":"https:\/\/www.europesays.com\/fr\/27718\/"},"modified":"2025-04-15T22:15:08","modified_gmt":"2025-04-15T22:15:08","slug":"prisons-attaquees-feu-sur-letat-francais","status":"publish","type":"post","link":"https:\/\/www.europesays.com\/fr\/27718\/","title":{"rendered":"\u00abPrisons attaqu\u00e9es, feu sur l\u2019\u00c9tat fran\u00e7ais\u00bb"},"content":{"rendered":"<p>La \u00ab\u200amexicanisation\u00a0\u00bb de la France et d\u2019une partie de l\u2019Europe n\u2019est pas seulement une formule.<\/p>\n<p class=\"fig-paragraph\">Nanterre, Valence, Villepinte\u2026\u00a0<a href=\"http:\/\/www.lefigaro.fr\/actualite-france\/derriere-les-attaques-massives-contre-les-prisons-le-spectre-d-une-declaration-de-guerre-des-narcotrafiquants-20250415\" data-fig-type=\"Article\" data-gtm-custom-categorie=\"navigation\" data-gtm-custom-action=\"crossclick\" data-gtm-custom-label=\"Contextuel\" data-gtm-event=\"customEventSPE\" data-fig-domain=\"LEFIGARO\" target=\"_blank\" rel=\"noopener\">Plusieurs attaques coordonn\u00e9es<\/a>\u00a0ont \u00e9t\u00e9 lanc\u00e9es dans la nuit de lundi \u00e0 mardi contre des prisons. Des impacts de tirs \u00e0 l\u2019arme lourde ont \u00e9t\u00e9 retrouv\u00e9s dans le sas d\u2019entr\u00e9e de celle de Toulon. Ailleurs, comme \u00e0 Marseille, des v\u00e9hicules appartenant \u00e0 des agents p\u00e9nitentiaires ont \u00e9t\u00e9 incendi\u00e9s ou tagu\u00e9s. Quels \u00e9taient les commandos \u00e0 l\u2019\u0153uvre\u00a0? L\u2019extr\u00eame gravit\u00e9 des faits a conduit le Parquet national antiterroriste \u00e0 se saisir de l\u2019enqu\u00eate.<\/p>\n<p class=\"fig-paragraph\">Deux pistes, qui s\u2019entrem\u00ealent peut-\u00eatre, sont particuli\u00e8rement explor\u00e9es. L\u2019une remonte \u00e0 l\u2019ultragauche, toujours en r\u00e9volte contre l\u2019oppression bourgeoise, dont les prisons restent le symbole. L\u2019autre renvoie au narcotrafic, dont les ca\u00efds souhaiteraient r\u00e9pliquer \u00e0 la guerre sans merci que leur ont d\u00e9clar\u00e9 G\u00e9rald Darmanin et\u00a0<a href=\"http:\/\/www.lefigaro.fr\/international\/tensions-entre-la-france-et-l-algerie-ou-en-est-la-riposte-graduee-promise-par-bruno-retailleau-20250415\" data-fig-type=\"Article\" data-gtm-custom-categorie=\"navigation\" data-gtm-custom-action=\"crossclick\" data-gtm-custom-label=\"Contextuel\" data-gtm-event=\"customEventSPE\" data-fig-domain=\"LEFIGARO\" target=\"_blank\" rel=\"noopener\">Bruno Retailleau<\/a>.<\/p>\n<p class=\"fig-body-link\">\n            \u00c0 lire aussi<br \/>\n        <a class=\"fig-body-link__link fig-premium-mark\" href=\"http:\/\/www.lefigaro.fr\/actualite-france\/surpopulation-carcerale-gerald-darmanin-accelere-la-construction-de-3000-places-de-prison-en-prefabrique-20250413\" data-fig-type=\"Article\" data-gtm-custom-categorie=\"navigation\" data-gtm-custom-action=\"crossclick\" data-gtm-custom-label=\"Contextuel\" data-gtm-event=\"customEventSPE\" data-fig-domain=\"LEFIGARO\" target=\"_blank\" rel=\"noopener\">Surpopulation carc\u00e9rale: G\u00e9rald Darmanin acc\u00e9l\u00e8re la construction de 3000\u00a0places de prison en pr\u00e9fabriqu\u00e9<br \/>\n    <\/a>\n<\/p>\n<p class=\"fig-paragraph\">Une chose est s\u00fbre\u00a0: c\u2019est l\u2019\u00c9tat qui est d\u00e9fi\u00e9 et que les uns comme les autres veulent d\u00e9stabiliser pour imposer leur loi, cr\u00e9er un \u00c9tat dans l\u2019\u00c9tat. Quant \u00e0 ceux qui ont\u2026<\/p>\n<p class=\"fig-premium-paywall__infos\">\n        Cet article est r\u00e9serv\u00e9 aux abonn\u00e9s.        Il vous reste 57% \u00e0 d\u00e9couvrir.\n    <\/p>\n<p>                <img  data- alt=\"Le Figaro\" class=\"fig-img--complete fig-img\"\/><\/p>\n<p class=\"fig-premium-paywall__title\">Vous avez envie de lire la suite ?<\/p>\n<p class=\"fig-premium-paywall__subtitle\">D\u00e9bloquez tous les articles imm\u00e9diatement.<\/p>\n<p class=\"fig-premium-paywall__connect\">\n                D\u00e9j\u00e0 abonn\u00e9\u00a0?                <a class=\"fig-premium-paywall__connect-link\" href=\"https:\/\/connect.lefigaro.fr\/login?client=horizon_web&amp;type=main&amp;redirect_uri=https%3A%2F%2Fwww.lefigaro.fr%2Fvox%2Fsociete%2Fl-editorial-d-yves-threard-prisons-attaquees-feu-sur-l-etat-francais-20250415\" data-js-gtm=\"{&quot;customCategorie&quot;: &quot;conversion&quot;, &quot;customAction&quot;: &quot;before_Landing_Connexion_paywall_auto&quot;, &quot;customLabel&quot;: &quot;bGVmaWdhcm8uZnJfXzFmMDFhMTcyLWUwN2UtNjcxYS1hZTNmLThkMDVmYzc4MzY5Yl9fQXJ0aWNsZQ==_L\u2019\u00e9ditorial d\u2019Yves Thr\u00e9ard\u00a0: \u00abPrisons attaqu\u00e9es, feu sur l\u2019\u00c9tat fran\u00e7ais\u00bb_175&quot;, &quot;customIDSPE&quot;: &quot;bGVmaWdhcm8uZnJfXzFmMDFhMTcyLWUwN2UtNjcxYS1hZTNmLThkMDVmYzc4MzY5Yl9fQXJ0aWNsZQ==&quot;, &quot;event&quot;: &quot;customEventSPE&quot;}\" target=\"_blank\" rel=\"noopener\"><br \/>\n                    Connectez-vous<br \/>\n                <\/a>\n            <\/p>\n","protected":false},"excerpt":{"rendered":"La \u00ab\u200amexicanisation\u00a0\u00bb de la France et d\u2019une partie de l\u2019Europe n\u2019est pas seulement une formule. Nanterre, Valence, Villepinte\u2026\u00a0Plusieurs&hellip;\n","protected":false},"author":2,"featured_media":27719,"comment_status":"","ping_status":"","sticky":false,"template":"","format":"standard","meta":{"footnotes":""},"categories":[2],"tags":[11,1428,1292,5361,5360,8425,1429,1011,27,12,1427,806,1426,25,104],"class_list":{"0":"post-27718","1":"post","2":"type-post","3":"status-publish","4":"format-standard","5":"has-post-thumbnail","7":"category-actualites","8":"tag-actualites","9":"tag-chroniqueurs","10":"tag-debat","11":"tag-debat-societe","12":"tag-debats-societaux","13":"tag-editorial-figaro","14":"tag-figarovox","15":"tag-fr","16":"tag-france","17":"tag-news","18":"tag-opinions","19":"tag-prison","20":"tag-questions","21":"tag-republique-francaise","22":"tag-societe"},"share_on_mastodon":{"url":"https:\/\/pubeurope.com\/@fr\/114344291589849097","error":""},"_links":{"self":[{"href":"https:\/\/www.europesays.com\/fr\/wp-json\/wp\/v2\/posts\/27718","targetHints":{"allow":["GET"]}}],"collection":[{"href":"https:\/\/www.europesays.com\/fr\/wp-json\/wp\/v2\/posts"}],"about":[{"href":"https:\/\/www.europesays.com\/fr\/wp-json\/wp\/v2\/types\/post"}],"author":[{"embeddable":true,"href":"https:\/\/www.europesays.com\/fr\/wp-json\/wp\/v2\/users\/2"}],"replies":[{"embeddable":true,"href":"https:\/\/www.europesays.com\/fr\/wp-json\/wp\/v2\/comments?post=27718"}],"version-history":[{"count":0,"href":"https:\/\/www.europesays.com\/fr\/wp-json\/wp\/v2\/posts\/27718\/revisions"}],"wp:featuredmedia":[{"embeddable":true,"href":"https:\/\/www.europesays.com\/fr\/wp-json\/wp\/v2\/media\/27719"}],"wp:attachment":[{"href":"https:\/\/www.europesays.com\/fr\/wp-json\/wp\/v2\/media?parent=27718"}],"wp:term":[{"taxonomy":"category","embeddable":true,"href":"https:\/\/www.europesays.com\/fr\/wp-json\/wp\/v2\/categories?post=27718"},{"taxonomy":"post_tag","embeddable":true,"href":"https:\/\/www.europesays.com\/fr\/wp-json\/wp\/v2\/tags?post=27718"}],"curies":[{"name":"wp","href":"https:\/\/api.w.org\/{rel}","templated":true}]}}