{"id":277187,"date":"2025-07-27T10:22:10","date_gmt":"2025-07-27T10:22:10","guid":{"rendered":"https:\/\/www.europesays.com\/fr\/277187\/"},"modified":"2025-07-27T10:22:10","modified_gmt":"2025-07-27T10:22:10","slug":"plus-quune-mise-a-jour-un-tournant-historique-pour-lintelligence-artificielle","status":"publish","type":"post","link":"https:\/\/www.europesays.com\/fr\/277187\/","title":{"rendered":"plus qu\u2019une mise \u00e0 jour, un tournant historique pour l\u2019intelligence artificielle"},"content":{"rendered":"<p><img fetchpriority=\"high\" decoding=\"async\" width=\"1024\" height=\"586\" src=\"https:\/\/www.europesays.com\/fr\/wp-content\/uploads\/2025\/07\/open-ai-gpt-5-lancement-1024x586.webp.webp\" alt=\"Smartphone affichant le logo OpenAI et l\u2019inscription GPT-5 sur un fond lumineux d\u00e9grad\u00e9\" class=\"wp-image-984224\"  \/>Lancement officiel de GPT-5 : OpenAI pr\u00e9sente sa nouvelle IA g\u00e9n\u00e9rationnelle aux capacit\u00e9s impressionnantes \u2013 DailyGeekShow.com<\/p>\n<p><strong>Oubliez GPT-4, GPT-4o ou Turbo : <a href=\"https:\/\/dailygeekshow.com\/je-navais-jamais-vu-ca-cette-ia-a-surpasse-les-meilleurs-mathematiciens-en-direct-sans-aucune-hesitation\/\" rel=\"nofollow noopener\" target=\"_blank\">OpenAI<\/a> veut simplifier l\u2019intelligence artificielle. GPT\u20115 arrive d\u00e9but ao\u00fbt avec une ambition folle, unifier tous les mod\u00e8les dans un seul syst\u00e8me, plus fluide, plus accessible, plus intelligent.<\/strong><\/p>\n<p>OpenAI veut \u00e9liminer la confusion en fusionnant tous ses mod\u00e8les d\u2019IA dans une seule architecture<\/p>\n<p>Selon les informations relay\u00e9es par The Verge, <strong>OpenAI pr\u00e9voit de lancer GPT\u20115 dans les tous premiers jours d\u2019ao\u00fbt<\/strong>. Cette nouvelle version ne viendra pas simplement s\u2019ajouter aux pr\u00e9c\u00e9dentes, mais les remplacera toutes. <strong>Fini les versions multiples<\/strong>, GPT\u20115 deviendra <strong>le <a href=\"https:\/\/dailygeekshow.com\/cette-ia-devine-des-mots-directement-dans-le-cerveau-avec-une-precision-jamais-vue\/\" rel=\"nofollow noopener\" target=\"_blank\">cerveau<\/a> central unique<\/strong> qui alimentera tous les usages de ChatGPT, grand public comme professionnels. Cette d\u00e9cision vise \u00e0 simplifier l\u2019exp\u00e9rience utilisateur, \u00e0 la fois sur mobile, ordinateur et via API.<\/p>\n<p>Lire aussi <a href=\"https:\/\/dailygeekshow.com\/elon-musk-decroche-tesla-degringole-quand-la-tech-prend-le-pas-sur-la-realite\/\" rel=\"nofollow noopener\" target=\"_blank\">Elon Musk d\u00e9croche, Tesla d\u00e9gringole : l\u2019obsession de l\u2019IA ne compense plus les mauvais r\u00e9sultats financiers<\/a><\/p>\n<p>Dans cette logique de simplification, trois d\u00e9clinaisons seront propos\u00e9es : une version \u00ab main \u00bb pour le grand public, une version \u00ab mini \u00bb pens\u00e9e pour les appareils peu puissants, et une version \u00ab nano \u00bb d\u00e9di\u00e9e aux int\u00e9grateurs et d\u00e9veloppeurs tiers. <strong>Toutes partageront la m\u00eame base technologique<\/strong>, ce qui permettra d\u2019\u00e9viter les choix complexes entre GPT\u20114, o3 ou Turbo, comme auparavant.<\/p>\n<p>\u00ab Nous d\u00e9testons le s\u00e9lecteur de mod\u00e8le autant que vous \u00bb, affirme <strong>Sam Altman<\/strong>, PDG d\u2019OpenAI. \u00ab Nous voulons une intelligence unifi\u00e9e, qui fonctionne comme par magie. \u00bb<\/p>\n<p>GPT\u20115 combine les forces de GPT\u20114, GPT\u20114o et du mod\u00e8le o3 dans un nouveau moteur plus souple<\/p>\n<p>Sur le plan technique, <strong>GPT\u20115 int\u00e8gre les meilleures caract\u00e9ristiques des versions ant\u00e9rieures<\/strong>. Il combinera le raisonnement pouss\u00e9 de GPT\u20114, la rapidit\u00e9 d\u2019ex\u00e9cution du mod\u00e8le o3, ainsi que les qualit\u00e9s conversationnelles raffin\u00e9es de GPT\u20114o. Gr\u00e2ce \u00e0 cette fusion, les utilisateurs b\u00e9n\u00e9ficieront d\u2019une exp\u00e9rience fluide et homog\u00e8ne.<\/p>\n<p>Lire aussi <a href=\"https:\/\/dailygeekshow.com\/je-navais-jamais-vu-ca-cette-ia-a-surpasse-les-meilleurs-mathematiciens-en-direct-sans-aucune-hesitation\/\" rel=\"nofollow noopener\" target=\"_blank\">\u00ab Je n\u2019avais jamais vu \u00e7a \u00bb : cette IA a surpass\u00e9 les meilleurs math\u00e9maticiens en direct, sans aucune h\u00e9sitation<\/a><\/p>\n<p>Une nouveaut\u00e9 cl\u00e9 r\u00e9side dans <strong>l\u2019int\u00e9gration directe de GPT\u20115 dans <a href=\"https:\/\/dailygeekshow.com\/chatgpt-vous-aide-nvidia-flambe-a-4000-milliards-pendant-que-vos-neurones-seteignent-en-silence\/\" rel=\"nofollow noopener\" target=\"_blank\">ChatGPT<\/a><\/strong>. Les utilisateurs, qu\u2019ils soient abonn\u00e9s ou non, n\u2019auront plus \u00e0 s\u00e9lectionner un mod\u00e8le manuellement. <strong>L\u2019intelligence s\u2019ajustera automatiquement<\/strong> \u00e0 chaque besoin, ce qui rendra l\u2019utilisation bien plus intuitive.<\/p>\n<p>Par ailleurs, OpenAI adopte une <strong>approche modulaire intelligente<\/strong>. Chaque requ\u00eate mobilisera les ressources appropri\u00e9es selon sa complexit\u00e9. Un simple r\u00e9sum\u00e9 activera des modules l\u00e9gers, tandis qu\u2019une analyse pouss\u00e9e exploitera toute la puissance de l\u2019architecture. <strong>Cette logique r\u00e9duit les d\u00e9lais de traitement tout en optimisant l\u2019\u00e9nergie consomm\u00e9e.<\/strong><\/p>\n<p>Sam Altman pr\u00f4ne une IA invisible, intelligente, et intuitive pour tous les usages quotidiens<\/p>\n<p>Pour <strong>Sam Altman<\/strong>, GPT\u20115 d\u00e9passe le cadre d\u2019une am\u00e9lioration technologique. Il repr\u00e9sente une \u00e9tape dans sa vision d\u2019une <strong><a href=\"https:\/\/dailygeekshow.com\/intelligence-artificielle-la-verite-derangeante-sur-lapprentissage-humain-revelee-par-le-mit\/\" rel=\"nofollow noopener\" target=\"_blank\">intelligence artificielle<\/a> universelle<\/strong>, omnipr\u00e9sente mais discr\u00e8te. Lors de ses derni\u00e8res prises de parole, il a insist\u00e9 : \u00ab L\u2019IA doit devenir aussi naturelle que l\u2019\u00e9lectricit\u00e9. \u00bb<\/p>\n<p>Lire aussi <a href=\"https:\/\/dailygeekshow.com\/elon-musk-persiste-et-signe-avec-une-ia-ultra-provocante-entre-charme-virtuel-et-discours-revolutionnaire\/\" rel=\"nofollow noopener\" target=\"_blank\">Elon Musk persiste et signe avec une IA ultra-provocante : entre charme virtuel et discours r\u00e9volutionnaire<\/a><\/p>\n<p>Il explique que les utilisateurs ne devraient pas avoir \u00e0 comprendre le fonctionnement d\u2019un mod\u00e8le de langage pour en tirer parti. C\u2019est \u00e0 OpenAI de proposer une interface claire, <strong>sans obstacle technique<\/strong>, qui laisse la complexit\u00e9 en arri\u00e8re-plan.<\/p>\n<p>C\u2019est dans cette direction que GPT\u20115 est d\u00e9velopp\u00e9. Gr\u00e2ce \u00e0 ses capacit\u00e9s contextuelles accrues, il s\u2019adapte aux intentions, ajuste ses r\u00e9ponses, et peut m\u00eame, selon sa directrice technique, <strong>atteindre un niveau de raisonnement \u00e9quivalent \u00e0 celui d\u2019un doctorant<\/strong> pour certaines t\u00e2ches sp\u00e9cialis\u00e9es.<\/p>\n<p>Une simplification radicale qui pourrait transformer notre rapport \u00e0 l\u2019intelligence artificielle<\/p>\n<p>Le pari de fusionner tous les mod\u00e8les dans un syst\u00e8me unique reste ambitieux. Mais si GPT\u20115 parvient \u00e0 d\u00e9livrer cette promesse, <strong>il pourrait profond\u00e9ment transformer notre mani\u00e8re d\u2019interagir avec les intelligences artificielles<\/strong>.<\/p>\n<p>Lire aussi <a href=\"https:\/\/dailygeekshow.com\/145-000-euros-le-drone-comment-larmee-americaine-echouent-a-copier-une-arme-ukrainienne-a-800-euros\/\" rel=\"nofollow noopener\" target=\"_blank\">145 000 euros le drone : comment l\u2019arm\u00e9e am\u00e9ricaine \u00e9choue \u00e0 copier une arme ukrainienne \u00e0 800 euros<\/a><\/p>\n<p>Le mois d\u2019ao\u00fbt s\u2019annonce donc crucial. Des tests publics et des d\u00e9monstrations devraient rapidement suivre le lancement. <strong>Les d\u00e9veloppeurs, entreprises et utilisateurs curieux surveilleront avec attention cette nouvelle g\u00e9n\u00e9ration d\u2019IA.<\/strong> En cas de succ\u00e8s, <strong>GPT\u20115 ne sera pas seulement une avanc\u00e9e technologique, mais une r\u00e9volution dans l\u2019usage de l\u2019IA au quotidien.<\/strong><\/p>\n","protected":false},"excerpt":{"rendered":"Lancement officiel de GPT-5 : OpenAI pr\u00e9sente sa nouvelle IA g\u00e9n\u00e9rationnelle aux capacit\u00e9s impressionnantes \u2013 DailyGeekShow.com Oubliez GPT-4,&hellip;\n","protected":false},"author":2,"featured_media":277188,"comment_status":"","ping_status":"","sticky":false,"template":"","format":"standard","meta":{"footnotes":""},"categories":[7],"tags":[1011,27,43,40,41,39,42,44],"class_list":{"0":"post-277187","1":"post","2":"type-post","3":"status-publish","4":"format-standard","5":"has-post-thumbnail","7":"category-sciences-et-technologies","8":"tag-fr","9":"tag-france","10":"tag-science","11":"tag-science-and-technology","12":"tag-sciences","13":"tag-sciences-et-technologies","14":"tag-technologies","15":"tag-technology"},"share_on_mastodon":{"url":"https:\/\/pubeurope.com\/@fr\/114924705890080912","error":""},"_links":{"self":[{"href":"https:\/\/www.europesays.com\/fr\/wp-json\/wp\/v2\/posts\/277187","targetHints":{"allow":["GET"]}}],"collection":[{"href":"https:\/\/www.europesays.com\/fr\/wp-json\/wp\/v2\/posts"}],"about":[{"href":"https:\/\/www.europesays.com\/fr\/wp-json\/wp\/v2\/types\/post"}],"author":[{"embeddable":true,"href":"https:\/\/www.europesays.com\/fr\/wp-json\/wp\/v2\/users\/2"}],"replies":[{"embeddable":true,"href":"https:\/\/www.europesays.com\/fr\/wp-json\/wp\/v2\/comments?post=277187"}],"version-history":[{"count":0,"href":"https:\/\/www.europesays.com\/fr\/wp-json\/wp\/v2\/posts\/277187\/revisions"}],"wp:featuredmedia":[{"embeddable":true,"href":"https:\/\/www.europesays.com\/fr\/wp-json\/wp\/v2\/media\/277188"}],"wp:attachment":[{"href":"https:\/\/www.europesays.com\/fr\/wp-json\/wp\/v2\/media?parent=277187"}],"wp:term":[{"taxonomy":"category","embeddable":true,"href":"https:\/\/www.europesays.com\/fr\/wp-json\/wp\/v2\/categories?post=277187"},{"taxonomy":"post_tag","embeddable":true,"href":"https:\/\/www.europesays.com\/fr\/wp-json\/wp\/v2\/tags?post=277187"}],"curies":[{"name":"wp","href":"https:\/\/api.w.org\/{rel}","templated":true}]}}