{"id":277193,"date":"2025-07-27T10:25:12","date_gmt":"2025-07-27T10:25:12","guid":{"rendered":"https:\/\/www.europesays.com\/fr\/277193\/"},"modified":"2025-07-27T10:25:12","modified_gmt":"2025-07-27T10:25:12","slug":"zaho-de-sagazan-ne-veut-plus-quemmanuel-macron-utilise-sa-chanson-si-rien-nest-fait-pour-gaza","status":"publish","type":"post","link":"https:\/\/www.europesays.com\/fr\/277193\/","title":{"rendered":"Zaho de Sagazan ne veut plus qu\u2019Emmanuel Macron utilise sa chanson si rien n\u2019est fait pour Gaza"},"content":{"rendered":"<p>        <img decoding=\"async\" loading=\"lazy\" src=\"https:\/\/www.europesays.com\/fr\/wp-content\/uploads\/2025\/07\/cdfaf83_1716551783422-gettyimages-2153297904.jpg\"  width=\"728\" height=\"409\" alt=\"Zaho de\u00a0Sagazan a interpell\u00e9 Emmanuel Macron sur Gaza dans un long message, lui enjoignant de passer \u00e0 l\u2019action.\"\/>  <\/p>\n<p>Marc Piasecki \/ FilmMagic<\/p>\n<p>Zaho de\u00a0Sagazan a interpell\u00e9 Emmanuel Macron sur Gaza dans un long message, lui enjoignant de passer \u00e0 l\u2019action.<\/p>\n<p class=\"asset asset-text\">GAZA &#8211; \u00ab\u00a0Monsieur le pr\u00e9sident, vous avez le pouvoir d\u2019agir, ayez le courage et la dignit\u00e9 de le faire.\u00a0\u00bb Ces mots, exc\u00e9d\u00e9s, sont ceux <a href=\"https:\/\/www.huffingtonpost.fr\/life\/article\/sept-a-huit-zaho-de-sagazan-evoque-son-experience-d-auxiliaire-de-vie-un-metier-ou-tu-es-toute-seule_241150.html\" target=\"_blank\" rel=\"noopener\">de Zaho de\u00a0Sagazan<\/a>. La chanteuse, visiblement lasse, appelle Emmanuel Macron \u00e0 l\u2019action pour venir en aide aux habitants de la bande de Gaza. Dans un long message post\u00e9 samedi 26\u00a0juillet sur Instagram, l\u2019interpr\u00e8te de La Symphonie des \u00e9clairs invite urgemment au sursaut.<\/p>\n<p class=\"asset asset-text\">\u00ab\u00a0Je ne peux plus chanter la beaut\u00e9 de la vie sans nommer l\u2019injustice qu\u2019on laisse s\u2019installer\u00a0\u00bb, \u00e9crit-elle, soulignant le d\u00e9sespoir que vit depuis des mois le peuple palestinien \u00e0 cause du gouvernement isra\u00e9lien \u00ab\u00a0dirig\u00e9 aujourd\u2019hui par une coalition d\u2019extr\u00eame droite\u00a0\u00bb.<\/p>\n<p class=\"asset asset-text\">\u00ab\u00a0Des enfants meurent de faim, des familles survivent sans eau, sans soins, sans abri, sous les d\u00e9combres de ce qui \u00e9tait hier encore leur ville. Une soci\u00e9t\u00e9 enti\u00e8re est en train d\u2019\u00eatre effac\u00e9e sous les yeux du monde et ce monde regarde ailleurs ou pire\u00a0: il justifie, relativise temporise\u00a0\u00bb, d\u00e9nonce l\u2019artiste.<\/p>\n<p> La lecture de ce contenu est susceptible d\u2019entra\u00eener un d\u00e9p\u00f4t de cookies de la part de l\u2019op\u00e9rateur tiers qui l\u2019h\u00e9berge. Compte-tenu des choix que vous avez exprim\u00e9s en mati\u00e8re de d\u00e9p\u00f4t de cookies, nous avons bloqu\u00e9 l\u2019affichage de ce contenu. Si vous souhaitez y acc\u00e9der, vous devez accepter la cat\u00e9gorie de cookies \u201cContenus tiers\u201d en cliquant sur le bouton ci-dessous. <\/p>\n<p> Lire la Vid\u00e9o        \u00ab\u00a0Ce n\u2019est pas de la haine, c\u2019est un appel \u00e0 la justice\u00a0\u00bb    <\/p>\n<p class=\"asset asset-text\">\u00c9voquant l\u2019horreur injustifiable des actes commis par le Hamas le 7\u00a0octobre\u00a02023 contre des civils isra\u00e9liens, Zaho de\u00a0Sagazan insiste\u00a0: cela ne peut \u00ab\u00a0servir d\u2019alibi \u00e0 un massacre sans fin, \u00e0 une vengeance forcen\u00e9e men\u00e9e contre tout un peuple d\u00e9j\u00e0 colonis\u00e9 et \u00e9cras\u00e9 depuis des d\u00e9cennies\u00a0\u00bb.<\/p>\n<p class=\"asset asset-text\">La jeune femme de 28\u00a0ans rappelle par ailleurs qu\u2019alors que Tel Aviv invoque le sort des otages isra\u00e9liens \u00e0 Gaza pour justifier ses actes, le gouvernement de Benjamin Netanyahu a lui-m\u00eame mis fin au cessez-le-feu qui permettait leur lib\u00e9ration.<\/p>\n<p class=\"asset asset-text\">Elle d\u00e9nonce les attaques d\u2019\u00e9coles, h\u00f4pitaux et quartiers civils, mais surtout le fait qu\u2019\u00ab\u00a0\u00e0 chaque d\u00e9nonciation de ces horreurs, on crie \u00e0 l\u2019antis\u00e9mitisme\u00a0\u00bb.<\/p>\n<p class=\"asset asset-text\">\u00ab\u00a0On ne peut pas continuer \u00e0 disqualifier toute parole critique par une accusation injuste.<br \/>Il ne s\u2019agit ni d\u2019attaquer un peuple, ni une religion, mais de d\u00e9noncer la politique g\u00e9nocidaire de Netanyahu et ceux qui la laissent faire. Ce n\u2019est pas de la haine, c\u2019est un appel \u00e0 la justice, \u00e0 la compassion et \u00e0 la dignit\u00e9\u00a0\u00bb, mart\u00e8le-t-elle.<\/p>\n<p>                     \u00ab\u00a0Nous ne sommes pas l\u00e0 pour enjoliver l\u2019inaction\u00a0\u00bb    <\/p>\n<p class=\"asset asset-text\">Emmanuel Macron a, selon elle, utilis\u00e9 \u00e0 plusieurs reprises son titre La Symphonie des \u00e9clairs dans sa communication. Tant qu\u2019il n\u2019aura pas fermement agi, elle demande que le pr\u00e9sident n\u2019en fasse plus usage. \u00ab\u00a0Ne d\u00e9corez pas votre communication avec mes chansons si par ailleurs vous laissez faire un massacre. Nous ne sommes pas l\u00e0 pour enjoliver l\u2019inaction\u00a0\u00bb, ass\u00e8ne-t-elle.<\/p>\n<p class=\"asset asset-text\">\u00ab\u00a0Vous avez le pouvoir d\u2019agir, ayez le courage et la dignit\u00e9 de le faire. Reconna\u00eetre l\u2019\u00c9tat palestinien est un geste symbolique n\u00e9cessaire, mais il ne suffit pas\u00a0\u00bb, poursuit la chanteuse, qui appelle \u00e0 des mesures concr\u00e8tes comme le fait d\u2019exiger un cessez-le-feu total, mettre fin \u00e0 la coop\u00e9ration militaire, d\u00e9bloquer l\u2019aide humanitaire et sanctionner les violations du droit international. \u00c0 noter que l\u2019acheminement de l\u2019aide humanitaire <a href=\"https:\/\/www.huffingtonpost.fr\/international\/article\/gaza-israel-annonce-une-pause-tactique-dans-plusieurs-zones-et-parachute-de-l-aide-humanitaire_253014.html\" target=\"_blank\" rel=\"noopener\">a repris ce dimanche 27\u00a0juillet apr\u00e8s pr\u00e8s de cinq mois de blocus<\/a>.<\/p>\n<p class=\"asset asset-text\">La publication de l\u2019artiste, r\u00e9compens\u00e9e aux Victoires de la musique dans la cat\u00e9gorie meilleure artiste, a \u00e9t\u00e9 \u00ab\u00a0lik\u00e9e\u00a0\u00bb plus de 600\u00a0000\u00a0fois en douze heures.<\/p>\n","protected":false},"excerpt":{"rendered":"Marc Piasecki \/ FilmMagic Zaho de\u00a0Sagazan a interpell\u00e9 Emmanuel Macron sur Gaza dans un long message, lui enjoignant&hellip;\n","protected":false},"author":2,"featured_media":277194,"comment_status":"","ping_status":"","sticky":false,"template":"","format":"standard","meta":{"footnotes":""},"categories":[4],"tags":[11,3259,251,1011,27,665,12,25,24152],"class_list":{"0":"post-277193","1":"post","2":"type-post","3":"status-publish","4":"format-standard","5":"has-post-thumbnail","7":"category-france","8":"tag-actualites","9":"tag-conflit-israelo-palestinien","10":"tag-culture","11":"tag-fr","12":"tag-france","13":"tag-gaza","14":"tag-news","15":"tag-republique-francaise","16":"tag-zaho-de-sagazan"},"share_on_mastodon":{"url":"https:\/\/pubeurope.com\/@fr\/114924717847577748","error":""},"_links":{"self":[{"href":"https:\/\/www.europesays.com\/fr\/wp-json\/wp\/v2\/posts\/277193","targetHints":{"allow":["GET"]}}],"collection":[{"href":"https:\/\/www.europesays.com\/fr\/wp-json\/wp\/v2\/posts"}],"about":[{"href":"https:\/\/www.europesays.com\/fr\/wp-json\/wp\/v2\/types\/post"}],"author":[{"embeddable":true,"href":"https:\/\/www.europesays.com\/fr\/wp-json\/wp\/v2\/users\/2"}],"replies":[{"embeddable":true,"href":"https:\/\/www.europesays.com\/fr\/wp-json\/wp\/v2\/comments?post=277193"}],"version-history":[{"count":0,"href":"https:\/\/www.europesays.com\/fr\/wp-json\/wp\/v2\/posts\/277193\/revisions"}],"wp:featuredmedia":[{"embeddable":true,"href":"https:\/\/www.europesays.com\/fr\/wp-json\/wp\/v2\/media\/277194"}],"wp:attachment":[{"href":"https:\/\/www.europesays.com\/fr\/wp-json\/wp\/v2\/media?parent=277193"}],"wp:term":[{"taxonomy":"category","embeddable":true,"href":"https:\/\/www.europesays.com\/fr\/wp-json\/wp\/v2\/categories?post=277193"},{"taxonomy":"post_tag","embeddable":true,"href":"https:\/\/www.europesays.com\/fr\/wp-json\/wp\/v2\/tags?post=277193"}],"curies":[{"name":"wp","href":"https:\/\/api.w.org\/{rel}","templated":true}]}}